{"id":1259875,"date":"2025-08-26T20:50:09","date_gmt":"2025-08-27T02:50:09","guid":{"rendered":"https:\/\/www.acapulcopress.com\/?p=1259875"},"modified":"2025-08-26T20:50:09","modified_gmt":"2025-08-27T02:50:09","slug":"no-tengo-ninguna-obligacion-personal-de-ser-austero-norona","status":"publish","type":"post","link":"https:\/\/www.acapulcopress.com\/index.php\/2025\/08\/26\/no-tengo-ninguna-obligacion-personal-de-ser-austero-norona\/","title":{"rendered":"\u201cNo tengo ninguna obligaci\u00f3n personal de ser austero\u201d: Noro\u00f1a"},"content":{"rendered":"<p>CHILPANCINGO * 26 de agosto 2025<br \/>\n<em>) <a href=\"https:\/\/latinus.us\/mexico\/2025\/8\/26\/no-tengo-ninguna-obligacion-de-ser-austero-dice-norona-por-criticas-su-residencia-de-12-millones-de-pesos-150424.html\" target=\"_blank\" rel=\"noopener\">LatinUs<\/a><\/em><br \/>\nLuego de las m\u00faltiples reacciones en redes sociales que cuestionan su incongruencia con la austeridad por haber adquirido una casa de 12 millones de pesos, Gerardo Fern\u00e1ndez Noro\u00f1a afirm\u00f3 que no tiene ninguna obligaci\u00f3n de ser austero, pues ahora con sus ingresos como legislador puede pagar esa propiedad.<\/p>\n<p>\u201cYo no tengo ninguna obligaci\u00f3n personal de ser austero. Yo era franciscano porque como hijo del pueblo est\u00e1bamos bien fregados de ingreso econ\u00f3mico. Y \u00e9ramos franciscanos, no porque quisi\u00e9ramos, sino porque esa era nuestra condici\u00f3n, \u00e9ramos pobres\u00bb, dijo.<\/p>\n<p>\u201cA ra\u00edz de la pandemia me fui a Tepoztl\u00e1n, rent\u00e9 esa casa, y ahora con los ingresos que tengo tuve condiciones para comprarla a cr\u00e9dito y la estoy pagando\u201d, sostuvo.<\/p>\n<p>Fern\u00e1ndez Noro\u00f1a convoc\u00f3 a una segunda conferencia de prensa, luego de las reacciones en redes sociales. Sin embargo, al ser cuestionado sobre d\u00f3nde se ubica la propiedad, cu\u00e1nto paga mensualmente, qu\u00e9 tipo de cr\u00e9dito contrat\u00f3, a cu\u00e1ntos a\u00f1os la adquiri\u00f3 y con qu\u00e9 instituci\u00f3n financiera, evit\u00f3 responder.<\/p>\n<p>\u201cPues podr\u00eda, pero no lo har\u00e9, pero ya dije que los invito cuando quieran. (\u2026) No estoy obligado, porque mientras m\u00e1s explicaciones les doy, m\u00e1s inciden, generan, pero estoy pagando un cr\u00e9dito, esa casa la adquir\u00ed a cr\u00e9dito y est\u00e1 ante notario p\u00fablico, y cualquiera que quiera hacer la investigaci\u00f3n lo puede encontrar\u201d, sostuvo.<\/p>\n<p>En la conferencia de prensa, Fern\u00e1ndez Noro\u00f1a cuestion\u00f3 que mientras \u00e9l s\u00ed declar\u00f3 sus bienes, otros senadores como el priista Manuel A\u00f1orve o el panista Ricardo Anaya reportaron cero propiedades.<\/p>\n<p>Pero se le cuestion\u00f3 que hay casos como la morenista Andrea Ch\u00e1vez, que tambi\u00e9n dijo no poseer ning\u00fan veh\u00edculo o casa, aunque dijo que ella tiene que responder.<\/p>\n<p>\u201cAlejandro Moreno C\u00e1rdenas no tiene ning\u00fan bien inmueble, no tiene ning\u00fan veh\u00edculo. Pobrecito, se viene en Uber, en Didi todos los d\u00edas. Tiene su super Volvo rojo en Metrob\u00fas llega aqu\u00ed a la esquina de Insurgente y Reforma. No tiene nada\u201d, cuestion\u00f3.<\/p>\n<p><em>) <a href=\"https:\/\/www.facebook.com\/acapulcopress\" target=\"_blank\" rel=\"noopener\">ACAPULCO PRESS<\/a> |<a href=\"https:\/\/www.facebook.com\/Steparious\" target=\"_blank\" rel=\"noopener\"> fb.me\/steparious<\/a><\/em><\/p>\n","protected":false},"excerpt":{"rendered":"<p>CHILPANCINGO * 26 de agosto 2025 ) LatinUs Luego de las m\u00faltiples reacciones en redes sociales que cuestionan su incongruencia con la austeridad por haber adquirido una casa de 12 millones de pesos, Gerardo Fern\u00e1ndez Noro\u00f1a afirm\u00f3 que no tiene ninguna obligaci\u00f3n de ser austero, pues ahora con sus ingresos como legislador puede pagar esa&#8230;<\/p>\n","protected":false},"author":1,"featured_media":1259876,"comment_status":"closed","ping_status":"open","sticky":false,"template":"","format":"standard","meta":{"footnotes":""},"categories":[1997],"tags":[],"class_list":["post-1259875","post","type-post","status-publish","format-standard","has-post-thumbnail","hentry","category-noticias-destacadas"],"_links":{"self":[{"href":"https:\/\/www.acapulcopress.com\/index.php\/wp-json\/wp\/v2\/posts\/1259875","targetHints":{"allow":["GET"]}}],"collection":[{"href":"https:\/\/www.acapulcopress.com\/index.php\/wp-json\/wp\/v2\/posts"}],"about":[{"href":"https:\/\/www.acapulcopress.com\/index.php\/wp-json\/wp\/v2\/types\/post"}],"author":[{"embeddable":true,"href":"https:\/\/www.acapulcopress.com\/index.php\/wp-json\/wp\/v2\/users\/1"}],"replies":[{"embeddable":true,"href":"https:\/\/www.acapulcopress.com\/index.php\/wp-json\/wp\/v2\/comments?post=1259875"}],"version-history":[{"count":1,"href":"https:\/\/www.acapulcopress.com\/index.php\/wp-json\/wp\/v2\/posts\/1259875\/revisions"}],"predecessor-version":[{"id":1259877,"href":"https:\/\/www.acapulcopress.com\/index.php\/wp-json\/wp\/v2\/posts\/1259875\/revisions\/1259877"}],"wp:featuredmedia":[{"embeddable":true,"href":"https:\/\/www.acapulcopress.com\/index.php\/wp-json\/wp\/v2\/media\/1259876"}],"wp:attachment":[{"href":"https:\/\/www.acapulcopress.com\/index.php\/wp-json\/wp\/v2\/media?parent=1259875"}],"wp:term":[{"taxonomy":"category","embeddable":true,"href":"https:\/\/www.acapulcopress.com\/index.php\/wp-json\/wp\/v2\/categories?post=1259875"},{"taxonomy":"post_tag","embeddable":true,"href":"https:\/\/www.acapulcopress.com\/index.php\/wp-json\/wp\/v2\/tags?post=1259875"}],"curies":[{"name":"wp","href":"https:\/\/api.w.org\/{rel}","templated":true}]}}