{"id":1259883,"date":"2025-08-29T10:25:34","date_gmt":"2025-08-29T16:25:34","guid":{"rendered":"https:\/\/www.acapulcopress.com\/?p=1259883"},"modified":"2025-08-30T10:57:39","modified_gmt":"2025-08-30T16:57:39","slug":"no-mas-quebrantamiento-del-tejido-social","status":"publish","type":"post","link":"https:\/\/www.acapulcopress.com\/index.php\/2025\/08\/29\/no-mas-quebrantamiento-del-tejido-social\/","title":{"rendered":"\u00a1No m\u00e1s quebrantamiento del tejido social!"},"content":{"rendered":"<p>Marem\u00e1gnum<br \/>\n\u00bb <a href=\"https:\/\/www.facebook.com\/ricardocastill01\" target=\"_blank\" rel=\"noopener\"><strong>RICARDO<\/strong> | <strong>CASTILLO BARRIENTOS<\/strong><\/a><\/p>\n<p>Este mi\u00e9rcoles 27, tuve la oportunidad de participar como panelista en la Mesa de Di\u00e1logo: \u201cCultura de paz y reconstrucci\u00f3n del tejido social\u201d, promovido por la Direcci\u00f3n General para el Bienestar y la Cohesi\u00f3n Social de la Secretar\u00eda del Bienestar, bajo la conducci\u00f3n de Blanca Leticia Salazar, jefa de Control, Informaci\u00f3n y Monitoreo a la Red.<\/p>\n<p>Tema relevante y trascendente por la vor\u00e1gine de violencia en el pa\u00eds y la entidad, a pesar de acciones sin precedentes contra la criminalidad, permaneciendo vigente no solo la alta percepci\u00f3n social, sino una realidad lacerante que viven innumerables familias.<\/p>\n<p>La generaci\u00f3n de las violencias es un fen\u00f3meno socio-econ\u00f3mico de alta virulencia, a causa de factores multidimensionales desencadenantes, con impacto en el quebrantamiento del tejido social.<\/p>\n<p>Las transgresiones en el hogar y entorno territorial, hacen impostergables respuestas certeras y a profundidad, mediante estrategias de prevenci\u00f3n social del delito o cualquier tipo de violencias, en una sociedad atemorizada por sucesos delictivos en sus barrios, colonias y comunidades, con bastante frecuencia.<\/p>\n<p>Este panorama requiere el forjamiento de una <strong>cultura de paz<\/strong> permanente y duradera, a trav\u00e9s de estrategias de participaci\u00f3n comunitaria, incluyendo a las v\u00edctimas, vecinos y segmentos organizados de la <strong>Sociedad Civil<\/strong>, en coordinaci\u00f3n con los responsables de \u00e1reas en la materia, de los tres \u00f3rdenes de gobierno.<\/p>\n<p>En M\u00e9xico y Guerrero, el desajuste del <strong>tejido social<\/strong> se ha acentuado de forma dram\u00e1tica, por la inoperancia de pol\u00edticas p\u00fablicas que atiendan con asertividad los centros neur\u00e1lgicos de mayor incidencia de sucesos violentos. Los gobiernos federal, estatal y municipal, tienen en sus estructuras infinidad de \u00e1reas de prevenci\u00f3n del delito, duplicadas o triplicadas, ni as\u00ed ofrecen resultados efectivos que coadyuven a una mejor y sana convivencia vecinal.<\/p>\n<p>El deterioro del <strong>tejido social<\/strong> tiene su origen en desequilibrios en el hogar, carencias econ\u00f3micas, bajo nivel educativo, falta de apoyo a actividades culturales, deportivas, educativas y recreativas, y el abandono o desaprovechamiento espacios p\u00fablicos comunitarios.<\/p>\n<p>Destaca la ineficacia reactiva de los cuerpos de seguridad p\u00fablica, al no garantizar el resguardo de una sociedad inerme y v\u00edctima, siendo la principal responsabilidad del gobierno salvaguardar y proteger a la sociedad en su conjunto.<\/p>\n<p>Para resultar factible la <strong>reconstrucci\u00f3n del tejido social<\/strong>, no bastan las fuerzas de seguridad (SEDENA, MARINA, Guardia Nacional, polic\u00edas Estatal y Municipal), se requieren pol\u00edticas p\u00fablicas horizontales que impulsen la participaci\u00f3n ciudadana.<\/p>\n<p>En suma, la aplicaci\u00f3n de una estrategia coordinada de los tres niveles de gobierno con los sectores y grupos organizados, incluyendo el religioso; en particular, los propios vecinos y v\u00edctimas, con atenci\u00f3n a \u00a0los contextos multifactorial y multisectorial, y \u00e9nfasis en la juventud, por resultar la m\u00e1s vulnerable de cooptaci\u00f3n o desviaci\u00f3n hacia actividades delictivas.<\/p>\n<p>Hago constar mi reconocimiento al maestro Angello Andr\u00f3nico Ba\u00f1os Terrazas, coordinador general de Capacitaci\u00f3n, Profesionalizaci\u00f3n e Investigaci\u00f3n de la Secret4ar\u00eda del Bienestar.<\/p>\n<p><strong>Marea Baja.-<\/strong> Vaya que el <em>chaparrito cabr\u00f3n<\/em>, Manuel A\u00f1orve Ba\u00f1os, perdi\u00f3 la brillante oportunidad de poner en pr\u00e1ctica sus ense\u00f1anzas de boxeo y conectar un gancho al h\u00edgado o un descont\u00f3n en la mand\u00edbula del boquiflojo senador Gerardo Fern\u00e1ndez Noro\u00f1a, lo tuvo que hacer <em>Kid Alito<\/em> Moreno, desde la m\u00e1s alta tribuna parlamentaria del pa\u00eds.<\/p>\n<p>El <em>chaparrito cabr\u00f3n<\/em> se vio muy lento, pues a \u00e9l correspond\u00eda como coordinador de los senadores del PRI, reclamarle al<em> nejo<\/em> de Noro\u00f1a el incumplimiento del acuerdo antes del final del periodo legislativo, y ante su lentitud, tuvo que entrarle a los guamazos el broncudo <em>Kid Alito<\/em>, quien desmadej\u00f3 en el primer round al vociferante senador que puso pies en polvorosa. El <em>chaparrito cabr\u00f3n<\/em> tiene la costumbre de aparecer en fotos de primera plana, pero en esta ocasi\u00f3n se hizo ojo de hormiga. \u00bfPor qu\u00e9 ser\u00eda?<\/p>\n<p><strong>Marea Alta.-<\/strong> Falt\u00f3 decir en mi entrega anterior, que en ambos gobiernos de \u00c1ngel Aguirre Rivero, incorpor\u00f3 a su administraci\u00f3n a dirigentes de izquierda del PRD, actualmente transfigurados en morenistas de gran calado y peso pol\u00edtico.<\/p>\n<p>Destacan la ex secretaria de Desarrollo Social, senadora Beatriz Mojica Morga, aspirante a la candidatura guinda al gobierno estatal, ex diputado Arturo Mart\u00ednez N\u00fa\u00f1ez, secretario de Arte y Cultura del CEN de <strong>MORENA<\/strong>, Alberto L\u00f3pez Rosas, ex Procurador de Justicia, Ram\u00f3n Almonte Borja, ex secretario de Seguridad P\u00fablica, Armando Chavarr\u00eda, delegado del INEA, el ex secretario de Salud, L\u00e1zaro Maz\u00f3n Alonso, Rosario Herrera, ex secretaria de la Mujer, ex rector Florentino Cruz Ram\u00edrez, Mart\u00edn Mora, ex subsecretario de Asuntos Agrarios, \u00d3scar Ch\u00e1vez, subsecretario de Organizaciones Sociales, Alejandra Frausto, ex secretaria de Cultura, con <strong>AHAR y AMLO<\/strong>, Graciela B\u00e1ez, ex secretaria de Turismo y muchos m\u00e1s, la mayor\u00eda de ellos militantes y dirigentes del partidazo en el poder.<\/p>\n<p><strong>Maremoto.-<\/strong>\u00a0 Van con todo para reforzar la seguridad p\u00fablica despu\u00e9s de la masacre de polic\u00edas comunitarios de la <strong>UPOEG<\/strong>, en una comunidad de Ayutla, donde perdieron la vida 13 personas y una docena de heridos.<\/p>\n<p>Ante el reclamo de la ciudadan\u00eda ayutlense y comunitarios, se puso en marcha el <strong>Operativo Interinstitucional Costa Chica Segura<\/strong>, desde las instalaciones del 48 Batall\u00f3n de Infanter\u00eda, en Cruz Grande, por acuerdo de la Mesa de Coordinaci\u00f3n para la Construcci\u00f3n de Paz, que preside la gobernadora Evelyn Salgado Pineda.<\/p>\n<p>El Operativo tiene como misi\u00f3n la detenci\u00f3n de \u201cLos Rusos\u201d y \u201cLos Ardillos\u201d, que mantienen una lucha encarnizada por el control de la regi\u00f3n y pacificar la zona. La acci\u00f3n polic\u00edaca fue puesta en marcha por el Gral. Ernesto Jos\u00e9 Zapata P\u00e9rez, comandante de la IX Regi\u00f3n Militar, y el subsecretario de Desarrollo Pol\u00edtico y Social, Francisco Rodr\u00edguez Cisneros, que constar\u00e1 de mas de <strong>600 elementos<\/strong> de la Guardia Nacional, Ej\u00e9rcito Mexicano, Polic\u00eda Estatal, Fiscal\u00edas del Estado y General de la Rep\u00fablica.<\/p>\n<p>) <a href=\"https:\/\/www.facebook.com\/acapulcopress\" target=\"_blank\" rel=\"noopener\">ACAPULCO PRESS<\/a> | <a href=\"https:\/\/www.facebook.com\/Steparious\" target=\"_blank\" rel=\"noopener\">fb.me\/steparious<\/a><\/p>\n","protected":false},"excerpt":{"rendered":"<p>Este mi\u00e9rcoles 27, tuve la oportunidad de participar como panelista en la Mesa de Di\u00e1logo: \u201cCultura de paz y reconstrucci\u00f3n del tejido social\u201d<\/p>\n","protected":false},"author":1,"featured_media":1259884,"comment_status":"closed","ping_status":"open","sticky":false,"template":"","format":"standard","meta":{"footnotes":""},"categories":[2071,1991],"tags":[],"class_list":["post-1259883","post","type-post","status-publish","format-standard","has-post-thumbnail","hentry","category-opinion-analisis-columnas","category-libertad-de-expresion"],"_links":{"self":[{"href":"https:\/\/www.acapulcopress.com\/index.php\/wp-json\/wp\/v2\/posts\/1259883","targetHints":{"allow":["GET"]}}],"collection":[{"href":"https:\/\/www.acapulcopress.com\/index.php\/wp-json\/wp\/v2\/posts"}],"about":[{"href":"https:\/\/www.acapulcopress.com\/index.php\/wp-json\/wp\/v2\/types\/post"}],"author":[{"embeddable":true,"href":"https:\/\/www.acapulcopress.com\/index.php\/wp-json\/wp\/v2\/users\/1"}],"replies":[{"embeddable":true,"href":"https:\/\/www.acapulcopress.com\/index.php\/wp-json\/wp\/v2\/comments?post=1259883"}],"version-history":[{"count":4,"href":"https:\/\/www.acapulcopress.com\/index.php\/wp-json\/wp\/v2\/posts\/1259883\/revisions"}],"predecessor-version":[{"id":1259888,"href":"https:\/\/www.acapulcopress.com\/index.php\/wp-json\/wp\/v2\/posts\/1259883\/revisions\/1259888"}],"wp:featuredmedia":[{"embeddable":true,"href":"https:\/\/www.acapulcopress.com\/index.php\/wp-json\/wp\/v2\/media\/1259884"}],"wp:attachment":[{"href":"https:\/\/www.acapulcopress.com\/index.php\/wp-json\/wp\/v2\/media?parent=1259883"}],"wp:term":[{"taxonomy":"category","embeddable":true,"href":"https:\/\/www.acapulcopress.com\/index.php\/wp-json\/wp\/v2\/categories?post=1259883"},{"taxonomy":"post_tag","embeddable":true,"href":"https:\/\/www.acapulcopress.com\/index.php\/wp-json\/wp\/v2\/tags?post=1259883"}],"curies":[{"name":"wp","href":"https:\/\/api.w.org\/{rel}","templated":true}]}}