{"id":1259889,"date":"2025-08-29T19:58:22","date_gmt":"2025-08-30T01:58:22","guid":{"rendered":"https:\/\/www.acapulcopress.com\/?p=1259889"},"modified":"2025-08-30T11:05:09","modified_gmt":"2025-08-30T17:05:09","slug":"dar-cobertura-total-a-vacuna-contra-sarampion-pide-diputada-lhurs","status":"publish","type":"post","link":"https:\/\/www.acapulcopress.com\/index.php\/2025\/08\/29\/dar-cobertura-total-a-vacuna-contra-sarampion-pide-diputada-lhurs\/","title":{"rendered":"Dar cobertura total a vacuna contra sarampi\u00f3n, pide diputada Lh\u00fcrs"},"content":{"rendered":"<p>CHILPANCINGO * 29 de agosto 2025<br \/>\n<em>) LXVI legislatura | Guerrero<\/em><br \/>\nLa Comisi\u00f3n Permanente de la LXIV Legislatura aprob\u00f3 un exhorto para que se cumpla con la cobertura total y efectiva de vacunaci\u00f3n contra el sarampi\u00f3n a los diferentes grupos de edades que deban ser inmunizados.<\/p>\n<p>La propuesta de acuerdo fue presentada por la diputada<strong> \u00c9rika Lorena L\u00fchrs Cort\u00e9s<\/strong>, quien expuso que recientemente autoridades de Salud confirmaron casos de sarampi\u00f3n en Guerrero, concentrados principalmente en la regi\u00f3n Monta\u00f1a.<\/p>\n<p>Dijo que el sarampi\u00f3n es una enfermedad viral y contagiosa que en la actualidad se cre\u00eda erradicada en el pa\u00eds, pero ha regresado con fuerza y hasta la \u00faltima actualizaci\u00f3n de agosto se contabilizaban 8,386 casos y lamentablemente 15 fallecimientos.<\/p>\n<p>Y es que refiri\u00f3 que la Organizaci\u00f3n Panamericana de la Salud ha reiterado la necesidad de que la cobertura de vacunaci\u00f3n sea entre los cero y los cuatro a\u00f1os de edad, y agreg\u00f3 que, aunque muchas personas pueden recuperarse sin complicaciones, el sarampi\u00f3n desde su inicio trae fiebre y comez\u00f3n, pero tambi\u00e9n puede derivar en neumon\u00eda, encefalitis e incluso la muerte.<\/p>\n<p>Por ello, la diputada considera pertinente que la Secretar\u00eda de Salud en Guerrero contin\u00fae en la ruta de la cobertura total y efectiva de vacunaci\u00f3n contra el sarampi\u00f3n, como una pol\u00edtica p\u00fablica prioritaria en este momento en la entidad. El exhorto fue aprobado por unanimidad.<\/p>\n<p><em>) <a href=\"https:\/\/www.facebook.com\/acapulcopress\" target=\"_blank\" rel=\"noopener\">ACAPULCO PRESS<\/a> | <a href=\"https:\/\/www.facebook.com\/Steparious\" target=\"_blank\" rel=\"noopener\">fb.me\/steparious<\/a><\/em><\/p>\n","protected":false},"excerpt":{"rendered":"<p>CHILPANCINGO * 29 de agosto 2025 ) LXVI legislatura | Guerrero La Comisi\u00f3n Permanente de la LXIV Legislatura aprob\u00f3 un exhorto para que se cumpla con la cobertura total y efectiva de vacunaci\u00f3n contra el sarampi\u00f3n a los diferentes grupos de edades que deban ser inmunizados. La propuesta de acuerdo fue presentada por la diputada&#8230;<\/p>\n","protected":false},"author":1,"featured_media":1259890,"comment_status":"closed","ping_status":"open","sticky":false,"template":"","format":"standard","meta":{"footnotes":""},"categories":[2037,61],"tags":[8036,16064],"class_list":["post-1259889","post","type-post","status-publish","format-standard","has-post-thumbnail","hentry","category-congreso-de-guerrero","category-legislacion","tag-erika-lorena-luhrs-cortes","tag-sarampion"],"_links":{"self":[{"href":"https:\/\/www.acapulcopress.com\/index.php\/wp-json\/wp\/v2\/posts\/1259889","targetHints":{"allow":["GET"]}}],"collection":[{"href":"https:\/\/www.acapulcopress.com\/index.php\/wp-json\/wp\/v2\/posts"}],"about":[{"href":"https:\/\/www.acapulcopress.com\/index.php\/wp-json\/wp\/v2\/types\/post"}],"author":[{"embeddable":true,"href":"https:\/\/www.acapulcopress.com\/index.php\/wp-json\/wp\/v2\/users\/1"}],"replies":[{"embeddable":true,"href":"https:\/\/www.acapulcopress.com\/index.php\/wp-json\/wp\/v2\/comments?post=1259889"}],"version-history":[{"count":1,"href":"https:\/\/www.acapulcopress.com\/index.php\/wp-json\/wp\/v2\/posts\/1259889\/revisions"}],"predecessor-version":[{"id":1259891,"href":"https:\/\/www.acapulcopress.com\/index.php\/wp-json\/wp\/v2\/posts\/1259889\/revisions\/1259891"}],"wp:featuredmedia":[{"embeddable":true,"href":"https:\/\/www.acapulcopress.com\/index.php\/wp-json\/wp\/v2\/media\/1259890"}],"wp:attachment":[{"href":"https:\/\/www.acapulcopress.com\/index.php\/wp-json\/wp\/v2\/media?parent=1259889"}],"wp:term":[{"taxonomy":"category","embeddable":true,"href":"https:\/\/www.acapulcopress.com\/index.php\/wp-json\/wp\/v2\/categories?post=1259889"},{"taxonomy":"post_tag","embeddable":true,"href":"https:\/\/www.acapulcopress.com\/index.php\/wp-json\/wp\/v2\/tags?post=1259889"}],"curies":[{"name":"wp","href":"https:\/\/api.w.org\/{rel}","templated":true}]}}