{"id":1259892,"date":"2025-08-28T17:13:46","date_gmt":"2025-08-28T23:13:46","guid":{"rendered":"https:\/\/www.acapulcopress.com\/?p=1259892"},"modified":"2025-08-30T11:21:32","modified_gmt":"2025-08-30T17:21:32","slug":"presentaron-en-crongreso-la-ponencia-envejecimiento-con-dignidad","status":"publish","type":"post","link":"https:\/\/www.acapulcopress.com\/index.php\/2025\/08\/28\/presentaron-en-crongreso-la-ponencia-envejecimiento-con-dignidad\/","title":{"rendered":"Presentaron en Crongreso la ponencia \u00abenvejecimiento con dignidad\u00bb"},"content":{"rendered":"<p>CHILPANCINGO * 28 de agosto 2025<br \/>\n<em>) LXVI legislatura | Guerrero<\/em><br \/>\nCon motivo del D\u00eda Nacional del Adulto Mayor, fecha que tambi\u00e9n se reconoce como el D\u00eda Nacional del Abuelo y la Abuela, en el Congreso del Estado de Guerrero a trav\u00e9s de la Comisi\u00f3n de Atenci\u00f3n a los Adultos Mayores, que preside el diputado <strong>Juan Valenzo Villanueva<\/strong>, se present\u00f3 este jueves la ponencia \u201cEnvejecimiento con Dignidad\u201d, impartida por la psic\u00f3loga Guadalupe Ponce Ozuna, para reconocer la importancia de este sector como un grupo resiliente, fuerte e importante de la sociedad.<\/p>\n<p>El diputado Juan Valenzo Villanueva dijo que el 28 de agosto, D\u00eda Nacional de las Personas Adultas Mayores, es una fecha para rendir homenaje a quienes con esfuerzo, trabajo y sabidur\u00eda han contribuido al desarrollo de la sociedad y de las familias. Destac\u00f3 que representan la experiencia, la memoria y los valores que fortalecen a las comunidades, por lo que es deber de todos garantizarles una vida digna y el pleno goce de sus derechos.<\/p>\n<p>Subray\u00f3 que esta conmemoraci\u00f3n busca reconocer a los adultos mayores como un grupo resiliente y valioso, recordando que cuentan con derechos fundamentales, entre ellos: a una vida libre de violencia y discriminaci\u00f3n, salud, alimentaci\u00f3n, educaci\u00f3n, trabajo digno, asistencia social y atenci\u00f3n preferente en los servicios p\u00fablicos y privados.<\/p>\n<p>Finalmente, llam\u00f3 a que no solo se celebre a los adultos mayores, sino que se asegure el respeto a sus derechos y una atenci\u00f3n integral que garantice una vejez plena y sana, afirmando que la forma en que se trate a este sector refleja el nivel democr\u00e1tico y social de un Estado.<\/p>\n<p>En su oportunidad, la diputada Mar\u00eda de Jes\u00fas Galeana Radilla, secretaria de la Comisi\u00f3n de Atenci\u00f3n a los Adultos Mayores, extern\u00f3 que las personas adultas mayores son la memoria viva de la historia, ejemplo de fortaleza y dignidad, y agradeci\u00f3 su paciencia, consejos y ense\u00f1anzas. Recalc\u00f3 que la sociedad tiene el compromiso de garantizarles respeto, cuidado y amor todos los d\u00edas, no solo en esta conmemoraci\u00f3n.<\/p>\n<p>El diputado H\u00e9ctor Suarez Basurto, vocal de la misma comisi\u00f3n, se congratul\u00f3 por el trabajo desarrollado por el diputado Juan Valenzo con este sector, que es fundamental y esencial en las familias por lo que se les debe reconocer todos los d\u00edas. Por ello, dijo que como parte de este reconocimiento se trabaja desde nivel federal en programas y pensiones para garantizar el envejecimiento con dignidad, bienestar y apoyar su econom\u00eda familiar.<\/p>\n<p>La diputada Violeta Mart\u00ednez Pacheco se sum\u00f3 al reconocimiento a los adultos mayores por ser la fortaleza y experiencia. Agreg\u00f3 que como diputadas y diputadas tienen el compromiso de seguir trabajando para garantizar su bienestar.<\/p>\n<p>Cerr\u00f3 las participaciones el presidente de la Junta de Coordinaci\u00f3n Pol\u00edtica, diputado Jes\u00fas Uri\u00f3stegui Garc\u00eda, quien recalc\u00f3 que el Congreso del Estado es la casa del pueblo y la LXIV Legislatura trabaja arduamente en favor de todos los sectores, especialmente los m\u00e1s vulnerables para garantizar mejores condiciones de vida a trav\u00e9s de una legislaci\u00f3n acorde a la realidad social que se vive.<\/p>\n<p>Muestra de ello, subray\u00f3, es la reciente aprobaci\u00f3n de la reforma al C\u00f3digo Penal del Estado para incrementar las penas de seis meses a tres a\u00f1os de prisi\u00f3n a quien teniendo la obligaci\u00f3n legal abandone a las personas adultas mayores y con discapacidad; reformas al C\u00f3digo Civil para proteger a los adultos mayores del delito de despojo; as\u00ed como seguir respaldando los diversos programas federales como muestra y compromiso con las y los adultos mayores de Guerrero y el pa\u00eds.<br \/>\nEste evento cont\u00f3 con la presencia de personas adultas mayores de Chilpancingo y del secretario t\u00e9cnico del Consejo Estatal de Poblaci\u00f3n, Felipe Ortiz Cruz.<\/p>\n<p><em>) <a href=\"http:\/\/fb.me\/acapulcopress\" target=\"_blank\" rel=\"noopener\">ACAPULCO PRESS<\/a> |<a href=\"http:\/\/fb.me\/steparious\" target=\"_blank\" rel=\"noopener\"> fb.me\/steparious<\/a><\/em><\/p>\n","protected":false},"excerpt":{"rendered":"<p>CHILPANCINGO * 28 de agosto 2025 ) LXVI legislatura | Guerrero Con motivo del D\u00eda Nacional del Adulto Mayor, fecha que tambi\u00e9n se reconoce como el D\u00eda Nacional del Abuelo y la Abuela, en el Congreso del Estado de Guerrero a trav\u00e9s de la Comisi\u00f3n de Atenci\u00f3n a los Adultos Mayores, que preside el diputado&#8230;<\/p>\n","protected":false},"author":1,"featured_media":1259893,"comment_status":"closed","ping_status":"open","sticky":false,"template":"","format":"standard","meta":{"footnotes":""},"categories":[2037,61],"tags":[18725,11235,18372],"class_list":["post-1259892","post","type-post","status-publish","format-standard","has-post-thumbnail","hentry","category-congreso-de-guerrero","category-legislacion","tag-dia-nacional-del-abuelo","tag-juan-valenzo-villanueva","tag-lxvi-legislatura-guerrero"],"_links":{"self":[{"href":"https:\/\/www.acapulcopress.com\/index.php\/wp-json\/wp\/v2\/posts\/1259892","targetHints":{"allow":["GET"]}}],"collection":[{"href":"https:\/\/www.acapulcopress.com\/index.php\/wp-json\/wp\/v2\/posts"}],"about":[{"href":"https:\/\/www.acapulcopress.com\/index.php\/wp-json\/wp\/v2\/types\/post"}],"author":[{"embeddable":true,"href":"https:\/\/www.acapulcopress.com\/index.php\/wp-json\/wp\/v2\/users\/1"}],"replies":[{"embeddable":true,"href":"https:\/\/www.acapulcopress.com\/index.php\/wp-json\/wp\/v2\/comments?post=1259892"}],"version-history":[{"count":1,"href":"https:\/\/www.acapulcopress.com\/index.php\/wp-json\/wp\/v2\/posts\/1259892\/revisions"}],"predecessor-version":[{"id":1259894,"href":"https:\/\/www.acapulcopress.com\/index.php\/wp-json\/wp\/v2\/posts\/1259892\/revisions\/1259894"}],"wp:featuredmedia":[{"embeddable":true,"href":"https:\/\/www.acapulcopress.com\/index.php\/wp-json\/wp\/v2\/media\/1259893"}],"wp:attachment":[{"href":"https:\/\/www.acapulcopress.com\/index.php\/wp-json\/wp\/v2\/media?parent=1259892"}],"wp:term":[{"taxonomy":"category","embeddable":true,"href":"https:\/\/www.acapulcopress.com\/index.php\/wp-json\/wp\/v2\/categories?post=1259892"},{"taxonomy":"post_tag","embeddable":true,"href":"https:\/\/www.acapulcopress.com\/index.php\/wp-json\/wp\/v2\/tags?post=1259892"}],"curies":[{"name":"wp","href":"https:\/\/api.w.org\/{rel}","templated":true}]}}