{"id":1259899,"date":"2025-09-01T19:27:35","date_gmt":"2025-09-02T01:27:35","guid":{"rendered":"https:\/\/www.acapulcopress.com\/?p=1259899"},"modified":"2025-09-01T19:28:50","modified_gmt":"2025-09-02T01:28:50","slug":"renacimiento-del-poder-judicial-para-recobrar-la-confianza","status":"publish","type":"post","link":"https:\/\/www.acapulcopress.com\/index.php\/2025\/09\/01\/renacimiento-del-poder-judicial-para-recobrar-la-confianza\/","title":{"rendered":"Renacimiento del Poder Judicial para recobrar la confianza"},"content":{"rendered":"<p>)<a href=\"https:\/\/www.facebook.com\/ricardocastill01\" target=\"_blank\" rel=\"noopener\"> <strong>Ricardo<\/strong> | <strong>Castillo Barrientos<\/strong><\/a><\/p>\n<p>La historia de M\u00e9xico tiene registradas fechas trascendentes por la importancia en etapas de procesos sociales o pol\u00edticos, y otros coyunturales desde su origen a la actualidad, marcando las diferentes \u00e9pocas de la sociedad mexicana.<\/p>\n<p>La presenta coyuntura marca un hito en el devenir hist\u00f3rico con la conformaci\u00f3n de la nueva <em>Suprema Corte de Justicia de la Naci\u00f3n (SCJN),<\/em> despu\u00e9s de un proceso electoral in\u00e9dito plagado de irregularidades por los famosos \u201cacordeones\u201d y la baja asistencia a las urnas, aunque muy superior a la decisi\u00f3n vertical del Presidente de la Rep\u00fablica y del Senado, en la designaci\u00f3n de los ministros y ministras de la Suprema Corte por \u201cdedazo\u201d.<\/p>\n<p>El<em> Instituto Nacional Electoral (INE)<\/em>, aprob\u00f3 el c\u00f3mputo final de12 millones 965, 574 electores, representando el 13% del padr\u00f3n electoral, en la primera elecci\u00f3n del Poder Judicial de la Federaci\u00f3n, generando fuertes controversias de dirigentes opositores y coment\u00f3cratas de medios de comunicaci\u00f3n y redes sociales.<\/p>\n<p>En su mayor\u00eda, los nuevos ministros y ministras tuvieron el aval de Morena y salieron adelante para formar parte de la instituci\u00f3n de justicia que ven\u00eda arrastrando vicios e irregularidades con una imagen deteriorada y la desaprobaci\u00f3n, por el distanciamiento con la sociedad mexicana, a excepci\u00f3n de grupos econ\u00f3micos favorecidos con las sentencias.<\/p>\n<p>Respecto a la formaci\u00f3n judicial de los nuevos juzgadores, se ha insistido en la carencia de s\u00f3lidas trayectorias en la materia, generando incertidumbre en la capacidad profesional a la hora de emitir sentencias sin sesgos pol\u00edticos.<\/p>\n<p>Sin embargo, habr\u00eda que otorgarse un voto de confianza en el renacimiento del \u00f3rgano judicial, conforme al estado de derecho que debe prevalecer en la Naci\u00f3n.<\/p>\n<p>El abogado de origen mixteco,<strong> Hugo Aguilar Ortiz<\/strong>, es el presidente de la SCJN, a partir de este d\u00eda, siendo el tercer personaje ind\u00edgena despu\u00e9s de Benito Ju\u00e1rez e Ignacio Manuel Altamirano, en presidir a la instituci\u00f3n de impartici\u00f3n de justicia m\u00e1s importante del pa\u00eds.<\/p>\n<p>El Poder Judicial de la Federaci\u00f3n est\u00e1 llamado a cumplir fielmente con los postulados de la Constituci\u00f3n de los Estados Unidos Mexicanos, a efecto de recobrar la confianza perdida en los anteriores juzgadores, con inclinaci\u00f3n al poder econ\u00f3mico, distantes a la voluntad popular.<\/p>\n<p>Es un anhelo que los tres Poderes de la Uni\u00f3n, se aboquen y coordinen para ofrecer al pueblo mexicano los mejores resultados en sus \u00e1mbitos de acci\u00f3n, dejando al margen los intereses partidistas y econ\u00f3micos siempre imperantes en la toma de decisiones.<\/p>\n<p><a href=\"https:\/\/www.acapulcopress.com\/wp-content\/uploads\/2025\/09\/nuevo-poder-judicila-2025.jpg\"><img loading=\"lazy\" decoding=\"async\" class=\"alignnone wp-image-1259901 size-full\" src=\"https:\/\/www.acapulcopress.com\/wp-content\/uploads\/2025\/09\/nuevo-poder-judicila-2025.jpg\" alt=\"\" width=\"1200\" height=\"750\" srcset=\"https:\/\/www.acapulcopress.com\/wp-content\/uploads\/2025\/09\/nuevo-poder-judicila-2025.jpg 1200w, https:\/\/www.acapulcopress.com\/wp-content\/uploads\/2025\/09\/nuevo-poder-judicila-2025-300x188.jpg 300w, https:\/\/www.acapulcopress.com\/wp-content\/uploads\/2025\/09\/nuevo-poder-judicila-2025-1024x640.jpg 1024w, https:\/\/www.acapulcopress.com\/wp-content\/uploads\/2025\/09\/nuevo-poder-judicila-2025-768x480.jpg 768w, https:\/\/www.acapulcopress.com\/wp-content\/uploads\/2025\/09\/nuevo-poder-judicila-2025-580x363.jpg 580w, https:\/\/www.acapulcopress.com\/wp-content\/uploads\/2025\/09\/nuevo-poder-judicila-2025-860x538.jpg 860w, https:\/\/www.acapulcopress.com\/wp-content\/uploads\/2025\/09\/nuevo-poder-judicila-2025-1160x725.jpg 1160w\" sizes=\"auto, (max-width: 1200px) 100vw, 1200px\" \/><\/a><\/p>\n<p><em>) <a href=\"http:\/\/fb.me\/acapulcopress\" target=\"_blank\" rel=\"noopener\">ACAPULCO PRESS<\/a> | <a href=\"http:\/\/fb.me\/steparious\" target=\"_blank\" rel=\"noopener\">fb.me\/steparious<\/a><\/em><\/p>\n","protected":false},"excerpt":{"rendered":"<p>La historia de M\u00e9xico tiene registradas fechas trascendentes por la importancia en etapas de procesos sociales o pol\u00edticos, y otros <\/p>\n","protected":false},"author":1,"featured_media":1259900,"comment_status":"closed","ping_status":"open","sticky":false,"template":"","format":"standard","meta":{"footnotes":""},"categories":[2071,1991],"tags":[18451,10337,12503,14697,15575,16935],"class_list":["post-1259899","post","type-post","status-publish","format-standard","has-post-thumbnail","hentry","category-opinion-analisis-columnas","category-libertad-de-expresion","tag-hugo-aguilar-ortiz","tag-instituto-nacional-electoral-ine","tag-maremagnum","tag-poder-judicial-de-la-federacion","tag-ricardo-castillo-barrientos","tag-suprema-corte-de-justicia-de-la-nacion-scjn"],"_links":{"self":[{"href":"https:\/\/www.acapulcopress.com\/index.php\/wp-json\/wp\/v2\/posts\/1259899","targetHints":{"allow":["GET"]}}],"collection":[{"href":"https:\/\/www.acapulcopress.com\/index.php\/wp-json\/wp\/v2\/posts"}],"about":[{"href":"https:\/\/www.acapulcopress.com\/index.php\/wp-json\/wp\/v2\/types\/post"}],"author":[{"embeddable":true,"href":"https:\/\/www.acapulcopress.com\/index.php\/wp-json\/wp\/v2\/users\/1"}],"replies":[{"embeddable":true,"href":"https:\/\/www.acapulcopress.com\/index.php\/wp-json\/wp\/v2\/comments?post=1259899"}],"version-history":[{"count":3,"href":"https:\/\/www.acapulcopress.com\/index.php\/wp-json\/wp\/v2\/posts\/1259899\/revisions"}],"predecessor-version":[{"id":1259904,"href":"https:\/\/www.acapulcopress.com\/index.php\/wp-json\/wp\/v2\/posts\/1259899\/revisions\/1259904"}],"wp:featuredmedia":[{"embeddable":true,"href":"https:\/\/www.acapulcopress.com\/index.php\/wp-json\/wp\/v2\/media\/1259900"}],"wp:attachment":[{"href":"https:\/\/www.acapulcopress.com\/index.php\/wp-json\/wp\/v2\/media?parent=1259899"}],"wp:term":[{"taxonomy":"category","embeddable":true,"href":"https:\/\/www.acapulcopress.com\/index.php\/wp-json\/wp\/v2\/categories?post=1259899"},{"taxonomy":"post_tag","embeddable":true,"href":"https:\/\/www.acapulcopress.com\/index.php\/wp-json\/wp\/v2\/tags?post=1259899"}],"curies":[{"name":"wp","href":"https:\/\/api.w.org\/{rel}","templated":true}]}}