{"id":1259911,"date":"2025-09-01T20:23:16","date_gmt":"2025-09-02T02:23:16","guid":{"rendered":"https:\/\/www.acapulcopress.com\/?p=1259911"},"modified":"2025-09-01T20:26:15","modified_gmt":"2025-09-02T02:26:15","slug":"evelyn-salgado-reconoce-liderazgo-historico-y-transformador-de-claudia-sheinbaum","status":"publish","type":"post","link":"https:\/\/www.acapulcopress.com\/index.php\/2025\/09\/01\/evelyn-salgado-reconoce-liderazgo-historico-y-transformador-de-claudia-sheinbaum\/","title":{"rendered":"Evelyn Salgado reconoce liderazgo hist\u00f3rico y transformador de Sheinbaum"},"content":{"rendered":"<p>CHILPANCINGO * 1 de septiembre 2025<br \/>\n<em>) Gobierno de Guerrero<\/em><br \/>\nLa gobernadora de Guerrero,<strong> Evelyn Salgado Pineda<\/strong>, asisti\u00f3 al Primer Informe de Gobierno de la presidenta de M\u00e9xico, <strong>Claudia <a href=\"https:\/\/www.acapulcopress.com\/wp-content\/uploads\/2025\/09\/Evelyn-Informe-Sheinbaum2.jpg\"><img loading=\"lazy\" decoding=\"async\" class=\"alignleft wp-image-1259913 size-cmsmasters-square-thumb\" src=\"https:\/\/www.acapulcopress.com\/wp-content\/uploads\/2025\/09\/Evelyn-Informe-Sheinbaum2-360x360.jpg\" alt=\"\" width=\"360\" height=\"360\" srcset=\"https:\/\/www.acapulcopress.com\/wp-content\/uploads\/2025\/09\/Evelyn-Informe-Sheinbaum2-360x360.jpg 360w, https:\/\/www.acapulcopress.com\/wp-content\/uploads\/2025\/09\/Evelyn-Informe-Sheinbaum2-150x150.jpg 150w, https:\/\/www.acapulcopress.com\/wp-content\/uploads\/2025\/09\/Evelyn-Informe-Sheinbaum2-70x70.jpg 70w\" sizes=\"auto, (max-width: 360px) 100vw, 360px\" \/><\/a>Sheinbaum Pardo<\/strong>, a quien reconoci\u00f3 por su liderazgo hist\u00f3rico para el pa\u00eds y por hacer de Guerrero una prioridad en la construcci\u00f3n del segundo piso de la Cuarta Transformaci\u00f3n.<\/p>\n<p>Salgado Pineda destac\u00f3 que este Informe refleja el inicio de una nueva etapa para el pa\u00eds marcada por acciones firmes que se traducen en bienestar, justicia y mayores oportunidades para las familias mexicanas.<\/p>\n<p>\u00abEl segundo piso de la<em> Cuarta Transformaci\u00f3n<\/em> avanza con rumbo claro y con el compromiso de seguir construyendo un M\u00e9xico m\u00e1s justo, igualitario y cercano al pueblo\u201d, expres\u00f3 la mandataria guerrerense.<\/p>\n<p>La gobernadora agradeci\u00f3 el respaldo de la presidenta Sheinbaum hacia Guerrero, subrayando que cada visita y acci\u00f3n de apoyo ha dejado huella en la entidad.<\/p>\n<p>\u201cEn Guerrero llevamos en el coraz\u00f3n cada visita, cada acci\u00f3n y cada muestra de apoyo que nos ha brindado desde el primer momento. Su cari\u00f1o y compromiso con nuestro pueblo se sienten en cada rinc\u00f3n del estado\u201d, se\u00f1al\u00f3 Salgado Pineda a nombre de las y los guerrerenses.<\/p>\n<p><a href=\"https:\/\/www.acapulcopress.com\/wp-content\/uploads\/2025\/09\/Evelyn-Informe-Sheinbaum6.jpg\"><img loading=\"lazy\" decoding=\"async\" class=\"alignleft size-full wp-image-1259917\" src=\"https:\/\/www.acapulcopress.com\/wp-content\/uploads\/2025\/09\/Evelyn-Informe-Sheinbaum6.jpg\" alt=\"\" width=\"1280\" height=\"918\" srcset=\"https:\/\/www.acapulcopress.com\/wp-content\/uploads\/2025\/09\/Evelyn-Informe-Sheinbaum6.jpg 1280w, https:\/\/www.acapulcopress.com\/wp-content\/uploads\/2025\/09\/Evelyn-Informe-Sheinbaum6-300x215.jpg 300w, https:\/\/www.acapulcopress.com\/wp-content\/uploads\/2025\/09\/Evelyn-Informe-Sheinbaum6-1024x734.jpg 1024w, https:\/\/www.acapulcopress.com\/wp-content\/uploads\/2025\/09\/Evelyn-Informe-Sheinbaum6-768x551.jpg 768w, https:\/\/www.acapulcopress.com\/wp-content\/uploads\/2025\/09\/Evelyn-Informe-Sheinbaum6-580x416.jpg 580w, https:\/\/www.acapulcopress.com\/wp-content\/uploads\/2025\/09\/Evelyn-Informe-Sheinbaum6-860x617.jpg 860w, https:\/\/www.acapulcopress.com\/wp-content\/uploads\/2025\/09\/Evelyn-Informe-Sheinbaum6-1160x832.jpg 1160w\" sizes=\"auto, (max-width: 1280px) 100vw, 1280px\" \/><\/a> <a href=\"https:\/\/www.acapulcopress.com\/wp-content\/uploads\/2025\/09\/Evelyn-Informe-Sheinbaum5.jpg\"><img loading=\"lazy\" decoding=\"async\" class=\"alignleft size-full wp-image-1259916\" src=\"https:\/\/www.acapulcopress.com\/wp-content\/uploads\/2025\/09\/Evelyn-Informe-Sheinbaum5.jpg\" alt=\"\" width=\"1280\" height=\"959\" srcset=\"https:\/\/www.acapulcopress.com\/wp-content\/uploads\/2025\/09\/Evelyn-Informe-Sheinbaum5.jpg 1280w, https:\/\/www.acapulcopress.com\/wp-content\/uploads\/2025\/09\/Evelyn-Informe-Sheinbaum5-300x225.jpg 300w, https:\/\/www.acapulcopress.com\/wp-content\/uploads\/2025\/09\/Evelyn-Informe-Sheinbaum5-1024x767.jpg 1024w, https:\/\/www.acapulcopress.com\/wp-content\/uploads\/2025\/09\/Evelyn-Informe-Sheinbaum5-768x575.jpg 768w, https:\/\/www.acapulcopress.com\/wp-content\/uploads\/2025\/09\/Evelyn-Informe-Sheinbaum5-580x435.jpg 580w, https:\/\/www.acapulcopress.com\/wp-content\/uploads\/2025\/09\/Evelyn-Informe-Sheinbaum5-860x644.jpg 860w, https:\/\/www.acapulcopress.com\/wp-content\/uploads\/2025\/09\/Evelyn-Informe-Sheinbaum5-1160x869.jpg 1160w\" sizes=\"auto, (max-width: 1280px) 100vw, 1280px\" \/><\/a> <a href=\"https:\/\/www.acapulcopress.com\/wp-content\/uploads\/2025\/09\/Evelyn-Informe-Sheinbaum3.jpg\"><img loading=\"lazy\" decoding=\"async\" class=\"alignleft size-full wp-image-1259914\" src=\"https:\/\/www.acapulcopress.com\/wp-content\/uploads\/2025\/09\/Evelyn-Informe-Sheinbaum3.jpg\" alt=\"\" width=\"1280\" height=\"884\" srcset=\"https:\/\/www.acapulcopress.com\/wp-content\/uploads\/2025\/09\/Evelyn-Informe-Sheinbaum3.jpg 1280w, https:\/\/www.acapulcopress.com\/wp-content\/uploads\/2025\/09\/Evelyn-Informe-Sheinbaum3-300x207.jpg 300w, https:\/\/www.acapulcopress.com\/wp-content\/uploads\/2025\/09\/Evelyn-Informe-Sheinbaum3-1024x707.jpg 1024w, https:\/\/www.acapulcopress.com\/wp-content\/uploads\/2025\/09\/Evelyn-Informe-Sheinbaum3-768x530.jpg 768w, https:\/\/www.acapulcopress.com\/wp-content\/uploads\/2025\/09\/Evelyn-Informe-Sheinbaum3-580x401.jpg 580w, https:\/\/www.acapulcopress.com\/wp-content\/uploads\/2025\/09\/Evelyn-Informe-Sheinbaum3-860x594.jpg 860w, https:\/\/www.acapulcopress.com\/wp-content\/uploads\/2025\/09\/Evelyn-Informe-Sheinbaum3-1160x801.jpg 1160w\" sizes=\"auto, (max-width: 1280px) 100vw, 1280px\" \/><\/a><\/p>\n<div style=\"width: 480px;\" class=\"wp-video\"><video class=\"wp-video-shortcode\" id=\"video-1259911-1\" width=\"480\" height=\"848\" preload=\"metadata\" controls=\"controls\"><source type=\"video\/mp4\" src=\"https:\/\/www.acapulcopress.com\/wp-content\/uploads\/2025\/09\/Evelyn-Informe-Sheinbaum.mp4?_=1\" \/><a href=\"https:\/\/www.acapulcopress.com\/wp-content\/uploads\/2025\/09\/Evelyn-Informe-Sheinbaum.mp4\">https:\/\/www.acapulcopress.com\/wp-content\/uploads\/2025\/09\/Evelyn-Informe-Sheinbaum.mp4<\/a><\/video><\/div>\n<p><em>) <a href=\"http:\/\/fb.me\/acapulcopress\" target=\"_blank\" rel=\"noopener\">ACAPULCO PRESS<\/a> | <a href=\"http:\/\/fb.me\/steparious\" target=\"_blank\" rel=\"noopener\">fb.me\/steparious<\/a><\/em><\/p>\n","protected":false},"excerpt":{"rendered":"<p>CHILPANCINGO * 1 de septiembre 2025 ) Gobierno de Guerrero La gobernadora de Guerrero, Evelyn Salgado Pineda, asisti\u00f3 al Primer Informe de Gobierno de la presidenta de M\u00e9xico, Claudia Sheinbaum Pardo, a quien reconoci\u00f3 por su liderazgo hist\u00f3rico para el pa\u00eds y por hacer de Guerrero una prioridad en la construcci\u00f3n del segundo piso de&#8230;<\/p>\n","protected":false},"author":1,"featured_media":1259915,"comment_status":"closed","ping_status":"open","sticky":false,"template":"","format":"standard","meta":{"footnotes":""},"categories":[1980,1983],"tags":[5853,6809,8251,9302],"class_list":["post-1259911","post","type-post","status-publish","format-standard","has-post-thumbnail","hentry","category-goverment-2","category-guerrerogob","tag-claudia-sheinbaum-pardo","tag-cuarta-transformacion","tag-evelyn-salgado-pineda","tag-gobierno-de-guerrero"],"_links":{"self":[{"href":"https:\/\/www.acapulcopress.com\/index.php\/wp-json\/wp\/v2\/posts\/1259911","targetHints":{"allow":["GET"]}}],"collection":[{"href":"https:\/\/www.acapulcopress.com\/index.php\/wp-json\/wp\/v2\/posts"}],"about":[{"href":"https:\/\/www.acapulcopress.com\/index.php\/wp-json\/wp\/v2\/types\/post"}],"author":[{"embeddable":true,"href":"https:\/\/www.acapulcopress.com\/index.php\/wp-json\/wp\/v2\/users\/1"}],"replies":[{"embeddable":true,"href":"https:\/\/www.acapulcopress.com\/index.php\/wp-json\/wp\/v2\/comments?post=1259911"}],"version-history":[{"count":2,"href":"https:\/\/www.acapulcopress.com\/index.php\/wp-json\/wp\/v2\/posts\/1259911\/revisions"}],"predecessor-version":[{"id":1259919,"href":"https:\/\/www.acapulcopress.com\/index.php\/wp-json\/wp\/v2\/posts\/1259911\/revisions\/1259919"}],"wp:featuredmedia":[{"embeddable":true,"href":"https:\/\/www.acapulcopress.com\/index.php\/wp-json\/wp\/v2\/media\/1259915"}],"wp:attachment":[{"href":"https:\/\/www.acapulcopress.com\/index.php\/wp-json\/wp\/v2\/media?parent=1259911"}],"wp:term":[{"taxonomy":"category","embeddable":true,"href":"https:\/\/www.acapulcopress.com\/index.php\/wp-json\/wp\/v2\/categories?post=1259911"},{"taxonomy":"post_tag","embeddable":true,"href":"https:\/\/www.acapulcopress.com\/index.php\/wp-json\/wp\/v2\/tags?post=1259911"}],"curies":[{"name":"wp","href":"https:\/\/api.w.org\/{rel}","templated":true}]}}