{"id":1259933,"date":"2025-09-02T18:22:52","date_gmt":"2025-09-03T00:22:52","guid":{"rendered":"https:\/\/www.acapulcopress.com\/?p=1259933"},"modified":"2025-09-02T18:29:30","modified_gmt":"2025-09-03T00:29:30","slug":"se-suma-guerrero-a-los-acuerdos-nacionales-de-seguridad-evelyn-salgado","status":"publish","type":"post","link":"https:\/\/www.acapulcopress.com\/index.php\/2025\/09\/02\/se-suma-guerrero-a-los-acuerdos-nacionales-de-seguridad-evelyn-salgado\/","title":{"rendered":"Se suma Guerrero a los acuerdos nacionales de seguridad | Evelyn Salgado"},"content":{"rendered":"<p>CIUDAD DE M\u00c9XICO * 2 de septiembre 2025<br \/>\n<em>) Gobierno de Guerrero<\/em><br \/>\nLa gobernadora <strong>Evelyn Salgado Pineda<\/strong> particip\u00f3 en la 51\u00aa sesi\u00f3n ordinaria del<em> Consejo Nacional de Seguridad P\u00fablica<\/em>, encabezada por la <a href=\"https:\/\/www.acapulcopress.com\/wp-content\/uploads\/2025\/09\/GRO-SEGURIDAD.jpg\"><img loading=\"lazy\" decoding=\"async\" class=\"alignleft wp-image-1259935 size-cmsmasters-square-thumb\" src=\"https:\/\/www.acapulcopress.com\/wp-content\/uploads\/2025\/09\/GRO-SEGURIDAD-360x360.jpg\" alt=\"\" width=\"360\" height=\"360\" srcset=\"https:\/\/www.acapulcopress.com\/wp-content\/uploads\/2025\/09\/GRO-SEGURIDAD-360x360.jpg 360w, https:\/\/www.acapulcopress.com\/wp-content\/uploads\/2025\/09\/GRO-SEGURIDAD-150x150.jpg 150w, https:\/\/www.acapulcopress.com\/wp-content\/uploads\/2025\/09\/GRO-SEGURIDAD-70x70.jpg 70w\" sizes=\"auto, (max-width: 360px) 100vw, 360px\" \/><\/a>presidenta de M\u00e9xico, <strong>Claudia Sheinbaum Pardo<\/strong>, junto con su Gabinete de Seguridad, en el que se acord\u00f3 fortalecer la coordinaci\u00f3n y las instituciones de seguridad p\u00fablica, sumando a Guerrero en los acuerdos nacionales para consolidar la disminuci\u00f3n de delitos en el pa\u00eds.<\/p>\n<p>Durante la sesi\u00f3n de trabajo, se destac\u00f3 que Guerrero se encuentra entre las entidades donde se ha registrado una reducci\u00f3n en homicidios, robo de veh\u00edculos y otros delitos de alto impacto, resultados que reflejan el trabajo conjunto entre Federaci\u00f3n, estado y municipios.<\/p>\n<p>El acuerdo aprobado por unanimidad establece que las y los gobernadores deber\u00e1n presentar ante sus Congresos locales, a m\u00e1s tardar en noviembre de 2025, iniciativas de reforma para armonizar su marco jur\u00eddico con la Ley General del Sistema Nacional de Seguridad P\u00fablica.<\/p>\n<p>Esto incluye tambi\u00e9n la legislaci\u00f3n en materia de desaparici\u00f3n forzada, desaparici\u00f3n cometida por particulares y el fortalecimiento del Sistema Nacional de B\u00fasqueda de Personas, lo que consolida la coordinaci\u00f3n entre la Federaci\u00f3n y los estados.<\/p>\n<p>La mandataria guerrerense subray\u00f3 que cada resoluci\u00f3n aprobada representa un paso m\u00e1s en la construcci\u00f3n de un pa\u00eds con mayor justicia y paz social.<\/p>\n<p><a href=\"https:\/\/www.acapulcopress.com\/wp-content\/uploads\/2025\/09\/GRO-SEGURIDAD.jpg\"><img loading=\"lazy\" decoding=\"async\" class=\"alignnone wp-image-1259935 size-full\" src=\"https:\/\/www.acapulcopress.com\/wp-content\/uploads\/2025\/09\/GRO-SEGURIDAD.jpg\" alt=\"\" width=\"959\" height=\"1280\" srcset=\"https:\/\/www.acapulcopress.com\/wp-content\/uploads\/2025\/09\/GRO-SEGURIDAD.jpg 959w, https:\/\/www.acapulcopress.com\/wp-content\/uploads\/2025\/09\/GRO-SEGURIDAD-300x400.jpg 300w, https:\/\/www.acapulcopress.com\/wp-content\/uploads\/2025\/09\/GRO-SEGURIDAD-767x1024.jpg 767w, https:\/\/www.acapulcopress.com\/wp-content\/uploads\/2025\/09\/GRO-SEGURIDAD-768x1025.jpg 768w, https:\/\/www.acapulcopress.com\/wp-content\/uploads\/2025\/09\/GRO-SEGURIDAD-580x774.jpg 580w, https:\/\/www.acapulcopress.com\/wp-content\/uploads\/2025\/09\/GRO-SEGURIDAD-860x1148.jpg 860w\" sizes=\"auto, (max-width: 959px) 100vw, 959px\" \/><\/a><br \/>\n<em>) <a href=\"http:\/\/fb.me\/acapulcopress\" target=\"_blank\" rel=\"noopener\">ACAPULCO PRESS<\/a> \/ <a href=\"http:\/\/fb.me\/steparious\" target=\"_blank\" rel=\"noopener\">fb.me\/steparious<\/a><\/em><\/p>\n","protected":false},"excerpt":{"rendered":"<p>CIUDAD DE M\u00c9XICO * 2 de septiembre 2025 ) Gobierno de Guerrero La gobernadora Evelyn Salgado Pineda particip\u00f3 en la 51\u00aa sesi\u00f3n ordinaria del Consejo Nacional de Seguridad P\u00fablica, encabezada por la presidenta de M\u00e9xico, Claudia Sheinbaum Pardo, junto con su Gabinete de Seguridad, en el que se acord\u00f3 fortalecer la coordinaci\u00f3n y las instituciones&#8230;<\/p>\n","protected":false},"author":1,"featured_media":1259940,"comment_status":"closed","ping_status":"open","sticky":false,"template":"","format":"standard","meta":{"footnotes":""},"categories":[1980,1983],"tags":[5853,6494,8251],"class_list":["post-1259933","post","type-post","status-publish","format-standard","has-post-thumbnail","hentry","category-goverment-2","category-guerrerogob","tag-claudia-sheinbaum-pardo","tag-consejo-nacional-de-seguridad-publica","tag-evelyn-salgado-pineda"],"_links":{"self":[{"href":"https:\/\/www.acapulcopress.com\/index.php\/wp-json\/wp\/v2\/posts\/1259933","targetHints":{"allow":["GET"]}}],"collection":[{"href":"https:\/\/www.acapulcopress.com\/index.php\/wp-json\/wp\/v2\/posts"}],"about":[{"href":"https:\/\/www.acapulcopress.com\/index.php\/wp-json\/wp\/v2\/types\/post"}],"author":[{"embeddable":true,"href":"https:\/\/www.acapulcopress.com\/index.php\/wp-json\/wp\/v2\/users\/1"}],"replies":[{"embeddable":true,"href":"https:\/\/www.acapulcopress.com\/index.php\/wp-json\/wp\/v2\/comments?post=1259933"}],"version-history":[{"count":1,"href":"https:\/\/www.acapulcopress.com\/index.php\/wp-json\/wp\/v2\/posts\/1259933\/revisions"}],"predecessor-version":[{"id":1259941,"href":"https:\/\/www.acapulcopress.com\/index.php\/wp-json\/wp\/v2\/posts\/1259933\/revisions\/1259941"}],"wp:featuredmedia":[{"embeddable":true,"href":"https:\/\/www.acapulcopress.com\/index.php\/wp-json\/wp\/v2\/media\/1259940"}],"wp:attachment":[{"href":"https:\/\/www.acapulcopress.com\/index.php\/wp-json\/wp\/v2\/media?parent=1259933"}],"wp:term":[{"taxonomy":"category","embeddable":true,"href":"https:\/\/www.acapulcopress.com\/index.php\/wp-json\/wp\/v2\/categories?post=1259933"},{"taxonomy":"post_tag","embeddable":true,"href":"https:\/\/www.acapulcopress.com\/index.php\/wp-json\/wp\/v2\/tags?post=1259933"}],"curies":[{"name":"wp","href":"https:\/\/api.w.org\/{rel}","templated":true}]}}