{"id":1259942,"date":"2025-09-02T19:05:12","date_gmt":"2025-09-03T01:05:12","guid":{"rendered":"https:\/\/www.acapulcopress.com\/?p=1259942"},"modified":"2025-09-02T19:08:48","modified_gmt":"2025-09-03T01:08:48","slug":"alentador-informe-de-claudia-la-imprevisible-corte-y-crisis-camaral","status":"publish","type":"post","link":"https:\/\/www.acapulcopress.com\/index.php\/2025\/09\/02\/alentador-informe-de-claudia-la-imprevisible-corte-y-crisis-camaral\/","title":{"rendered":"Alentador Informe de Claudia; la imprevisible Corte y crisis Camaral"},"content":{"rendered":"<p>\u00bb<a href=\"https:\/\/www.facebook.com\/ricardocastill01\" target=\"_blank\" rel=\"noopener\"> <strong>RICARDO<\/strong> | <strong>CASTILLO BARRIENTOS<\/strong><\/a><\/p>\n<p>Relevantes acontecimientos se han generado simult\u00e1neamente en los tres Poderes de la Uni\u00f3n, el mismo d\u00eda, -1\u00ba. de septiembre- ninguno menos importante en el marco de la pol\u00edtica a la mexicana, con particularidades semiol\u00f3gicas que distingue su praxis, a la de otras naciones democr\u00e1ticas<\/p>\n<p>En el curso de la ma\u00f1ana de ayer, la presidenta <strong>Claudia Sheinbaum Pardo<\/strong>, expreso un mensaje con motivo del primer a\u00f1o de gobierno, en realidad 11 meses de tareas gubernamentales traducidas en obras p\u00fablicas de diversa \u00edndole y programas sociales permanentes y los reci\u00e9n incorporados en la presente administraci\u00f3n p\u00fablica federal, en beneficio de mujeres; con \u201cresultados tangibles\u201d en atenci\u00f3n a la seguridad, salud, educaci\u00f3n, infraestructura carretera, bienestar social y desarrollo econ\u00f3mico mediante las inversiones p\u00fablica y privada.<\/p>\n<p>Nunca que se tenga memoria se hab\u00eda visto en un Informe Presidencial un c\u00famulo de obras de alto impacto de beneficio popular y reformas constitucionales, desde la \u00e9poca neoliberal al segundo piso de la Cuarta Transformaci\u00f3n, con decenas de hospitales, universidades, escuelas, miles de kil\u00f3metros de caminos y v\u00edas f\u00e9rreas, corredores industriales, distritos de riegos y muchas acciones m\u00e1s.<\/p>\n<p>En el \u00e1mbito de la seguridad asegur\u00f3 una severa ca\u00edda en homicidios dolosos, feminicidios, robo de autos y el combate extensivo a la extorsi\u00f3n, aunque se mantiene la percepci\u00f3n de una grave inseguridad ciudadana, debido a las v\u00edctimas fatales cotidianas acontecidas en el entorno social.<\/p>\n<p>En el \u00e1mbito del Poder Judicial de la Federaci\u00f3n se realiz\u00f3 la renovaci\u00f3n de 881 juzgadores, entre ministros, ministras, magistrados, magistradas, jueces y juezas, quienes juramentaron cumplir y hacer cumplir la Constituci\u00f3n General de los Estados Unidos Mexicanos.<\/p>\n<p>Existen grandes expectativas del desempe\u00f1o de los miembros de la Suprema Corte de Justicia de la Naci\u00f3n (SCJN), cuestionados por emerger de un proceso electoral enrarecido y la falta de experiencia en materia judicial.<\/p>\n<p>El nuevo titular de la SCJN, Hugo Aguilar Ortiz, abogado oaxaque\u00f1o de origen ind\u00edgena, se ha pronunciado por no continuar en la ruta al servicio del poder y del dinero, sino impartir justicia con imparcialidad y con preferencia a las clases sociales populares que se les ha negado.<\/p>\n<p>Mientras en la C\u00e1mara de Diputados federal se dan visos de una crisis constitucional, ante la renuencia del sector m\u00e1s duro de MORENA de entregar la presidencia del \u00f3rgano legislativo, a los personajes m\u00e1s recalcitrantes del PAN: Kenia L\u00f3pez, Margarita Zavala, Federico Doring y Germ\u00e1n Mart\u00ednez, cargo al que tienen derecho como segunda fuerza electoral.<\/p>\n<p>Esta crisis pol\u00edtica podr\u00eda resultar pasajera, si en un lapso de cinco d\u00edas se llega a un acuerdo con alguna nueva propuesta panista, que sea aceptada por la mayor\u00eda morenista, no estando dispuestos a ceder los diputados blanquiazules.<\/p>\n<p><em>) <a href=\"http:\/\/fb.me\/acapulcopress\" target=\"_blank\" rel=\"noopener\">ACAPULCO PRESS<\/a> \/ <a href=\"http:\/\/fb.me\/steparious\" target=\"_blank\" rel=\"noopener\">fb.me\/steparious<\/a><\/em><\/p>\n","protected":false},"excerpt":{"rendered":"<p>Relevantes acontecimientos se han generado simult\u00e1neamente en los tres Poderes de la Uni\u00f3n, el mismo d\u00eda, -1\u00ba. de septiembre-<\/p>\n","protected":false},"author":1,"featured_media":1259943,"comment_status":"closed","ping_status":"open","sticky":false,"template":"","format":"standard","meta":{"footnotes":""},"categories":[2071,1991],"tags":[5853,12503,15575],"class_list":["post-1259942","post","type-post","status-publish","format-standard","has-post-thumbnail","hentry","category-opinion-analisis-columnas","category-libertad-de-expresion","tag-claudia-sheinbaum-pardo","tag-maremagnum","tag-ricardo-castillo-barrientos"],"_links":{"self":[{"href":"https:\/\/www.acapulcopress.com\/index.php\/wp-json\/wp\/v2\/posts\/1259942","targetHints":{"allow":["GET"]}}],"collection":[{"href":"https:\/\/www.acapulcopress.com\/index.php\/wp-json\/wp\/v2\/posts"}],"about":[{"href":"https:\/\/www.acapulcopress.com\/index.php\/wp-json\/wp\/v2\/types\/post"}],"author":[{"embeddable":true,"href":"https:\/\/www.acapulcopress.com\/index.php\/wp-json\/wp\/v2\/users\/1"}],"replies":[{"embeddable":true,"href":"https:\/\/www.acapulcopress.com\/index.php\/wp-json\/wp\/v2\/comments?post=1259942"}],"version-history":[{"count":3,"href":"https:\/\/www.acapulcopress.com\/index.php\/wp-json\/wp\/v2\/posts\/1259942\/revisions"}],"predecessor-version":[{"id":1259946,"href":"https:\/\/www.acapulcopress.com\/index.php\/wp-json\/wp\/v2\/posts\/1259942\/revisions\/1259946"}],"wp:featuredmedia":[{"embeddable":true,"href":"https:\/\/www.acapulcopress.com\/index.php\/wp-json\/wp\/v2\/media\/1259943"}],"wp:attachment":[{"href":"https:\/\/www.acapulcopress.com\/index.php\/wp-json\/wp\/v2\/media?parent=1259942"}],"wp:term":[{"taxonomy":"category","embeddable":true,"href":"https:\/\/www.acapulcopress.com\/index.php\/wp-json\/wp\/v2\/categories?post=1259942"},{"taxonomy":"post_tag","embeddable":true,"href":"https:\/\/www.acapulcopress.com\/index.php\/wp-json\/wp\/v2\/tags?post=1259942"}],"curies":[{"name":"wp","href":"https:\/\/api.w.org\/{rel}","templated":true}]}}