{"id":1259950,"date":"2025-09-02T21:07:10","date_gmt":"2025-09-03T03:07:10","guid":{"rendered":"https:\/\/www.acapulcopress.com\/?p=1259950"},"modified":"2025-09-02T21:11:31","modified_gmt":"2025-09-03T03:11:31","slug":"fallecen-2-personas-tras-desplome-de-helicoptero-en-estado-de-mexico","status":"publish","type":"post","link":"https:\/\/www.acapulcopress.com\/index.php\/2025\/09\/02\/fallecen-2-personas-tras-desplome-de-helicoptero-en-estado-de-mexico\/","title":{"rendered":"Fallecen 2 personas tras desplome de helic\u00f3ptero en Estado de M\u00e9xico"},"content":{"rendered":"<p>JUCUITEPEC, Edomex * 2 de septiembre 2025<br \/>\n<em>) Agencias<br \/>\n<\/em>Un helic\u00f3ptero con matr\u00edcula XA-QST, de la fundaci\u00f3n <em>\u00c1ngel Flight M\u00e9xico,<\/em> pilotado por el Capit\u00e1n <strong>Raymundo Moreno<\/strong>, se desplom\u00f3 la <a href=\"https:\/\/www.acapulcopress.com\/wp-content\/uploads\/2025\/09\/HELICOPTERO2.jpg\"><img loading=\"lazy\" decoding=\"async\" class=\"alignleft wp-image-1259952 size-cmsmasters-square-thumb\" src=\"https:\/\/www.acapulcopress.com\/wp-content\/uploads\/2025\/09\/HELICOPTERO2-360x360.jpg\" alt=\"\" width=\"360\" height=\"360\" srcset=\"https:\/\/www.acapulcopress.com\/wp-content\/uploads\/2025\/09\/HELICOPTERO2-360x360.jpg 360w, https:\/\/www.acapulcopress.com\/wp-content\/uploads\/2025\/09\/HELICOPTERO2-150x150.jpg 150w, https:\/\/www.acapulcopress.com\/wp-content\/uploads\/2025\/09\/HELICOPTERO2-70x70.jpg 70w, https:\/\/www.acapulcopress.com\/wp-content\/uploads\/2025\/09\/HELICOPTERO2-878x880.jpg 878w\" sizes=\"auto, (max-width: 360px) 100vw, 360px\" \/><\/a>tarde de este martes sobre un campo de cultivo ubicado entre los l\u00edmites de los estados de M\u00e9xico y Morelos.<\/p>\n<p>En el percance fallecieron el piloto y el copiloto de la aeronave que presuntamente hab\u00eda partido de Iguala con destino a la Ciudad de M\u00e9xico,<\/p>\n<p>Hasta el momento se desconocen las causas que provocaron su ca\u00edda.<\/p>\n<p>No obstante, lo que se sabe es que el accidente ocurri\u00f3 sobre unos campos de cultivo en Tepetlixpa, Estado de M\u00e9xico.<\/p>\n<p>Testigos oculares narraron que lograron ver cuando la aeronave sobrevolaba a baja altura, con una evidente falla mecanica detectada por el ruido extra\u00f1o que se percib\u00eda.<\/p>\n<p>Al lugar de los acudieron elementos de la <em>Fiscal\u00eda del Estado de M\u00e9xico<\/em> y de la <em>Agencia Federal de Aviaci\u00f3n Civil,<\/em> quienes iniciaron las investigaciones correspondientes para determinar las causas del desplome.<\/p>\n<p>Personal del <em>Servicio M\u00e9dico Forense (Semefo)<\/em> y peritos criminalistas realizaron el levantamiento de los cuerpos, los cuales se hallan a\u00fan en calidad de desconocidos.<\/p>\n<p>) <a href=\"http:\/\/estigos lograron ver sobrevolar la aeronave a baja altura y con una evidente falla mecanica , esto al ruido extra\u00f1o que se percibia .\" target=\"_blank\" rel=\"noopener\">ACAPULCO PRESS<\/a> \/ <a href=\"http:\/\/fb.me\/steparious\" target=\"_blank\" rel=\"noopener\">fb.me\/steparious<\/a><\/p>\n","protected":false},"excerpt":{"rendered":"<p>JUCUITEPEC, Edomex * 2 de septiembre 2025 ) Agencias Un helic\u00f3ptero con matr\u00edcula XA-QST, de la fundaci\u00f3n \u00c1ngel Flight M\u00e9xico, pilotado por el Capit\u00e1n Raymundo Moreno, se desplom\u00f3 la tarde de este martes sobre un campo de cultivo ubicado entre los l\u00edmites de los estados de M\u00e9xico y Morelos. En el percance fallecieron el piloto&#8230;<\/p>\n","protected":false},"author":1,"featured_media":1259951,"comment_status":"closed","ping_status":"open","sticky":false,"template":"","format":"standard","meta":{"footnotes":""},"categories":[2080],"tags":[18726,18727],"class_list":["post-1259950","post","type-post","status-publish","format-standard","has-post-thumbnail","hentry","category-regiones-de-guerrero","tag-fundacion-angel-flight-mexico","tag-raymundo-moreno"],"_links":{"self":[{"href":"https:\/\/www.acapulcopress.com\/index.php\/wp-json\/wp\/v2\/posts\/1259950","targetHints":{"allow":["GET"]}}],"collection":[{"href":"https:\/\/www.acapulcopress.com\/index.php\/wp-json\/wp\/v2\/posts"}],"about":[{"href":"https:\/\/www.acapulcopress.com\/index.php\/wp-json\/wp\/v2\/types\/post"}],"author":[{"embeddable":true,"href":"https:\/\/www.acapulcopress.com\/index.php\/wp-json\/wp\/v2\/users\/1"}],"replies":[{"embeddable":true,"href":"https:\/\/www.acapulcopress.com\/index.php\/wp-json\/wp\/v2\/comments?post=1259950"}],"version-history":[{"count":1,"href":"https:\/\/www.acapulcopress.com\/index.php\/wp-json\/wp\/v2\/posts\/1259950\/revisions"}],"predecessor-version":[{"id":1259954,"href":"https:\/\/www.acapulcopress.com\/index.php\/wp-json\/wp\/v2\/posts\/1259950\/revisions\/1259954"}],"wp:featuredmedia":[{"embeddable":true,"href":"https:\/\/www.acapulcopress.com\/index.php\/wp-json\/wp\/v2\/media\/1259951"}],"wp:attachment":[{"href":"https:\/\/www.acapulcopress.com\/index.php\/wp-json\/wp\/v2\/media?parent=1259950"}],"wp:term":[{"taxonomy":"category","embeddable":true,"href":"https:\/\/www.acapulcopress.com\/index.php\/wp-json\/wp\/v2\/categories?post=1259950"},{"taxonomy":"post_tag","embeddable":true,"href":"https:\/\/www.acapulcopress.com\/index.php\/wp-json\/wp\/v2\/tags?post=1259950"}],"curies":[{"name":"wp","href":"https:\/\/api.w.org\/{rel}","templated":true}]}}