{"id":1259955,"date":"2025-09-03T16:14:56","date_gmt":"2025-09-03T22:14:56","guid":{"rendered":"https:\/\/www.acapulcopress.com\/?p=1259955"},"modified":"2025-09-03T16:17:35","modified_gmt":"2025-09-03T22:17:35","slug":"decisiones-verticales-complican-acapulco-se-transforma-contigo","status":"publish","type":"post","link":"https:\/\/www.acapulcopress.com\/index.php\/2025\/09\/03\/decisiones-verticales-complican-acapulco-se-transforma-contigo\/","title":{"rendered":"Decisiones verticales complican \u201cAcapulco se Transforma Contigo\u201d"},"content":{"rendered":"<p>Marem\u00e1gnum<br \/>\n\u00bb <a href=\"https:\/\/www.facebook.com\/ricardocastill01\" target=\"_blank\" rel=\"noopener\"><strong>RICARDO<\/strong> | <strong>CASTILLO BARRIENTOS<\/strong><\/a><\/p>\n<p>Con toda seguridad los altos mandos de la <em>Marina, Asipona<\/em> y el titular de<em> Fonatur,<\/em> <strong>Sebasti\u00e1n Ram\u00edrez<\/strong>, ha de haber pasados por sus privilegiadas mentes, que a los acapulque\u00f1os nada les embona y son malagradecidos con la presidenta<strong> Sheinbaum<\/strong> y con ellos mismos, por los m\u00faltiples beneficios y fuertes inversiones p\u00fablicas orientadas en proyectos y obras sociales.<\/p>\n<p>Como era de esperarse, las reacciones adversas nunca sobran por la falta de di\u00e1logo de las autoridades federales con algunos grupos sociales del sector tur\u00edstico. Los restauranteros de la Costera Miguel Alem\u00e1n se han quejado de los necesarios trabajos de rehabilitaci\u00f3n de banquetas a cargo de Fonatur, dentro del programa \u201cAcapulco se Transforma Contigo\u201d, pues advierten resultar afectados por el bloqueo de las entradas a sus negocios.<\/p>\n<p>Por su parte, los prestadores de servicios n\u00e1uticos consideran una competencia desleal la operaci\u00f3n del transporte mar\u00edtimo bautizado \u201c<strong>Marinab\u00fas<\/strong>\u201d, lo cual afectar\u00e1 sus ingresos pues muchos turistas preferir\u00e1n abordar esa embarcaci\u00f3n de bajo precio que contratar el servicio de lanchas a muy alto costo. De alguna forma, debieron considerarse participes en el magno proyecto tur\u00edstico para no resultar tan afectados.<\/p>\n<p>Los pobladores de Puerto Marqu\u00e9s no se han quedado atr\u00e1s, adoptando medidas dr\u00e1sticas como paralizar los trabajos de la terminal del \u201c<strong>Marinab\u00fas<\/strong>\u201d, en el muelle de ese popular balneario. En cambio, demandan el rescate de la <strong>Laguna Negra<\/strong>, en los buenos tiempos fue un gran atractivo para los visitantes, por los asombrosos recorridos naturales que se realizaban en ese cuerpo de agua, con presencia de lagartos y otras especies.<\/p>\n<p>En el fondo, la poblaci\u00f3n acapulque\u00f1a est\u00e1 de acuerdo con el apoyo del gobierno de la <strong>Cuarta Transformaci\u00f3n<\/strong>, originado por los desastres causados por los huracanes <em>Otis y John<\/em>, desafortunadamente, se imponen proyectos verticales desde el poder p\u00fablico, sin tomar en cuenta la opini\u00f3n y participaci\u00f3n de la <strong>Sociedad<\/strong> <strong>Civil<\/strong>, como sucedi\u00f3 con la modificaci\u00f3n del proyecto del \u201cJard\u00edn del Puerto\u201d, ante las fuertes protestas de colegios de profesionistas y grupos ambientalistas, Tuvo que intervenir la presidenta <strong>Claudia Sheinbaum<\/strong>, a fin de autorizar el<strong> 90% <\/strong>de \u00e1reas verdes y el 1<strong>0%<\/strong> para espacios comerciales.<\/p>\n<p>As\u00ed mismo, ha sucedido con la paralizaci\u00f3n de los trabajos de tres pozos radiales en el r\u00edo Papagayo, por integrantes del aguerrido Consejo de Ejidos y Comunidades Opositoras a la presa La Parota (<strong>CECOP<\/strong>), quej\u00e1ndose del fuerte impacto ambiental que afectar\u00eda a la agricultura de los habitantes de los Bienes Comunales de Cacahuatepec.<\/p>\n<p>En fin, las protestas y airadas reacciones nunca faltan por la <strong>inexistencia de di\u00e1logo<\/strong> entre la ciudadan\u00eda y el gobierno federal. Esperemos no suceda lo mismo que a finales de la d\u00e9cada de los a\u00f1os 60s, cuando se trat\u00f3 de instalar en la zona n\u00e1huatl de Mezcala, una gran planta armadora de veh\u00edculos<strong> Nissan<\/strong>, ante el rechazo de los pobladores tuvo que ubicarse en Cuernavaca.<\/p>\n<p><strong>Marea Baja.-<\/strong> Contin\u00faan los fuertes jaloneos en el Congreso del Estado por la disputa de la titularidad de la Junta de Coordinaci\u00f3n Pol\u00edtica (<strong>Jucopo<\/strong>), entre los diputados \u201c<em>Nu\u00f1istas<\/em>\u201d y \u201c<em>Salgadistas<\/em>\u201d.<\/p>\n<p>Los \u201c<em>Nu\u00f1istas<\/em>\u201d reclaman que ahora le corresponde a ellos, pues el actual coordinador Jes\u00fas Uri\u00f3stegui, ya finaliz\u00f3 su funci\u00f3n del primer a\u00f1o legislativo y no est\u00e1n dispuestos a ceder tan importante posici\u00f3n pol\u00edtica por ning\u00fan motivo y menos ahora que se avecina un nuevo proceso electoral de la renovaci\u00f3n de la gubernatura, C\u00e1mara de Diputados y presidencias municipales.<\/p>\n<p><strong>Marea Alta.-<\/strong> La violencia en Chilpancingo ha retornado con mayor fuerza con la presencia de homicidios en el r\u00edo Huacapa y en la transitada calle peatonal del centro de la capital, Emiliano Zapata.<\/p>\n<p>Los patrullajes de la <strong>Guardia Nacional<\/strong> est\u00e1n al orden del d\u00eda, y ni as\u00ed se evitan los cr\u00edmenes que mantienen preocupada a la poblaci\u00f3n capitalina. No se observa por ning\u00fan lado la aparici\u00f3n de la polic\u00eda municipal, tal parece que al alcalde Gustavo Alarc\u00f3n Herrera, le tiene sin cuidado porque tampoco es mucho lo que puede hacer.<\/p>\n<p><strong>Maremoto.-<\/strong> Digno de reconocerse el Manifiesto por la \u201cSeguridad, la Paz y la Reconstrucci\u00f3n del Tejido Social en Acapulco y Guerrero\u201d, del Colegio de Abogados del Estado de Guerrero, A. C, que preside el Maestro Ambrosio Hern\u00e1ndez Velazco.<\/p>\n<p>El colegio de profesionistas tiene propuestas espec\u00edficas y estrategias inmediatas para disminuir la inseguridad p\u00fablica; as\u00ed como propuestas para una gobernanza conjunta sociedad-empresarios-gobierno.<\/p>\n<p>Los abogados guerrerenses consideran que la inseguridad no se logra con discursos, ni con exhibiciones de fuerza, sino con estrategias integrales. coordinaci\u00f3n real y compromiso social.<\/p>\n<p><em>) <a href=\"http:\/\/fb.me\/acapulcopress\" target=\"_blank\" rel=\"noopener\">ACAPULCO PRESS<\/a> \/<a href=\"http:\/\/fb.me\/steparious\" target=\"_blank\" rel=\"noopener\"> fb.me\/steparious<\/a><\/em><\/p>\n<p>&nbsp;<\/p>\n","protected":false},"excerpt":{"rendered":"<p>Con toda seguridad los altos mandos de la Marina, Asipona y el titular de Fonatur, Sebasti\u00e1n Ram\u00edrez, ha de haber pasados por sus privilegiadas <\/p>\n","protected":false},"author":1,"featured_media":1259956,"comment_status":"closed","ping_status":"open","sticky":false,"template":"","format":"standard","meta":{"footnotes":""},"categories":[2071,1991],"tags":[18728,5851,8748,12503,12654,15575,18644],"class_list":["post-1259955","post","type-post","status-publish","format-standard","has-post-thumbnail","hentry","category-opinion-analisis-columnas","category-libertad-de-expresion","tag-asipona","tag-claudia-sheinbaum","tag-fonatur","tag-maremagnum","tag-marina","tag-ricardo-castillo-barrientos","tag-sebastian-ramirez"],"_links":{"self":[{"href":"https:\/\/www.acapulcopress.com\/index.php\/wp-json\/wp\/v2\/posts\/1259955","targetHints":{"allow":["GET"]}}],"collection":[{"href":"https:\/\/www.acapulcopress.com\/index.php\/wp-json\/wp\/v2\/posts"}],"about":[{"href":"https:\/\/www.acapulcopress.com\/index.php\/wp-json\/wp\/v2\/types\/post"}],"author":[{"embeddable":true,"href":"https:\/\/www.acapulcopress.com\/index.php\/wp-json\/wp\/v2\/users\/1"}],"replies":[{"embeddable":true,"href":"https:\/\/www.acapulcopress.com\/index.php\/wp-json\/wp\/v2\/comments?post=1259955"}],"version-history":[{"count":2,"href":"https:\/\/www.acapulcopress.com\/index.php\/wp-json\/wp\/v2\/posts\/1259955\/revisions"}],"predecessor-version":[{"id":1259958,"href":"https:\/\/www.acapulcopress.com\/index.php\/wp-json\/wp\/v2\/posts\/1259955\/revisions\/1259958"}],"wp:featuredmedia":[{"embeddable":true,"href":"https:\/\/www.acapulcopress.com\/index.php\/wp-json\/wp\/v2\/media\/1259956"}],"wp:attachment":[{"href":"https:\/\/www.acapulcopress.com\/index.php\/wp-json\/wp\/v2\/media?parent=1259955"}],"wp:term":[{"taxonomy":"category","embeddable":true,"href":"https:\/\/www.acapulcopress.com\/index.php\/wp-json\/wp\/v2\/categories?post=1259955"},{"taxonomy":"post_tag","embeddable":true,"href":"https:\/\/www.acapulcopress.com\/index.php\/wp-json\/wp\/v2\/tags?post=1259955"}],"curies":[{"name":"wp","href":"https:\/\/api.w.org\/{rel}","templated":true}]}}