{"id":1259959,"date":"2025-09-03T18:03:57","date_gmt":"2025-09-04T00:03:57","guid":{"rendered":"https:\/\/www.acapulcopress.com\/?p=1259959"},"modified":"2025-09-03T19:07:57","modified_gmt":"2025-09-04T01:07:57","slug":"gobernadora-entrego-37-sistemas-de-captacion-de-agua-de-lluvia","status":"publish","type":"post","link":"https:\/\/www.acapulcopress.com\/index.php\/2025\/09\/03\/gobernadora-entrego-37-sistemas-de-captacion-de-agua-de-lluvia\/","title":{"rendered":"Gobernadora entreg\u00f3 37 sistemas de captaci\u00f3n de agua de lluvia"},"content":{"rendered":"<p>ACAPULCO * 3 de septiembre 2025<br \/>\n<em>) Gobierno de Guerrero<\/em><br \/>\nEn una coordinaci\u00f3n de esfuerzos entre los tres \u00f3rdenes de gobierno y la iniciativa privada, la mandataria estatal, <strong>Evelyn Salgado Pineda<\/strong>, <a href=\"https:\/\/www.acapulcopress.com\/wp-content\/uploads\/2025\/09\/evelyn.agua14.jpg\"><img loading=\"lazy\" decoding=\"async\" class=\"alignleft wp-image-1259973 size-cmsmasters-square-thumb\" src=\"https:\/\/www.acapulcopress.com\/wp-content\/uploads\/2025\/09\/evelyn.agua14-360x360.jpg\" alt=\"\" width=\"360\" height=\"360\" srcset=\"https:\/\/www.acapulcopress.com\/wp-content\/uploads\/2025\/09\/evelyn.agua14-360x360.jpg 360w, https:\/\/www.acapulcopress.com\/wp-content\/uploads\/2025\/09\/evelyn.agua14-150x150.jpg 150w, https:\/\/www.acapulcopress.com\/wp-content\/uploads\/2025\/09\/evelyn.agua14-70x70.jpg 70w\" sizes=\"auto, (max-width: 360px) 100vw, 360px\" \/><\/a>entreg\u00f3 37 Sistemas de Captaci\u00f3n de Agua de Lluvia del programa \u201cEscuelas con Agua\u201d, beneficiando a m\u00e1s de 7 mil 600 estudiantes, de diferentes instituciones de los municipios de Acapulco, Atoyac y Coyuca de Ben\u00edtez. Con esta puesta en marcha, se fortalece la distribuci\u00f3n y acceso a este servicio b\u00e1sico, construyendo un entorno m\u00e1s digno y sostenible para mejorar las condiciones de desarrollo de las comunidades educativas.<\/p>\n<p>\u201cEste programa sin duda, fortalece a nuestras comunidades escolares y pone al bienestar de la ni\u00f1ez en el foco de todas las prioridades que tenemos, por todo lo que significa, porque una escuela con agua, es una escuela donde se aprende mejor y donde se construyen mejores oportunidades para las pr\u00f3ximas generaciones\u201d, expres\u00f3 la gobernadora.<\/p>\n<p>En el evento realizado en la Secundaria T\u00e9cnica No. 1 Juan de Dios B\u00e1tiz en Acapulco, la jefa del Ejecutivo estatal, agradeci\u00f3 la colaboraci\u00f3n de la iniciativa privada en este tipo de programas, que en coordinaci\u00f3n con la <em>Comisi\u00f3n Nacional del Agua (Conagua)<\/em>, la <em>Secretar\u00eda de Educaci\u00f3n Guerrero (SEG<\/em>) y los gobiernos municipales, contribuyen a la creaci\u00f3n de m\u00e1s y mejores oportunidades para las pr\u00f3ximas generaciones, en un entorno adecuado. Destac\u00f3 que se disminuir\u00e1 la dependencia de las pipas, convirtiendo a la escuela beneficiada, en un espacio autosustentable; el agua recolectada ser\u00e1 destinada para el <a href=\"https:\/\/www.acapulcopress.com\/wp-content\/uploads\/2025\/09\/evelyn.agua11.jpg\"><img loading=\"lazy\" decoding=\"async\" class=\"alignleft wp-image-1259970 size-cmsmasters-square-thumb\" src=\"https:\/\/www.acapulcopress.com\/wp-content\/uploads\/2025\/09\/evelyn.agua11-360x360.jpg\" alt=\"\" width=\"360\" height=\"360\" srcset=\"https:\/\/www.acapulcopress.com\/wp-content\/uploads\/2025\/09\/evelyn.agua11-360x360.jpg 360w, https:\/\/www.acapulcopress.com\/wp-content\/uploads\/2025\/09\/evelyn.agua11-150x150.jpg 150w, https:\/\/www.acapulcopress.com\/wp-content\/uploads\/2025\/09\/evelyn.agua11-70x70.jpg 70w\" sizes=\"auto, (max-width: 360px) 100vw, 360px\" \/><\/a>servicio en sanitarios, lavamanos, limpieza y riego.<\/p>\n<p>Luego de tomar protesta a los Comit\u00e9s integrados por alumnos, padres de familia y la comunidad educativa, la mandataria reiter\u00f3 el compromiso del gobierno del estado, para seguir impulsando este tipo de acciones, que fortalezcan la infraestructura escolar y que, garanticen que el agua se convierta en bienestar y futuro para la ni\u00f1ez y juventud.<\/p>\n<p>En su intervenci\u00f3n, el gerente de Innovaci\u00f3n y Fortalecimiento Institucional de Conagua, Am\u00edlcar Ganado D\u00edaz, resalt\u00f3 los esfuerzos encabezados por la presidenta de M\u00e9xico, Claudia Sheinbaum Pardo, en el marco del Acuerdo Nacional por el Derecho Humano al Agua y la Sustentabilidad, para lograr el acceso a este recurso, con una inversi\u00f3n hist\u00f3rica de m\u00e1s de 2 mil millones de pesos en infraestructura h\u00eddrica, que permitir\u00e1n grandes avances en este rubro.<\/p>\n<p>Durante su participaci\u00f3n, el director de Asuntos Corporativos y Gubernamentales de Coca-Cola M\u00e9xico, Aldo Castrej\u00f3n Gami\u00f1o, explic\u00f3 que el programa Escuelas con Agua, tiene impacto en 37 planteles de distintas regiones, beneficiando a m\u00e1s de 7 mil 600 estudiantes, logrando la captaci\u00f3n y utilizaci\u00f3n hasta el momento, de m\u00e1s de 787 mil litros de agua. \u201cLo que nos mueve, es el prop\u00f3sito de cerrar la brecha del acceso de agua segura en las escuelas que m\u00e1s lo necesitan. Esta iniciativa se suma a otras realizadas en el estado de Guerrero, como parte del compromiso social de la empresa\u201d, explic\u00f3.<\/p>\n<p>Enseguida, la gobernadora tom\u00f3 protesta a los comit\u00e9s que se encargar\u00e1n de vigilar el correcto uso y funcionamiento de estos sistemas.<\/p>\n<p>Asistieron a este acto, la presidenta municipal de Acapulco, Abelina L\u00f3pez Rodr\u00edguez; el secretario de Educaci\u00f3n Guerrero, Ricardo Castillo Pe\u00f1a; el director ejecutivo de Fundaci\u00f3n Coca-Cola M\u00e9xico, Rodrigo Feria Cano; la directora de la Secundaria T\u00e9cnica 1, Ana Lilia Orozco Res\u00e9ndiz; la alumna Itza\u00e9 Bel\u00e9n Alarc\u00f3n Justo, entre otros.<\/p>\n<p><a href=\"https:\/\/www.acapulcopress.com\/wp-content\/uploads\/2025\/09\/evelyn.agua12.jpg\"><img loading=\"lazy\" decoding=\"async\" class=\"alignnone wp-image-1259971 size-full\" src=\"https:\/\/www.acapulcopress.com\/wp-content\/uploads\/2025\/09\/evelyn.agua12.jpg\" alt=\"\" width=\"1280\" height=\"853\" srcset=\"https:\/\/www.acapulcopress.com\/wp-content\/uploads\/2025\/09\/evelyn.agua12.jpg 1280w, https:\/\/www.acapulcopress.com\/wp-content\/uploads\/2025\/09\/evelyn.agua12-300x200.jpg 300w, https:\/\/www.acapulcopress.com\/wp-content\/uploads\/2025\/09\/evelyn.agua12-1024x682.jpg 1024w, https:\/\/www.acapulcopress.com\/wp-content\/uploads\/2025\/09\/evelyn.agua12-768x512.jpg 768w, https:\/\/www.acapulcopress.com\/wp-content\/uploads\/2025\/09\/evelyn.agua12-580x387.jpg 580w, https:\/\/www.acapulcopress.com\/wp-content\/uploads\/2025\/09\/evelyn.agua12-860x573.jpg 860w, https:\/\/www.acapulcopress.com\/wp-content\/uploads\/2025\/09\/evelyn.agua12-1160x773.jpg 1160w\" sizes=\"auto, (max-width: 1280px) 100vw, 1280px\" \/><\/a><\/p>\n<p><a href=\"https:\/\/www.acapulcopress.com\/wp-content\/uploads\/2025\/09\/evelyn.agua5_.jpg\"><img loading=\"lazy\" decoding=\"async\" class=\"alignnone wp-image-1259964 size-full\" src=\"https:\/\/www.acapulcopress.com\/wp-content\/uploads\/2025\/09\/evelyn.agua5_.jpg\" alt=\"\" width=\"1280\" height=\"853\" srcset=\"https:\/\/www.acapulcopress.com\/wp-content\/uploads\/2025\/09\/evelyn.agua5_.jpg 1280w, https:\/\/www.acapulcopress.com\/wp-content\/uploads\/2025\/09\/evelyn.agua5_-300x200.jpg 300w, https:\/\/www.acapulcopress.com\/wp-content\/uploads\/2025\/09\/evelyn.agua5_-1024x682.jpg 1024w, https:\/\/www.acapulcopress.com\/wp-content\/uploads\/2025\/09\/evelyn.agua5_-768x512.jpg 768w, https:\/\/www.acapulcopress.com\/wp-content\/uploads\/2025\/09\/evelyn.agua5_-580x387.jpg 580w, https:\/\/www.acapulcopress.com\/wp-content\/uploads\/2025\/09\/evelyn.agua5_-860x573.jpg 860w, https:\/\/www.acapulcopress.com\/wp-content\/uploads\/2025\/09\/evelyn.agua5_-1160x773.jpg 1160w\" sizes=\"auto, (max-width: 1280px) 100vw, 1280px\" \/><\/a><br \/>\n<a href=\"https:\/\/www.acapulcopress.com\/wp-content\/uploads\/2025\/09\/evelyn.agua3_.jpg\"><img loading=\"lazy\" decoding=\"async\" class=\"alignnone wp-image-1259962 size-full\" src=\"https:\/\/www.acapulcopress.com\/wp-content\/uploads\/2025\/09\/evelyn.agua3_.jpg\" alt=\"\" width=\"1280\" height=\"853\" srcset=\"https:\/\/www.acapulcopress.com\/wp-content\/uploads\/2025\/09\/evelyn.agua3_.jpg 1280w, https:\/\/www.acapulcopress.com\/wp-content\/uploads\/2025\/09\/evelyn.agua3_-300x200.jpg 300w, https:\/\/www.acapulcopress.com\/wp-content\/uploads\/2025\/09\/evelyn.agua3_-1024x682.jpg 1024w, https:\/\/www.acapulcopress.com\/wp-content\/uploads\/2025\/09\/evelyn.agua3_-768x512.jpg 768w, https:\/\/www.acapulcopress.com\/wp-content\/uploads\/2025\/09\/evelyn.agua3_-580x387.jpg 580w, https:\/\/www.acapulcopress.com\/wp-content\/uploads\/2025\/09\/evelyn.agua3_-860x573.jpg 860w, https:\/\/www.acapulcopress.com\/wp-content\/uploads\/2025\/09\/evelyn.agua3_-1160x773.jpg 1160w\" sizes=\"auto, (max-width: 1280px) 100vw, 1280px\" \/><\/a><\/p>\n<p><em>) <a href=\"http:\/\/fb.me\/acapulcopress\" target=\"_blank\" rel=\"noopener\">Acapulco Press<\/a> \/<a href=\"http:\/\/fb.me\/steparious\" target=\"_blank\" rel=\"noopener\"> fb.me\/steparious<\/a><\/em><\/p>\n","protected":false},"excerpt":{"rendered":"<p>ACAPULCO * 3 de septiembre 2025 ) Gobierno de Guerrero En una coordinaci\u00f3n de esfuerzos entre los tres \u00f3rdenes de gobierno y la iniciativa privada, la mandataria estatal, Evelyn Salgado Pineda, entreg\u00f3 37 Sistemas de Captaci\u00f3n de Agua de Lluvia del programa \u201cEscuelas con Agua\u201d, beneficiando a m\u00e1s de 7 mil 600 estudiantes, de diferentes&#8230;<\/p>\n","protected":false},"author":1,"featured_media":1259969,"comment_status":"closed","ping_status":"open","sticky":false,"template":"","format":"standard","meta":{"footnotes":""},"categories":[2084,1980,1983],"tags":[6186,8251],"class_list":["post-1259959","post","type-post","status-publish","format-standard","has-post-thumbnail","hentry","category-administracion-publica","category-goverment-2","category-guerrerogob","tag-comision-nacional-del-agua-conagua","tag-evelyn-salgado-pineda"],"_links":{"self":[{"href":"https:\/\/www.acapulcopress.com\/index.php\/wp-json\/wp\/v2\/posts\/1259959","targetHints":{"allow":["GET"]}}],"collection":[{"href":"https:\/\/www.acapulcopress.com\/index.php\/wp-json\/wp\/v2\/posts"}],"about":[{"href":"https:\/\/www.acapulcopress.com\/index.php\/wp-json\/wp\/v2\/types\/post"}],"author":[{"embeddable":true,"href":"https:\/\/www.acapulcopress.com\/index.php\/wp-json\/wp\/v2\/users\/1"}],"replies":[{"embeddable":true,"href":"https:\/\/www.acapulcopress.com\/index.php\/wp-json\/wp\/v2\/comments?post=1259959"}],"version-history":[{"count":3,"href":"https:\/\/www.acapulcopress.com\/index.php\/wp-json\/wp\/v2\/posts\/1259959\/revisions"}],"predecessor-version":[{"id":1259976,"href":"https:\/\/www.acapulcopress.com\/index.php\/wp-json\/wp\/v2\/posts\/1259959\/revisions\/1259976"}],"wp:featuredmedia":[{"embeddable":true,"href":"https:\/\/www.acapulcopress.com\/index.php\/wp-json\/wp\/v2\/media\/1259969"}],"wp:attachment":[{"href":"https:\/\/www.acapulcopress.com\/index.php\/wp-json\/wp\/v2\/media?parent=1259959"}],"wp:term":[{"taxonomy":"category","embeddable":true,"href":"https:\/\/www.acapulcopress.com\/index.php\/wp-json\/wp\/v2\/categories?post=1259959"},{"taxonomy":"post_tag","embeddable":true,"href":"https:\/\/www.acapulcopress.com\/index.php\/wp-json\/wp\/v2\/tags?post=1259959"}],"curies":[{"name":"wp","href":"https:\/\/api.w.org\/{rel}","templated":true}]}}