{"id":1259996,"date":"2025-09-04T18:09:50","date_gmt":"2025-09-05T00:09:50","guid":{"rendered":"https:\/\/www.acapulcopress.com\/?p=1259996"},"modified":"2025-09-04T18:25:19","modified_gmt":"2025-09-05T00:25:19","slug":"la-certeza-politica-de-marco-tulio","status":"publish","type":"post","link":"https:\/\/www.acapulcopress.com\/index.php\/2025\/09\/04\/la-certeza-politica-de-marco-tulio\/","title":{"rendered":"La certeza pol\u00edtica de Marco Tulio"},"content":{"rendered":"<p>Tercera V\u00eda<br \/>\n\u00bb <a href=\"https:\/\/www.facebook.com\/profile.php?id=100029214670744\" target=\"_blank\" rel=\"noopener\"><strong>ERNESTO<\/strong> | <strong>RIVERA RODR\u00cdGUEZ<\/strong><\/a><\/p>\n<p>El trabajo legislativo y de acercamiento con las diferentes fracciones partidistas legislativas, es y han sido el incesante y permanente trabajo de filigrana pol\u00edtico, cualidades que el diputado<strong> Marco Tulio S\u00e1nchez Alarcon<\/strong>, como con el propio acercamiento pol\u00edtico y de gestoria con el presidente actual de la Jucopo, diputado Jes\u00fas Uriostegui, ha sido de firme certeza pol\u00edtica.<\/p>\n<p>Hacia el Cuarto a\u00f1o de gobierno de la gobernadora Evelyn Cesia Salgado Pineda, su administraci\u00f3n debe fortalecerse con el liderazgo de la LXIV Legislatura, con quien por su productividad pol\u00edtico legislativa desde la anterior Legislatura (LXIII), como lo ha patentizado el diputado Marco Tulio S\u00e1nchez, quien no s\u00f3lo ha mostrado capacidad pol\u00edtica, sino ejercido al encabezar la Comisi\u00f3n de desarrollo agropecuario y pesquero donde logr\u00f3 gestionar el incremento de recursos al campo.<\/p>\n<p>Ha mostrado en su interlocucion d\u00eda a d\u00eda ha abrazado con el inter\u00e9s genuino de un compa\u00f1ero de bancada morenista y respetuoso en el dialogo con los diputados de otros partidos, a quien le fue otorgado el reconocimiento de ser el diputado de la LXIV Legislatura Local, como el de mayor eficiencia y eficacia legislativa, con mayores iniciativas aprobadas, durante el primer a\u00f1o de trabajo legislativo.<\/p>\n<p>Al recibir esta Distinci\u00f3n el diputado Marco Tulio, se\u00f1al\u00f3 que este logro no representa un m\u00e9rito individual sino un compromiso renovado con las y los ciudadanos de Acapulco y Coyuca de Ben\u00edtez que lo eligieron como su representante.<\/p>\n<p>Las iniciativas presentadas en tribuna del diputado Marco Tulio S\u00e1nchez presentan una proyecci\u00f3n y visi\u00f3n de desarrollo para todo el estado de Guerrero, como las nuevas leyes de Movilidad y Uso de Tecnolog\u00edas para la Seguridad P\u00fablica. En la presente legislatura es Presidente de la Comisi\u00f3n de Desarrollo Econ\u00f3mico y Trabajo.<\/p>\n<p>Ha sido pertinente en el respeto de los tiempos de Morena, mostrando su calidad \u00e9tica ante y para su instituto pol\u00edtico, reforzada su aspiraci\u00f3n a convertirse en presidente de la Junta de Coordinaci\u00f3n Pol\u00edtica de la LXIV Legislatura Local, con el logro hist\u00f3rico de la Reforma a la Ley de Turismo.<\/p>\n<p><em>) <a href=\"http:\/\/fb.me\/acapulcopress\" target=\"_blank\" rel=\"noopener\">acapulcopress<\/a> \/ <a href=\"http:\/\/fb.me\/steparious\" target=\"_blank\" rel=\"noopener\">fb.me\/steparious<\/a><\/em><\/p>\n","protected":false},"excerpt":{"rendered":"<p>El trabajo legislativo y de acercamiento con las diferentes fracciones partidistas legislativas, es y han sido el incesante y permanente <\/p>\n","protected":false},"author":1,"featured_media":1259997,"comment_status":"closed","ping_status":"open","sticky":false,"template":"","format":"standard","meta":{"footnotes":""},"categories":[2071,1991],"tags":[8065,12491,17071],"class_list":["post-1259996","post","type-post","status-publish","format-standard","has-post-thumbnail","hentry","category-opinion-analisis-columnas","category-libertad-de-expresion","tag-ernesto-rodriguez-rivera","tag-marco-tulio-sanchez-alarcon","tag-tercera-via"],"_links":{"self":[{"href":"https:\/\/www.acapulcopress.com\/index.php\/wp-json\/wp\/v2\/posts\/1259996","targetHints":{"allow":["GET"]}}],"collection":[{"href":"https:\/\/www.acapulcopress.com\/index.php\/wp-json\/wp\/v2\/posts"}],"about":[{"href":"https:\/\/www.acapulcopress.com\/index.php\/wp-json\/wp\/v2\/types\/post"}],"author":[{"embeddable":true,"href":"https:\/\/www.acapulcopress.com\/index.php\/wp-json\/wp\/v2\/users\/1"}],"replies":[{"embeddable":true,"href":"https:\/\/www.acapulcopress.com\/index.php\/wp-json\/wp\/v2\/comments?post=1259996"}],"version-history":[{"count":3,"href":"https:\/\/www.acapulcopress.com\/index.php\/wp-json\/wp\/v2\/posts\/1259996\/revisions"}],"predecessor-version":[{"id":1260000,"href":"https:\/\/www.acapulcopress.com\/index.php\/wp-json\/wp\/v2\/posts\/1259996\/revisions\/1260000"}],"wp:featuredmedia":[{"embeddable":true,"href":"https:\/\/www.acapulcopress.com\/index.php\/wp-json\/wp\/v2\/media\/1259997"}],"wp:attachment":[{"href":"https:\/\/www.acapulcopress.com\/index.php\/wp-json\/wp\/v2\/media?parent=1259996"}],"wp:term":[{"taxonomy":"category","embeddable":true,"href":"https:\/\/www.acapulcopress.com\/index.php\/wp-json\/wp\/v2\/categories?post=1259996"},{"taxonomy":"post_tag","embeddable":true,"href":"https:\/\/www.acapulcopress.com\/index.php\/wp-json\/wp\/v2\/tags?post=1259996"}],"curies":[{"name":"wp","href":"https:\/\/api.w.org\/{rel}","templated":true}]}}