{"id":1260002,"date":"2025-09-05T17:54:51","date_gmt":"2025-09-05T23:54:51","guid":{"rendered":"https:\/\/www.acapulcopress.com\/?p=1260002"},"modified":"2025-09-05T17:54:51","modified_gmt":"2025-09-05T23:54:51","slug":"la-descontaminacion-de-la-laguna-negra-impostergable","status":"publish","type":"post","link":"https:\/\/www.acapulcopress.com\/index.php\/2025\/09\/05\/la-descontaminacion-de-la-laguna-negra-impostergable\/","title":{"rendered":"La descontaminaci\u00f3n de la Laguna Negra, impostergable\u00a0"},"content":{"rendered":"<p>Marem\u00e1gnum<br \/>\n\u00bb <a href=\"https:\/\/www.facebook.com\/ricardocastill01\" target=\"_blank\" rel=\"noopener\"><strong>RICARDO<\/strong> | <strong>CASTILLO BARRIENTOS<\/strong><\/a><\/p>\n<p>No les falta raz\u00f3n a los habitantes de Puerto Marqu\u00e9s de exigir el rescate de la <strong>Laguna Negra<\/strong>, en el olvido durante cinco decenios, otrora un gran atractivo tur\u00edstico en la \u00e9poca dorada de Acapulco, sitio de visita obligada en ese emblem\u00e1tico balneario popular.<\/p>\n<p>Pocas personas recuerdan lo fant\u00e1stico de los recorridos en barcazas por la enigm\u00e1tica laguna, era una aut\u00e9ntica aventura realizar la traves\u00eda en medio de manglares cuyas ramas acariciaban la faz de los paseantes que elud\u00edan con cierto temor por lo agreste de la vegetaci\u00f3n.<\/p>\n<p>El cuerpo de agua estaba obscurecido por los sedimentos del suelo fangoso y las ra\u00edces de mangles negros, sin que por eso estuviera contaminado, dando esa falsa impresi\u00f3n.<\/p>\n<p>Esta belleza natural marquesana se fue perdiendo paulatinamente al mostrar los primeros signos de contaminaci\u00f3n, a causa de los escurrimientos sanitarios debido al crecimiento poblacional y el surgimiento de colonias y fraccionamientos populares y privados en toda la zona aleda\u00f1a a Puerto Marqu\u00e9s.<\/p>\n<p>Algunos ciudadanos y dirigentes como la regidora \u00c1ngela Palma, han manifestado gran inter\u00e9s por revivir la <strong>Laguna Negra<\/strong> y convertirla de nuevo en atractivo tur\u00edstico, una vez se libere de contaminantes, responsabilidad que ata\u00f1e a la Secretar\u00eda del Medio Ambiente y Recursos Naturales (<strong>SEMARNAT<\/strong>), al Ayuntamiento y al Gobierno del Estado.<\/p>\n<p>El proyecto de rescate en apariencia se observa imposible por el terrible da\u00f1o del cuerpo lagunar, sin embargo, existen r\u00edos, lagunas y mares, en M\u00e9xico y en otros pa\u00edses, que han sido descontaminados y preservados para el mejoramiento del medio ambiente.<\/p>\n<p>La medida transitoria de los pobladores del centro tur\u00edstico tuvo la intenci\u00f3n de hacer un en\u00e9rgico llamado al gobierno federal para la remediaci\u00f3n de la <strong>Laguna Negra <\/strong>y se evite por todos medios las <strong>descargas de aguas negras<\/strong> con plantas tratadoras en toda la zona aleda\u00f1a.<\/p>\n<p>En el puerto de Acapulco se est\u00e1 proyectando con altibajos una transformaci\u00f3n que podr\u00eda reubicarlo como un destino tur\u00edstico con mayor aceptaci\u00f3n a nivel nacional e internacional, si se concretan de manera responsable y eficiente, los proyectos de fuertes inversiones autorizados por la presidenta Claudia Sheinbaum, dentro del ambicioso programa \u201cAcapulco se Transforma Contigo\u201d, bajo la coordinaci\u00f3n del Fondo Nacional de Turismo (<strong>FONATUR<\/strong>).<\/p>\n<p>Para la mejor cristalizaci\u00f3n de los objetivos y metas, y evitar desaguisados, es muy necesaria la participaci\u00f3n democr\u00e1tica ciudadana y no quedar como \u201cconvidados de piedra\u201d, en gobierno de la 4T.<\/p>\n<p><strong>Marea Baja.-<\/strong> Todo listo para que la gobernadora Evelyn Salgado Pineda rinda el <strong>Cuarto Informe de Gobierno<\/strong>, en el Auditorio Sentimientos de la Naci\u00f3n, este viernes 5 de septiembre a partir de las once horas.<\/p>\n<p>El Informe tiene fines informativos y rendici\u00f3n de cuentas a la ciudadan\u00eda, en cumplimiento de los principios de transparencia y legalidad, enmarcados en la Constituci\u00f3n Pol\u00edtica del Estado de Guerrero.<\/p>\n<p>Se espera un Informe detallado de los trabajos y acciones de gobierno emprendidas durante el \u00faltimo a\u00f1o, donde habr\u00eda que destacar el decidido apoyo brindado a la entidad por la presidenta Claudia Sheinbaum Pardo, debido a la estrecha coordinaci\u00f3n que mantiene con la mandataria estatal.<\/p>\n<p><strong>Marea Alta.-<\/strong> Una alcaldesa de la Costa Grande y un alcalde de la regi\u00f3n Norte, le est\u00e1n echando toda la carne al asador, desplegando intensas actividades de beneficio social, que han merecido el reconocimiento de la sociedad azuetense e igualteca.<\/p>\n<p>Se trata de la alcaldesa priista de Zihuatanejo, Lizette Tapia Castro y del alcalde de Iguala, Erik Catal\u00e1n Rendon, del PVEM-MORENA, quienes se est\u00e1n ganando a pulso el apoyo popular, por las diversas obras y programas sociales que vienen desarrollando.<\/p>\n<p><strong>Maremoto.-<\/strong> La presidenta del Grupo Solidaridad de Acapulco, A. C., Valeria Mart\u00ednez Salazar, se llev\u00f3 las palmas con la invitaci\u00f3n formulada al dos veces ex gobernador \u00c1ngel Aguirre Rivero, qui\u00e9n departi\u00f3 ayer con los asociados, en un ambiente de camarader\u00eda y expectaci\u00f3n por el di\u00e1logo cordial que se mantuvo en el seno de la sesi\u00f3n ordinaria, en un hotel de la Costera Miguel Alem\u00e1n.<\/p>\n<p>Aguirre Rivero se pronunci\u00f3 por el esclarecimiento del caso Ayotzinapa y sobre el obsequio que hizo a la presidenta Sheinbaum, como un gesto de cordialidad y cortes\u00eda por su visita a la naci\u00f3n amuzga.<\/p>\n<p>Narr\u00f3 tambi\u00e9n algunos aspectos relevantes de su trayectoria pol\u00edtica, salpicada de amenas an\u00e9cdotas ocurridas durante sus responsabilidades pol\u00edticas, tanto de funcionarios p\u00fablicos como personajes de origen popular.<\/p>\n<p>Se generaron preguntas de todo tipo, las cuales fueron respondidas puntualmente, dejando un grato sabor de boca de los asistentes que no dejaron nada en el tintero.<br \/>\n<em>) <a href=\"http:\/\/fb.me\/acapulcopress\" target=\"_blank\" rel=\"noopener\">acapulcopress<\/a> \/ <a href=\"http:\/\/fb.me\/steparious\" target=\"_blank\" rel=\"noopener\">fb.me\/steparious<\/a><\/em><\/p>\n","protected":false},"excerpt":{"rendered":"<p>No les falta raz\u00f3n a los habitantes de Puerto Marqu\u00e9s de exigir el rescate de la Laguna Negra, en el olvido durante cinco decenios,<\/p>\n","protected":false},"author":1,"featured_media":1260003,"comment_status":"closed","ping_status":"open","sticky":false,"template":"","format":"standard","meta":{"footnotes":""},"categories":[2071,1991],"tags":[11670,12503,15575],"class_list":["post-1260002","post","type-post","status-publish","format-standard","has-post-thumbnail","hentry","category-opinion-analisis-columnas","category-libertad-de-expresion","tag-laguna-negra-de-puerto-marques","tag-maremagnum","tag-ricardo-castillo-barrientos"],"_links":{"self":[{"href":"https:\/\/www.acapulcopress.com\/index.php\/wp-json\/wp\/v2\/posts\/1260002","targetHints":{"allow":["GET"]}}],"collection":[{"href":"https:\/\/www.acapulcopress.com\/index.php\/wp-json\/wp\/v2\/posts"}],"about":[{"href":"https:\/\/www.acapulcopress.com\/index.php\/wp-json\/wp\/v2\/types\/post"}],"author":[{"embeddable":true,"href":"https:\/\/www.acapulcopress.com\/index.php\/wp-json\/wp\/v2\/users\/1"}],"replies":[{"embeddable":true,"href":"https:\/\/www.acapulcopress.com\/index.php\/wp-json\/wp\/v2\/comments?post=1260002"}],"version-history":[{"count":1,"href":"https:\/\/www.acapulcopress.com\/index.php\/wp-json\/wp\/v2\/posts\/1260002\/revisions"}],"predecessor-version":[{"id":1260004,"href":"https:\/\/www.acapulcopress.com\/index.php\/wp-json\/wp\/v2\/posts\/1260002\/revisions\/1260004"}],"wp:featuredmedia":[{"embeddable":true,"href":"https:\/\/www.acapulcopress.com\/index.php\/wp-json\/wp\/v2\/media\/1260003"}],"wp:attachment":[{"href":"https:\/\/www.acapulcopress.com\/index.php\/wp-json\/wp\/v2\/media?parent=1260002"}],"wp:term":[{"taxonomy":"category","embeddable":true,"href":"https:\/\/www.acapulcopress.com\/index.php\/wp-json\/wp\/v2\/categories?post=1260002"},{"taxonomy":"post_tag","embeddable":true,"href":"https:\/\/www.acapulcopress.com\/index.php\/wp-json\/wp\/v2\/tags?post=1260002"}],"curies":[{"name":"wp","href":"https:\/\/api.w.org\/{rel}","templated":true}]}}