{"id":1260038,"date":"2025-09-05T20:32:11","date_gmt":"2025-09-06T02:32:11","guid":{"rendered":"https:\/\/www.acapulcopress.com\/?p=1260038"},"modified":"2025-09-05T20:34:06","modified_gmt":"2025-09-06T02:34:06","slug":"viruela-simica-deja-de-ser-emergencia-de-salud-global","status":"publish","type":"post","link":"https:\/\/www.acapulcopress.com\/index.php\/2025\/09\/05\/viruela-simica-deja-de-ser-emergencia-de-salud-global\/","title":{"rendered":"Viruela s\u00edmica deja de ser emergencia de salud global"},"content":{"rendered":"<p>GINEBRA * 5 de septiembre 2025<br \/>\n<em>) <a href=\"https:\/\/apnews.com\/article\/viruela-simica-mpox-emergencia-oms-b0d039e7f1f9359c62b839621a431c7d\" target=\"_blank\" rel=\"noopener\">AP<\/a><br \/>\n<\/em>La <em>Organizaci\u00f3n Mundial de la Salud<\/em> ya no considera que el brote de viruela s\u00edmica (o mpox) en \u00c1frica sea una emergencia internacional, dijo el director de la agencia el viernes.<\/p>\n<p>La nueva forma de mpox surgi\u00f3 a principios de 2024 en el Congo y en pa\u00edses africanos vecinos, propag\u00e1ndose a trav\u00e9s del contacto cercano, incluido el sexual. La OMS la declar\u00f3 una emergencia sanitaria global en agosto del a\u00f1o pasado.<\/p>\n<p>El director general de la OMS, <strong>Tedros Adhanom Ghebreyesus<\/strong>, dijo a periodistas el viernes que un panel de emergencia creado tras el brote ha aconsejado que la situaci\u00f3n ya no es una emergencia internacional, y \u201che aceptado ese consejo\u201d.<\/p>\n<p>La declaraci\u00f3n de emergencia internacional desencadena la liberaci\u00f3n de recursos y campa\u00f1as de concienciaci\u00f3n p\u00fablica mejoradas, entre otras medidas.<\/p>\n<p>\u201cPor supuesto, levantar la declaraci\u00f3n de emergencia no significa que la amenaza haya terminado, ni que nuestra respuesta se detendr\u00e1\u201d, afirm\u00f3 Tedros.<\/p>\n<p>La viruela s\u00edmica es una enfermedad causada por la infecci\u00f3n con un virus que pertenece a la misma familia que el que causa la viruela humana.<\/p>\n<p>Es end\u00e9mica en partes de \u00c1frica, donde las personas se han infectado a trav\u00e9s de mordeduras de roedores o peque\u00f1os animales. Los s\u00edntomas m\u00e1s leves pueden incluir fiebre, escalofr\u00edos y dolores corporales. En casos m\u00e1s graves, las personas pueden desarrollar lesiones en la cara, manos, pecho y genitales.<\/p>\n<p><strong>Versiones del virus<\/strong><\/p>\n<p>Una versi\u00f3n, llamada clado II, fue la fuente de una crisis internacional de salud en 2022, cuando los casos aumentaron r\u00e1pidamente en docenas de pa\u00edses, propag\u00e1ndose principalmente entre hombres que tienen sexo con hombres. En un momento dado se reportaron un promedio de cerca de 500 casos cada d\u00eda en Estados Unidos.<\/p>\n<p>Las infecciones rara vez fueron fatales, pero muchas personas sufrieron dolorosas lesiones en la piel durante semanas. Esos brotes disminuyeron m\u00e1s tarde ese a\u00f1o.<\/p>\n<p>La otra versi\u00f3n, conocida como clado I, se propaga a trav\u00e9s del contacto cercano, incluido el sexual, y es m\u00e1s letal. Una forma m\u00e1s nueva del virus del clado I se ha transmitido ampliamente en el este y centro de \u00c1frica, y la mayor\u00eda de los casos se han registrado en Burundi, Uganda y la Rep\u00fablica Democr\u00e1tica del Congo, lo que llev\u00f3 a la declaraci\u00f3n de la OMS el a\u00f1o pasado.<\/p>\n<p>Se identificaron casos en viajeros fuera del continente, pero esa propagaci\u00f3n ha sido m\u00e1s limitada.<\/p>\n<p>Tedros dijo que la decisi\u00f3n de poner fin a la emergencia se tom\u00f3 tras una mejora en las medidas de salud p\u00fablica y la disminuci\u00f3n sostenida en el n\u00famero de casos.<\/p>\n<p>El aumento de las pruebas fue un factor importante, dijo el doctor Dimie Ogoina, especialista en enfermedades infecciosas de Nigeria que preside el comit\u00e9 de emergencia de la OMS. \u201cMuchos pa\u00edses han mejorado su capacidad para diagnosticar\u201d, lo que les permite identificar casos y reducir la propagaci\u00f3n, se\u00f1al\u00f3.<\/p>\n<p><em>) <a href=\"http:\/\/fb.me\/acapulcopress\" target=\"_blank\" rel=\"noopener\">acapulcopress<\/a> \/<a href=\"http:\/\/fb.me\/steparious\" target=\"_blank\" rel=\"noopener\"> fb.me\/steparious<\/a><\/em><\/p>\n","protected":false},"excerpt":{"rendered":"<p>La Organizaci\u00f3n Mundial de la Salud ya no considera que el brote de viruela s\u00edmica (o mpox) en \u00c1frica sea una emergencia internacional, dijo el director de la agencia el viernes.<\/p>\n<p>La nueva forma de mpox surgi\u00f3 a principios de<\/p>\n","protected":false},"author":1,"featured_media":1260039,"comment_status":"closed","ping_status":"open","sticky":false,"template":"","format":"standard","meta":{"footnotes":""},"categories":[1988,2002],"tags":[13358,14032,17025,17955],"class_list":["post-1260038","post","type-post","status-publish","format-standard","has-post-thumbnail","hentry","category-lifestyles","category-salud","tag-mpox-viruela-del-mono","tag-organizacion-mundial-de-la-salud","tag-tedros-adhanom-ghebreyesus","tag-viruela-simica"],"_links":{"self":[{"href":"https:\/\/www.acapulcopress.com\/index.php\/wp-json\/wp\/v2\/posts\/1260038","targetHints":{"allow":["GET"]}}],"collection":[{"href":"https:\/\/www.acapulcopress.com\/index.php\/wp-json\/wp\/v2\/posts"}],"about":[{"href":"https:\/\/www.acapulcopress.com\/index.php\/wp-json\/wp\/v2\/types\/post"}],"author":[{"embeddable":true,"href":"https:\/\/www.acapulcopress.com\/index.php\/wp-json\/wp\/v2\/users\/1"}],"replies":[{"embeddable":true,"href":"https:\/\/www.acapulcopress.com\/index.php\/wp-json\/wp\/v2\/comments?post=1260038"}],"version-history":[{"count":2,"href":"https:\/\/www.acapulcopress.com\/index.php\/wp-json\/wp\/v2\/posts\/1260038\/revisions"}],"predecessor-version":[{"id":1260041,"href":"https:\/\/www.acapulcopress.com\/index.php\/wp-json\/wp\/v2\/posts\/1260038\/revisions\/1260041"}],"wp:featuredmedia":[{"embeddable":true,"href":"https:\/\/www.acapulcopress.com\/index.php\/wp-json\/wp\/v2\/media\/1260039"}],"wp:attachment":[{"href":"https:\/\/www.acapulcopress.com\/index.php\/wp-json\/wp\/v2\/media?parent=1260038"}],"wp:term":[{"taxonomy":"category","embeddable":true,"href":"https:\/\/www.acapulcopress.com\/index.php\/wp-json\/wp\/v2\/categories?post=1260038"},{"taxonomy":"post_tag","embeddable":true,"href":"https:\/\/www.acapulcopress.com\/index.php\/wp-json\/wp\/v2\/tags?post=1260038"}],"curies":[{"name":"wp","href":"https:\/\/api.w.org\/{rel}","templated":true}]}}