{"id":1260042,"date":"2025-09-08T19:23:21","date_gmt":"2025-09-09T01:23:21","guid":{"rendered":"https:\/\/www.acapulcopress.com\/?p=1260042"},"modified":"2025-09-08T19:55:57","modified_gmt":"2025-09-09T01:55:57","slug":"reportan-desaparicion-de-rodrigo-vazquez-exaspirante-a-presidencia-de-cancun","status":"publish","type":"post","link":"https:\/\/www.acapulcopress.com\/index.php\/2025\/09\/08\/reportan-desaparicion-de-rodrigo-vazquez-exaspirante-a-presidencia-de-cancun\/","title":{"rendered":"Reportan desaparici\u00f3n de Rodrigo V\u00e1zquez, exaspirante a presidencia de Canc\u00fan"},"content":{"rendered":"<p>CANC\u00daN, Q.R. * 8 de septiembre 2025<br \/>\n<em>) Especial<\/em><br \/>\nLa Fiscal\u00eda de Quintana Roo emiti\u00f3 una ficha de b\u00fasqueda para localizar a <strong>Rodrigo V\u00e1zquez Couti\u00f1o<\/strong>, activista y exaspirante a la <a href=\"https:\/\/www.acapulcopress.com\/wp-content\/uploads\/2025\/09\/BUSQUEDA2.jpg\"><img loading=\"lazy\" decoding=\"async\" class=\"alignleft wp-image-1260044 size-cmsmasters-square-thumb\" src=\"https:\/\/www.acapulcopress.com\/wp-content\/uploads\/2025\/09\/BUSQUEDA2-360x360.jpg\" alt=\"\" width=\"360\" height=\"360\" srcset=\"https:\/\/www.acapulcopress.com\/wp-content\/uploads\/2025\/09\/BUSQUEDA2-360x360.jpg 360w, https:\/\/www.acapulcopress.com\/wp-content\/uploads\/2025\/09\/BUSQUEDA2-150x150.jpg 150w, https:\/\/www.acapulcopress.com\/wp-content\/uploads\/2025\/09\/BUSQUEDA2-70x70.jpg 70w\" sizes=\"auto, (max-width: 360px) 100vw, 360px\" \/><\/a>presidencia municipal de Benito Ju\u00e1rez, quien fue reportado como desaparecido en Guadalajara desde el pasado 27 de agosto.<\/p>\n<p>Conocido como \u201cEl Patriota\u201d, el activista de 45 a\u00f1os, llevaba varios d\u00edas sin comunicarse, lo que alarm\u00f3 a sus familiares y amigos.<\/p>\n<p>El tambi\u00e9n empresario cancunense intent\u00f3 postularse inicialmente como diputado local por Movimiento Ciudadano, para despu\u00e9s registrarse como candidato independiente a la presidencia municipal. Aunque logr\u00f3 reunir la cantidad de firmas requerida, el Instituto Electoral de Quintana Roo (Ieqroo) consider\u00f3 varias inv\u00e1lidas, qued\u00e1ndose a un 99% de la meta.<\/p>\n<p>La ficha de b\u00fasqueda detalla que V\u00e1zquez Couti\u00f1o tiene un tatuaje de una flor de lis con la palabra \u201cPatriota\u201d en su brazo derecho.<\/p>\n<p>Se pide a la ciudadan\u00eda cualquier informaci\u00f3n que pueda ayudar a dar con su paradero.<\/p>\n<p><a href=\"https:\/\/www.acapulcopress.com\/wp-content\/uploads\/2025\/09\/BUSQUEDA.jpg\"><img loading=\"lazy\" decoding=\"async\" class=\"alignnone wp-image-1260043 size-full\" src=\"https:\/\/www.acapulcopress.com\/wp-content\/uploads\/2025\/09\/BUSQUEDA.jpg\" alt=\"\" width=\"720\" height=\"960\" srcset=\"https:\/\/www.acapulcopress.com\/wp-content\/uploads\/2025\/09\/BUSQUEDA.jpg 720w, https:\/\/www.acapulcopress.com\/wp-content\/uploads\/2025\/09\/BUSQUEDA-300x400.jpg 300w, https:\/\/www.acapulcopress.com\/wp-content\/uploads\/2025\/09\/BUSQUEDA-580x773.jpg 580w\" sizes=\"auto, (max-width: 720px) 100vw, 720px\" \/><\/a><\/p>\n<p><em>) <a href=\"http:\/\/fb.me\/acapulcopress\" target=\"_blank\" rel=\"noopener\">acapulcopress<\/a> \/ <a href=\"http:\/\/fb.me\/steparious\" target=\"_blank\" rel=\"noopener\">fb.me\/steparious<\/a><\/em><\/p>\n","protected":false},"excerpt":{"rendered":"<p>CANC\u00daN, Q.R. * 8 de septiembre 2025 ) Especial La Fiscal\u00eda de Quintana Roo emiti\u00f3 una ficha de b\u00fasqueda para localizar a Rodrigo V\u00e1zquez Couti\u00f1o, activista y exaspirante a la presidencia municipal de Benito Ju\u00e1rez, quien fue reportado como desaparecido en Guadalajara desde el pasado 27 de agosto. Conocido como \u201cEl Patriota\u201d, el activista de&#8230;<\/p>\n","protected":false},"author":1,"featured_media":1260045,"comment_status":"closed","ping_status":"open","sticky":false,"template":"","format":"standard","meta":{"footnotes":""},"categories":[2080],"tags":[18732],"class_list":["post-1260042","post","type-post","status-publish","format-standard","has-post-thumbnail","hentry","category-regiones-de-guerrero","tag-rodrigo-vazquez-coutino"],"_links":{"self":[{"href":"https:\/\/www.acapulcopress.com\/index.php\/wp-json\/wp\/v2\/posts\/1260042","targetHints":{"allow":["GET"]}}],"collection":[{"href":"https:\/\/www.acapulcopress.com\/index.php\/wp-json\/wp\/v2\/posts"}],"about":[{"href":"https:\/\/www.acapulcopress.com\/index.php\/wp-json\/wp\/v2\/types\/post"}],"author":[{"embeddable":true,"href":"https:\/\/www.acapulcopress.com\/index.php\/wp-json\/wp\/v2\/users\/1"}],"replies":[{"embeddable":true,"href":"https:\/\/www.acapulcopress.com\/index.php\/wp-json\/wp\/v2\/comments?post=1260042"}],"version-history":[{"count":3,"href":"https:\/\/www.acapulcopress.com\/index.php\/wp-json\/wp\/v2\/posts\/1260042\/revisions"}],"predecessor-version":[{"id":1260049,"href":"https:\/\/www.acapulcopress.com\/index.php\/wp-json\/wp\/v2\/posts\/1260042\/revisions\/1260049"}],"wp:featuredmedia":[{"embeddable":true,"href":"https:\/\/www.acapulcopress.com\/index.php\/wp-json\/wp\/v2\/media\/1260045"}],"wp:attachment":[{"href":"https:\/\/www.acapulcopress.com\/index.php\/wp-json\/wp\/v2\/media?parent=1260042"}],"wp:term":[{"taxonomy":"category","embeddable":true,"href":"https:\/\/www.acapulcopress.com\/index.php\/wp-json\/wp\/v2\/categories?post=1260042"},{"taxonomy":"post_tag","embeddable":true,"href":"https:\/\/www.acapulcopress.com\/index.php\/wp-json\/wp\/v2\/tags?post=1260042"}],"curies":[{"name":"wp","href":"https:\/\/api.w.org\/{rel}","templated":true}]}}