{"id":1260048,"date":"2025-09-08T20:05:16","date_gmt":"2025-09-09T02:05:16","guid":{"rendered":"https:\/\/www.acapulcopress.com\/?p=1260048"},"modified":"2025-09-08T20:05:16","modified_gmt":"2025-09-09T02:05:16","slug":"vision-innovadora-y-comprometida-de-evelyn-salgado","status":"publish","type":"post","link":"https:\/\/www.acapulcopress.com\/index.php\/2025\/09\/08\/vision-innovadora-y-comprometida-de-evelyn-salgado\/","title":{"rendered":"Visi\u00f3n innovadora y comprometida de Evelyn Salgado"},"content":{"rendered":"<p>Marem\u00e1gnum<br \/>\n\u00bb <a href=\"https:\/\/www.facebook.com\/ricardocastill01\" target=\"_blank\" rel=\"noopener\"><strong>RICARDO<\/strong> | <strong>CASTILLO BARRIENTOS<\/strong><\/a><\/p>\n<p>No existe la menor duda que los gobernantes de los tres niveles de gobierno tienen las mejores intenciones de servicio a la sociedad, entrampada en una problem\u00e1tica hist\u00f3rica y compleja en todos los \u00f3rdenes, algunos parecen insuperables por su dimensi\u00f3n en los n\u00facleos sociales inmersos, sin respuestas favorables y trascendentes.<\/p>\n<p>Desde esa perspectiva habr\u00eda que analizar y valorar los resultados del actual gobierno estatal, plasmados en el IV Informe de la gobernadora Evelyn Salgado Pineda, rendido el viernes 5, en la capital del estado, centro pol\u00edtico y administrativo de la entidad, con una visi\u00f3n innovadora y comprometida.<\/p>\n<p>Entre los aspectos m\u00e1s destacables se encuentra una sensible disminuci\u00f3n de la pobreza, 270 mil guerrerenses mejoraron sus condiciones de vida de acuerdo a reciente estudio del INEGI, lograda por la coordinaci\u00f3n de la gobernadora Salgado Pineda y la presidenta Claudia Sheinbaum, a trav\u00e9s de programas sociales federales y estatal, sin erradicar la esencia del problema que permanece enraizado en algunas comunidades rurales y urbanas, ind\u00edgenas y afromexicanas.<\/p>\n<p>El clima de violencia e inseguridad es una asignatura preocupante y de lamentaciones, plenamente justificada, porque prevalece una percepci\u00f3n social de violencia en el entorno comunitario, provocando desconfianza en las cifras oficiales confirmadas, a\u00fan con todos los esfuerzos y amplio despliegue de las fuerzas p\u00fablicas.<\/p>\n<p>La gobernadora Evelyn Salgado puso \u00e9nfasis en el mejoramiento del sistema de salud, infraestructura e impulso al turismo e innovaci\u00f3n de programas de apoyo a la mujer.<\/p>\n<p>La mandataria estatal reafirm\u00f3 los cinco ejes de su administraci\u00f3n: infraestructura para el bienestar; igualdad y derechos sociales; transformaci\u00f3n tur\u00edstica y desarrollo; administraci\u00f3n y buen gobierno; y la estrategia \u201cTransformando Guerrero\u201d, aspectos con resultados tangibles.<\/p>\n<p>Consider\u00f3 qu\u00e9, en un hecho sin precedentes, Guerrero se ubic\u00f3 entre las tres entidades federativas con menor monto observado por la Auditor\u00eda Superior de la Federaci\u00f3n (ASF), durante la primera entrega de Auditor\u00edas de Resultados de la Cuenta P\u00fablica 2024, presentado ante la C\u00e1mara de Diputados.<\/p>\n<p>El ejercicio de rendici\u00f3n de cuentas se mantuvo inalterable como lo marcan los c\u00e1nones establecidos, ante una poblaci\u00f3n insatisfecha e indiferente al quehacer gubernamental que hace lo suyo, como parte intr\u00ednseca de la funci\u00f3n p\u00fablica.<\/p>\n<p>Sin embargo, la gobernadora Salgado Pineda se esmera en desarrollar sus actividades en todas las regiones, con intensas giras para atender algunas de las demandas m\u00e1s sentidas por la poblaci\u00f3n, y entregando obras p\u00fablicas de impacto social.<br \/>\n<em>) <a href=\"http:\/\/fb.me\/acapulcopress\" target=\"_blank\" rel=\"noopener\">acapulcopress<\/a> \/<a href=\"http:\/\/fb.me\/steparious\" target=\"_blank\" rel=\"noopener\"> fb.me\/steparious<\/a><\/em><\/p>\n","protected":false},"excerpt":{"rendered":"<p>No existe la menor duda que los gobernantes de los tres niveles de gobierno tienen las mejores intenciones de servicio a la sociedad,<\/p>\n","protected":false},"author":1,"featured_media":1260050,"comment_status":"closed","ping_status":"open","sticky":false,"template":"","format":"standard","meta":{"footnotes":""},"categories":[2071,1991],"tags":[8245,12503,15575],"class_list":["post-1260048","post","type-post","status-publish","format-standard","has-post-thumbnail","hentry","category-opinion-analisis-columnas","category-libertad-de-expresion","tag-evelyn-salgado","tag-maremagnum","tag-ricardo-castillo-barrientos"],"_links":{"self":[{"href":"https:\/\/www.acapulcopress.com\/index.php\/wp-json\/wp\/v2\/posts\/1260048","targetHints":{"allow":["GET"]}}],"collection":[{"href":"https:\/\/www.acapulcopress.com\/index.php\/wp-json\/wp\/v2\/posts"}],"about":[{"href":"https:\/\/www.acapulcopress.com\/index.php\/wp-json\/wp\/v2\/types\/post"}],"author":[{"embeddable":true,"href":"https:\/\/www.acapulcopress.com\/index.php\/wp-json\/wp\/v2\/users\/1"}],"replies":[{"embeddable":true,"href":"https:\/\/www.acapulcopress.com\/index.php\/wp-json\/wp\/v2\/comments?post=1260048"}],"version-history":[{"count":1,"href":"https:\/\/www.acapulcopress.com\/index.php\/wp-json\/wp\/v2\/posts\/1260048\/revisions"}],"predecessor-version":[{"id":1260051,"href":"https:\/\/www.acapulcopress.com\/index.php\/wp-json\/wp\/v2\/posts\/1260048\/revisions\/1260051"}],"wp:featuredmedia":[{"embeddable":true,"href":"https:\/\/www.acapulcopress.com\/index.php\/wp-json\/wp\/v2\/media\/1260050"}],"wp:attachment":[{"href":"https:\/\/www.acapulcopress.com\/index.php\/wp-json\/wp\/v2\/media?parent=1260048"}],"wp:term":[{"taxonomy":"category","embeddable":true,"href":"https:\/\/www.acapulcopress.com\/index.php\/wp-json\/wp\/v2\/categories?post=1260048"},{"taxonomy":"post_tag","embeddable":true,"href":"https:\/\/www.acapulcopress.com\/index.php\/wp-json\/wp\/v2\/tags?post=1260048"}],"curies":[{"name":"wp","href":"https:\/\/api.w.org\/{rel}","templated":true}]}}