{"id":1260065,"date":"2025-09-08T21:35:09","date_gmt":"2025-09-09T03:35:09","guid":{"rendered":"https:\/\/www.acapulcopress.com\/?p=1260065"},"modified":"2025-09-08T21:41:08","modified_gmt":"2025-09-09T03:41:08","slug":"mexico-y-guerrero-son-mas-que-historia-son-esperanza-viva-y-futuro-compartido-esp","status":"publish","type":"post","link":"https:\/\/www.acapulcopress.com\/index.php\/2025\/09\/08\/mexico-y-guerrero-son-mas-que-historia-son-esperanza-viva-y-futuro-compartido-esp\/","title":{"rendered":"\u00abM\u00e9xico y Guerrero son m\u00e1s que historia, son esperanza viva y futuro compartido\u00bb: ESP"},"content":{"rendered":"<p>CHILPANCINGO * 8 de septiembre 2025<br \/>\n<em>) Gobierno de Guerrero<\/em><br \/>\n<a href=\"https:\/\/www.acapulcopress.com\/wp-content\/uploads\/2025\/09\/esp.bandera6.jpg\"><img loading=\"lazy\" decoding=\"async\" class=\"alignleft wp-image-1260071 size-cmsmasters-square-thumb\" src=\"https:\/\/www.acapulcopress.com\/wp-content\/uploads\/2025\/09\/esp.bandera6-360x360.jpg\" alt=\"\" width=\"360\" height=\"360\" srcset=\"https:\/\/www.acapulcopress.com\/wp-content\/uploads\/2025\/09\/esp.bandera6-360x360.jpg 360w, https:\/\/www.acapulcopress.com\/wp-content\/uploads\/2025\/09\/esp.bandera6-150x150.jpg 150w, https:\/\/www.acapulcopress.com\/wp-content\/uploads\/2025\/09\/esp.bandera6-70x70.jpg 70w\" sizes=\"auto, (max-width: 360px) 100vw, 360px\" \/><\/a>Al encabezar la ceremonia c\u00edvica de izamiento de Bandera Nacional en la Casa del Pueblo, correspondiente al mes de septiembre, la gobernadora Evelyn Salgado Pineda con fervor patrio llam\u00f3 a la unidad y a seguir trabajando con la misma convicci\u00f3n, fuerza y pasi\u00f3n de estos cuatro a\u00f1os de gobierno, para sostener con firmeza los valores de igualdad y justicia, por la paz y bienestar de los guerrerenses.<\/p>\n<p>\u201cM\u00e9xico y Guerrero son m\u00e1s que historia, son esperanza viva y futuro compartido. Nuestro deber es honrar a quienes nos dieron libertad, a quienes defendieron con hechos la justicia, la paz y la dignidad de nuestro pueblo\u201d, expres\u00f3 la mandataria durante su mensaje.<\/p>\n<p>Desde la explanada de la Casa del Pueblo, la gobernadora reconoci\u00f3 el esfuerzo de los servidores p\u00fablicos en estos cuatro a\u00f1os de su gobierno y adelant\u00f3 que los dos informes restantes de su administraci\u00f3n se realizar\u00e1n en el mes de septiembre, ya que en a\u00f1os anteriores las contingencias naturales impidieron llevar a cabo este ejercicio p\u00fablico de rendici\u00f3n de cuentas ante el pueblo de Guerrero.<\/p>\n<p>Salgado Pineda subray\u00f3 que septiembre recuerda a las y los mexicanos que la libertad, la justicia y la soberan\u00eda no son d\u00e1divas, sino conquistas alcanzadas con valent\u00eda y esfuerzo colectivo. Tambi\u00e9n record\u00f3 las fechas c\u00e9lebres, como el 6 de septiembre que conmemora la <a href=\"https:\/\/www.acapulcopress.com\/wp-content\/uploads\/2025\/09\/esp.bandera7.jpg\"><img loading=\"lazy\" decoding=\"async\" class=\"alignleft wp-image-1260072 size-cmsmasters-square-thumb\" src=\"https:\/\/www.acapulcopress.com\/wp-content\/uploads\/2025\/09\/esp.bandera7-360x360.jpg\" alt=\"\" width=\"360\" height=\"360\" srcset=\"https:\/\/www.acapulcopress.com\/wp-content\/uploads\/2025\/09\/esp.bandera7-360x360.jpg 360w, https:\/\/www.acapulcopress.com\/wp-content\/uploads\/2025\/09\/esp.bandera7-150x150.jpg 150w, https:\/\/www.acapulcopress.com\/wp-content\/uploads\/2025\/09\/esp.bandera7-70x70.jpg 70w\" sizes=\"auto, (max-width: 360px) 100vw, 360px\" \/><\/a>proclamaci\u00f3n de las Leyes de Reforma por Benito Ju\u00e1rez, mientras que el 8 se celebra el D\u00eda Internacional de la Alfabetizaci\u00f3n, refrendando el compromiso de que en Guerrero ning\u00fan ni\u00f1o, ni\u00f1a o persona quede excluida del derecho a aprender.<\/p>\n<p>Asimismo, destac\u00f3 que el 10 de septiembre se conmemora el D\u00eda Internacional para la Prevenci\u00f3n del Suicidio; el 13 de septiembre se rinde homenaje a los Ni\u00f1os H\u00e9roes de Chapultepec; y el 14 de septiembre, la instalaci\u00f3n del Congreso de Chilpancingo convocado por Morelos.<\/p>\n<p>Agreg\u00f3 que el 15 y 16 de septiembre se recuerda el inicio de la lucha por la soberan\u00eda nacional; el 21, el D\u00eda Internacional de la Paz; el 27 y 28, la consumaci\u00f3n y la firma del Acta de Independencia; mientras que el 30 de septiembre el natalicio de Jos\u00e9 Mar\u00eda Morelos y Pav\u00f3n, el Siervo de la Naci\u00f3n.<\/p>\n<p>Durante el acto se rindieron honores a los l\u00e1baros patrios y se cont\u00f3 con la participaci\u00f3n del Ballet Folcl\u00f3rico Danza en el Viento, que present\u00f3 la pieza \u201cEl Jarabe Tapat\u00edo\u201d, acompa\u00f1ado por el Mariachi Perla Negra, en un ambiente de identidad y orgullo nacional.<\/p>\n<p>En el presidium estuvieron presentes los titulares de los poderes Legislativo y Judicial, integrantes de la Mesa de Coordinaci\u00f3n para la Construcci\u00f3n de la Paz, mandos militares y funcionarios estatales.<\/p>\n<p><a href=\"https:\/\/www.acapulcopress.com\/wp-content\/uploads\/2025\/09\/esp.bandera5.jpg\"><img loading=\"lazy\" decoding=\"async\" class=\"alignnone wp-image-1260070 size-full\" src=\"https:\/\/www.acapulcopress.com\/wp-content\/uploads\/2025\/09\/esp.bandera5.jpg\" alt=\"\" width=\"1280\" height=\"853\" srcset=\"https:\/\/www.acapulcopress.com\/wp-content\/uploads\/2025\/09\/esp.bandera5.jpg 1280w, https:\/\/www.acapulcopress.com\/wp-content\/uploads\/2025\/09\/esp.bandera5-300x200.jpg 300w, https:\/\/www.acapulcopress.com\/wp-content\/uploads\/2025\/09\/esp.bandera5-1024x682.jpg 1024w, https:\/\/www.acapulcopress.com\/wp-content\/uploads\/2025\/09\/esp.bandera5-768x512.jpg 768w, https:\/\/www.acapulcopress.com\/wp-content\/uploads\/2025\/09\/esp.bandera5-580x387.jpg 580w, https:\/\/www.acapulcopress.com\/wp-content\/uploads\/2025\/09\/esp.bandera5-860x573.jpg 860w, https:\/\/www.acapulcopress.com\/wp-content\/uploads\/2025\/09\/esp.bandera5-1160x773.jpg 1160w\" sizes=\"auto, (max-width: 1280px) 100vw, 1280px\" \/><\/a><\/p>\n<p><a href=\"https:\/\/www.acapulcopress.com\/wp-content\/uploads\/2025\/09\/esp.bandera2.jpg\"><img loading=\"lazy\" decoding=\"async\" class=\"alignnone wp-image-1260067 size-full\" src=\"https:\/\/www.acapulcopress.com\/wp-content\/uploads\/2025\/09\/esp.bandera2.jpg\" alt=\"\" width=\"1280\" height=\"853\" srcset=\"https:\/\/www.acapulcopress.com\/wp-content\/uploads\/2025\/09\/esp.bandera2.jpg 1280w, https:\/\/www.acapulcopress.com\/wp-content\/uploads\/2025\/09\/esp.bandera2-300x200.jpg 300w, https:\/\/www.acapulcopress.com\/wp-content\/uploads\/2025\/09\/esp.bandera2-1024x682.jpg 1024w, https:\/\/www.acapulcopress.com\/wp-content\/uploads\/2025\/09\/esp.bandera2-768x512.jpg 768w, https:\/\/www.acapulcopress.com\/wp-content\/uploads\/2025\/09\/esp.bandera2-580x387.jpg 580w, https:\/\/www.acapulcopress.com\/wp-content\/uploads\/2025\/09\/esp.bandera2-860x573.jpg 860w, https:\/\/www.acapulcopress.com\/wp-content\/uploads\/2025\/09\/esp.bandera2-1160x773.jpg 1160w\" sizes=\"auto, (max-width: 1280px) 100vw, 1280px\" \/><\/a><\/p>\n<p><em>) <a href=\"http:\/\/fb.me\/acapulcopress\" target=\"_blank\" rel=\"noopener\">acapulcopress<\/a> \/ f<a href=\"http:\/\/fb.me\/steparious\" target=\"_blank\" rel=\"noopener\">b.me\/steparious<\/a><\/em><\/p>\n","protected":false},"excerpt":{"rendered":"<p>CHILPANCINGO * 8 de septiembre 2025 ) Gobierno de Guerrero Al encabezar la ceremonia c\u00edvica de izamiento de Bandera Nacional en la Casa del Pueblo, correspondiente al mes de septiembre, la gobernadora Evelyn Salgado Pineda con fervor patrio llam\u00f3 a la unidad y a seguir trabajando con la misma convicci\u00f3n, fuerza y pasi\u00f3n de estos&#8230;<\/p>\n","protected":false},"author":1,"featured_media":1260066,"comment_status":"closed","ping_status":"open","sticky":false,"template":"","format":"standard","meta":{"footnotes":""},"categories":[1980,1983],"tags":[9302],"class_list":["post-1260065","post","type-post","status-publish","format-standard","has-post-thumbnail","hentry","category-goverment-2","category-guerrerogob","tag-gobierno-de-guerrero"],"_links":{"self":[{"href":"https:\/\/www.acapulcopress.com\/index.php\/wp-json\/wp\/v2\/posts\/1260065","targetHints":{"allow":["GET"]}}],"collection":[{"href":"https:\/\/www.acapulcopress.com\/index.php\/wp-json\/wp\/v2\/posts"}],"about":[{"href":"https:\/\/www.acapulcopress.com\/index.php\/wp-json\/wp\/v2\/types\/post"}],"author":[{"embeddable":true,"href":"https:\/\/www.acapulcopress.com\/index.php\/wp-json\/wp\/v2\/users\/1"}],"replies":[{"embeddable":true,"href":"https:\/\/www.acapulcopress.com\/index.php\/wp-json\/wp\/v2\/comments?post=1260065"}],"version-history":[{"count":2,"href":"https:\/\/www.acapulcopress.com\/index.php\/wp-json\/wp\/v2\/posts\/1260065\/revisions"}],"predecessor-version":[{"id":1260074,"href":"https:\/\/www.acapulcopress.com\/index.php\/wp-json\/wp\/v2\/posts\/1260065\/revisions\/1260074"}],"wp:featuredmedia":[{"embeddable":true,"href":"https:\/\/www.acapulcopress.com\/index.php\/wp-json\/wp\/v2\/media\/1260066"}],"wp:attachment":[{"href":"https:\/\/www.acapulcopress.com\/index.php\/wp-json\/wp\/v2\/media?parent=1260065"}],"wp:term":[{"taxonomy":"category","embeddable":true,"href":"https:\/\/www.acapulcopress.com\/index.php\/wp-json\/wp\/v2\/categories?post=1260065"},{"taxonomy":"post_tag","embeddable":true,"href":"https:\/\/www.acapulcopress.com\/index.php\/wp-json\/wp\/v2\/tags?post=1260065"}],"curies":[{"name":"wp","href":"https:\/\/api.w.org\/{rel}","templated":true}]}}