{"id":1260075,"date":"2025-09-08T22:11:34","date_gmt":"2025-09-09T04:11:34","guid":{"rendered":"https:\/\/www.acapulcopress.com\/?p=1260075"},"modified":"2025-09-08T22:14:25","modified_gmt":"2025-09-09T04:14:25","slug":"declaran-a-claudia-sheinbaum-persona-non-grata-en-peru","status":"publish","type":"post","link":"https:\/\/www.acapulcopress.com\/index.php\/2025\/09\/08\/declaran-a-claudia-sheinbaum-persona-non-grata-en-peru\/","title":{"rendered":"Declaran a Claudia Sheinbaum \u00abpersona non grata\u00bb en Per\u00fa"},"content":{"rendered":"<p>LIMA * 8 de septiembre 2025<br \/>\n<em>) <a href=\"https:\/\/www.infobae.com\/peru\/2025\/09\/08\/congreso-declaran-persona-no-grata-a-claudia-sheinbaum-por-su-inaceptable-injerencia-en-peru-al-defender-a-pedro-castillo\/\" target=\"_blank\" rel=\"noopener\">Infobae<\/a><\/em><br \/>\nLa<em> Comisi\u00f3n de Relaciones Exteriores<\/em> del Congreso peruano aprob\u00f3 este lunes declarar persona no grata a la presidenta de M\u00e9xico,<strong> Claudia Sheinbaum<\/strong>, en respuesta a sus declaraciones p\u00fablicas en defensa del expresidente<strong> Pedro Castillo<\/strong> (2021-2022).<\/p>\n<p>Con 12 votos a favor y 6 en contra, el grupo parlamentario respald\u00f3 el documento presentado la semana pasada por el legislador <strong>Ernesto Bustamante<\/strong> (Fuerza Popular), al que se sumaron su compa\u00f1era de bancada, <strong>Patricia Ju\u00e1rez<\/strong>, y <strong>Mar\u00eda del Carmen Alva<\/strong> (no agrupada).<\/p>\n<p>La moci\u00f3n decidi\u00f3 declarar persona no grata a Sheinbaum, en rechazo a sus declaraciones, interpretadas como una \u201cinaceptable injerencia en asuntos internos del Per\u00fa y una ofensa al sistema democr\u00e1tico nacional\u201d. Adem\u00e1s, ordena oficiar al Ministerio de Relaciones Exteriores a que difunda la moci\u00f3n mediante los canales diplom\u00e1ticos y tome las acciones correspondientes.<\/p>\n<p>\u201cLas relaciones diplom\u00e1ticas entre naciones se fundamentan en el respeto mutuo, la igualdad soberana y el di\u00e1logo constructivo; y la falta de <a href=\"https:\/\/www.acapulcopress.com\/wp-content\/uploads\/2025\/09\/sheinbaum-non-grata.jpg\"><img loading=\"lazy\" decoding=\"async\" class=\"alignleft wp-image-1260078 size-cmsmasters-square-thumb\" src=\"https:\/\/www.acapulcopress.com\/wp-content\/uploads\/2025\/09\/sheinbaum-non-grata-360x360.jpg\" alt=\"\" width=\"360\" height=\"360\" srcset=\"https:\/\/www.acapulcopress.com\/wp-content\/uploads\/2025\/09\/sheinbaum-non-grata-360x360.jpg 360w, https:\/\/www.acapulcopress.com\/wp-content\/uploads\/2025\/09\/sheinbaum-non-grata-150x150.jpg 150w, https:\/\/www.acapulcopress.com\/wp-content\/uploads\/2025\/09\/sheinbaum-non-grata-70x70.jpg 70w\" sizes=\"auto, (max-width: 360px) 100vw, 360px\" \/><\/a>respeto por parte de un jefe de Estado hacia otro pa\u00eds puede generar tensiones perjudiciales para la paz y la cooperaci\u00f3n regional\u201d, se lee en el documento.<\/p>\n<p>Bustamante se\u00f1al\u00f3 que Sheinbaum \u201cha mantenido una posici\u00f3n claramente hostil hacia Per\u00fa\u201d y calific\u00f3 como \u201cespecialmente grave la defensa abierta y declarada que ha realizado\u201d a Castillo, quien se encuentra recluido por cargos de rebeli\u00f3n y corrupci\u00f3n.<\/p>\n<p>El fujimorista mencion\u00f3 la semana pasada que Sheinbaum es la \u201c\u00fanica\u201d jefa de Estado en el mundo que mantiene una postura abiertamente cr\u00edtica en relaci\u00f3n con el encarcelamiento de Castillo, y acus\u00f3 al partido oficialista mexicano, Morena, de supuestos v\u00ednculos con el narcotr\u00e1fico.<\/p>\n<p>\u201cEs entendible porque ella tiene v\u00ednculos probados con el narcotr\u00e1fico. Su partido, Morena, tiene v\u00ednculos con el cartel de Sinaloa y otros importantes, as\u00ed como vinculaciones de negocios relacionados con drogas con Venezuela\u201d, afirm\u00f3.<\/p>\n<p>Asimismo, sostuvo que, si bien la Canciller\u00eda ha emitido comunicados de rechazo, ello no ser\u00eda suficiente y que corresponde al Congreso tomar una postura m\u00e1s firme: \u201cAqu\u00ed lo que se tiene que hacer es declarar persona no grata a la se\u00f1ora. Estoy preparando en mi despacho una moci\u00f3n de orden del d\u00eda\u201d, se\u00f1al\u00f3.<\/p>\n<p>La propuesta fue planteada luego de que Sheinbaum invocara a la Organizaci\u00f3n de las Naciones Unidas (ONU) a \u201cactuar con decisi\u00f3n\u201d frente al encarcelamiento de Castillo. \u201cRecib\u00ed en Palacio Nacional a Guido Croxatto, abogado del presidente Pedro Castillo, injustamente encarcelado en el Per\u00fa\u201d, afirm\u00f3 Sheinbaum en su cuenta de X, acompa\u00f1ando la publicaci\u00f3n con una fotograf\u00eda de la reuni\u00f3n.<\/p>\n<p><strong>Aval a Castillo<br \/>\n<\/strong><br \/>\nLa gobernante expres\u00f3 adem\u00e1s \u201csu m\u00e1s profunda solidaridad\u201d con el exmandatario y su familia, al asegurar que su caso \u201cno solo es personal, sino un grave precedente de persecuci\u00f3n pol\u00edtica y discriminaci\u00f3n en nuestra regi\u00f3n\u201d.<\/p>\n<p>\u201cLa Organizaci\u00f3n de las Naciones Unidas debe actuar con decisi\u00f3n para garantizar el respeto a los derechos humanos y la justicia. La libertad de Pedro Castillo es tambi\u00e9n la defensa de la democracia y de la dignidad de nuestros pueblos\u201d, a\u00f1adi\u00f3.<\/p>\n<p>Castillo, quien enfrenta actualmente un juicio por su intento fallido de disolver el Congreso, permanece recluido en el penal de Barbadillo bajo cargos que podr\u00edan derivar en una condena de hasta 34 a\u00f1os.<\/p>\n<p>En febrero pasado, la bancada de Renovaci\u00f3n Popular tambi\u00e9n pidi\u00f3 declarar persona no grata a Sheinbaum por el mismo motivo y consider\u00f3 que sus declaraciones implican una injerencia en el sistema judicial nacional.<\/p>\n<p><em>) <a href=\"http:\/\/fb.me\/acapulcopress\" target=\"_blank\" rel=\"noopener\">acapulcopress<\/a> \/ <a href=\"http:\/\/fb.me\/steparious\" target=\"_blank\" rel=\"noopener\">fb.me\/steparious<\/a><\/em><\/p>\n","protected":false},"excerpt":{"rendered":"<p>LIMA * 8 de septiembre 2025 ) Infobae La Comisi\u00f3n de Relaciones Exteriores del Congreso peruano aprob\u00f3 este lunes declarar persona no grata a la presidenta de M\u00e9xico, Claudia Sheinbaum, en respuesta a sus declaraciones p\u00fablicas en defensa del expresidente Pedro Castillo (2021-2022). Con 12 votos a favor y 6 en contra, el grupo parlamentario&#8230;<\/p>\n","protected":false},"author":1,"featured_media":1260079,"comment_status":"closed","ping_status":"open","sticky":false,"template":"","format":"standard","meta":{"footnotes":""},"categories":[1997],"tags":[5851,18735],"class_list":["post-1260075","post","type-post","status-publish","format-standard","has-post-thumbnail","hentry","category-noticias-destacadas","tag-claudia-sheinbaum","tag-pedro-castillo"],"_links":{"self":[{"href":"https:\/\/www.acapulcopress.com\/index.php\/wp-json\/wp\/v2\/posts\/1260075","targetHints":{"allow":["GET"]}}],"collection":[{"href":"https:\/\/www.acapulcopress.com\/index.php\/wp-json\/wp\/v2\/posts"}],"about":[{"href":"https:\/\/www.acapulcopress.com\/index.php\/wp-json\/wp\/v2\/types\/post"}],"author":[{"embeddable":true,"href":"https:\/\/www.acapulcopress.com\/index.php\/wp-json\/wp\/v2\/users\/1"}],"replies":[{"embeddable":true,"href":"https:\/\/www.acapulcopress.com\/index.php\/wp-json\/wp\/v2\/comments?post=1260075"}],"version-history":[{"count":4,"href":"https:\/\/www.acapulcopress.com\/index.php\/wp-json\/wp\/v2\/posts\/1260075\/revisions"}],"predecessor-version":[{"id":1260081,"href":"https:\/\/www.acapulcopress.com\/index.php\/wp-json\/wp\/v2\/posts\/1260075\/revisions\/1260081"}],"wp:featuredmedia":[{"embeddable":true,"href":"https:\/\/www.acapulcopress.com\/index.php\/wp-json\/wp\/v2\/media\/1260079"}],"wp:attachment":[{"href":"https:\/\/www.acapulcopress.com\/index.php\/wp-json\/wp\/v2\/media?parent=1260075"}],"wp:term":[{"taxonomy":"category","embeddable":true,"href":"https:\/\/www.acapulcopress.com\/index.php\/wp-json\/wp\/v2\/categories?post=1260075"},{"taxonomy":"post_tag","embeddable":true,"href":"https:\/\/www.acapulcopress.com\/index.php\/wp-json\/wp\/v2\/tags?post=1260075"}],"curies":[{"name":"wp","href":"https:\/\/api.w.org\/{rel}","templated":true}]}}