{"id":1260140,"date":"2025-09-10T15:54:58","date_gmt":"2025-09-10T21:54:58","guid":{"rendered":"https:\/\/www.acapulcopress.com\/?p=1260140"},"modified":"2025-09-10T16:27:46","modified_gmt":"2025-09-10T22:27:46","slug":"calidad-moral-antes-de-criticar-senor-torreblanca","status":"publish","type":"post","link":"https:\/\/www.acapulcopress.com\/index.php\/2025\/09\/10\/calidad-moral-antes-de-criticar-senor-torreblanca\/","title":{"rendered":"\u00a1Calidad moral antes de criticar, Se\u00f1or Torreblanca!"},"content":{"rendered":"<p><em>Sin da\u00f1os a terceros<\/em><br \/>\n\u00bb <a href=\"https:\/\/www.facebook.com\/angelblanco.press\" target=\"_blank\" rel=\"noopener\"><strong>\u00c1NGEL<\/strong> | <strong>BLANCO<\/strong><\/a><\/p>\n<p>En una entrevista &#8211;la \u00fanica&#8211; concedida por <strong>Zeferino Torreblanca<\/strong> al autor de estas l\u00edneas, que entonces fung\u00eda como corresponsal en Guerrero de la revista de circulaci\u00f3n nacional \u00abQuehacer Pol\u00edtico\u00bb-, en su calidad de alcalde de Acapulco, admiti\u00f3: \u00abDebo reconocer que no es lo mismo criticar que gobernar\u00bb.<\/p>\n<p>\u00a1L\u00e1stima que el autoproclamado \u00abZorro\u00bb democr\u00e1tico no aprendi\u00f3 nada de esa confesi\u00f3n!<\/p>\n<p>Al igual que lo hizo hoy en el otrora admirado y respetado <em>Grupo Aca<\/em>, donde los afectos pol\u00edticos se visualizan muy evidentes, el se\u00f1or de la \u00abZ\u00bb se la ha vivido criticando a diestra y siniestra a cuanto pol\u00edtico puede, olvidando que como presidente de Acapulco y gobernador de Guerrero cometi\u00f3 muchos errores, algunos tan fatales como el haber permitido el posicionamiento de la delincuencia organizada en el municipio que gobern\u00f3 de 1999 a 2002, y posteriormente en diversas partes del estado.<\/p>\n<p>\u00bfAlguien ha olvidado el &#8216;garitazo&#8217;, la infernal balacera entre narcos, escenificada el 8 de enero, al filo de las 14:30 horas, del 2006 en La Garita?<\/p>\n<p>\u00a1Seguramente nadie de aquella generaci\u00f3n que aprendi\u00f3 a vivir a &#8216;salto de mata&#8217; la ha olvidado! Sobre todo despu\u00e9s de que el 10 de agosto del 2005, en su primer a\u00f1o de mandato como gobernador del estado (2005-2011), el<em> Se\u00f1or de la Z<\/em> ya hab\u00eda advertido que \u00e9l solo no pod\u00eda contra el narcotr\u00e1fico y el crimen organizado&#8230;. y, mejor a\u00fan, finalmente confes\u00f3: \u00abNi quiero, ni puedo, ni tengo (yo) que combatir el narcotr\u00e1fico\u00bb.<\/p>\n<p>Esas palabras recuerdan los \u00ababrazos\u00bb que el expresidente <strong>Andr\u00e9s Manuel L\u00f3pez Obrador<\/strong> abiertamente reparti\u00f3 a los criminales durante su mandato de 2018 a 2024.<\/p>\n<p>\u00bfPor qu\u00e9?<\/p>\n<p>En Guerrero jam\u00e1s se pudo comprobar lo que &#8216;supuestamente&#8217; revelaban unas fotograf\u00edas que su exsecretario de Seguridad, <strong>Juan Heriberto Salinas Alt\u00e9s<\/strong>, estuvo dispuesto a comprar hasta por un mill\u00f3n de pesos, pues el autor de las mismas misteriosamente apareci\u00f3 ejecutado en una solitaria calle de Ciudad Renacimiento, all\u00e1 por 2008.<\/p>\n<p>L\u00edneas textuales en una hoja de cuaderno a cuadros, proporcionadas por quien intent\u00f3 filtrar dichas im\u00e1genes a una revista de circulaci\u00f3n nacional, revelaban que, justo a la sucesi\u00f3n de poderes en 2005, el \u00abSe\u00f1or Z\u00bb y el exgobernador Ren\u00e9 Ju\u00e1rez, acompa\u00f1ados por dos funcionarios de su gabinete &#8211;uno, secretario de Turismo, y el otro, ex procurador de Justicia&#8211;, se reunieron en una mansi\u00f3n del fraccionamiento <em>La Cima<\/em> con uno de los capos de capos hoy preso en Estados Unidos.<\/p>\n<p>Para ese entonces, Acapulco ya estaba en disputa territorial por <em>Los Zeta<\/em>, de <strong>Osiel C\u00e1rdenas Guill\u00e9n<\/strong>, y el Cartel de Sinaloa, de<strong> Joaqu\u00edn <\/strong>\u00abEl Chapo\u00bb <strong>Guzm\u00e1n Loera<\/strong>, cuyo grupo era conocido entonces como \u00abLos Pelones\u00bb, de los cuales tambi\u00e9n formaban parte hermanos <strong>Beltr\u00e1n Leyva<\/strong> y <strong>\u00c9dgar Valdez Villarreal<\/strong>, alias \u00abLa Barbie\u00bb.<\/p>\n<p>Dicha &#8216;tarjeta informativa&#8217; del autor de las famosas fotograf\u00edas que lograron circular en copias fotost\u00e1ticas entre un grupo reducido de comensales del Vips Gran Plaza, se reitera, jam\u00e1s pudo comprobarse&#8230; d\u00edas despu\u00e9s de que los informantes de Salinas Alt\u00e9s le dieron aviso de las mismas, el supuesto &#8216;fot\u00f3grafo&#8217; apareci\u00f3 con un tiro en la frente, seg\u00fan narrativa de una nota informativa en la revista <em>IQ Magazine<\/em>, dieron parte al General Salinas, brazo derecho de Torreblanca.<\/p>\n<p>Por ello se puede decir que Zeferino Torreblanca no goza de la calidad moral para sopesar o poner en el banquillo de los acusados a un gobierno ajeno al suyo sin que \u00e9l mismo se halle en la misma balanza donde todos deben ser pesados.<\/p>\n<p>Siendo opositor, se cans\u00f3 de tildar a <strong><span class=\"xv78j7m\" spellcheck=\"false\">Manuel A\u00f1orve Ba\u00f1os<\/span><\/strong> de ma\u00f1oso, corrupto y traidor; a <strong><span class=\"xv78j7m\" spellcheck=\"false\">\u00c1ngel Aguirre Rivero<\/span><\/strong> lo tach\u00f3 de haber sido un gobernante megal\u00f3mano, de oropel y timorato; a <strong>Rub\u00e9n Figueroa Alcocer<\/strong> no lo baj\u00f3 de ser un pat\u00e1n&#8230; y de Rogelio de la O, ex alcalde de Acapulco, \u00a1no se diga!: Fue su costal de boxeo donde descarg\u00f3 toda su furia moralista y de ma\u00f1oso, corrupto y nepotista no lo baj\u00f3. Lleg\u00f3, inclusive, a poner una demanda penal, que no prosper\u00f3.<\/p>\n<p>Ir\u00f3nico, \u00a1no tard\u00f3 mucho en ver im\u00e1genes de Zeferino, &#8216;abrazado&#8217; de los corruptos, ma\u00f1osos, megal\u00f3manos y patanes A\u00f1orve, Aguirre y Figueroa, respectivamente, tapizando internet y las p\u00e1ginas de los medios de la \u00e9poca!<\/p>\n<p>Peor a\u00fan, 27 de junio del a\u00f1o 2009, Zeferino Torreblanca, como gobernador, y Manuel A\u00f1orve, como alcalde, firmaron un multimillonario <a href=\"https:\/\/www.acapulcopress.com\/wp-content\/uploads\/2025\/09\/CIA.jpg\"><img loading=\"lazy\" decoding=\"async\" class=\"alignleft wp-image-1260142 size-cmsmasters-square-thumb\" src=\"https:\/\/www.acapulcopress.com\/wp-content\/uploads\/2025\/09\/CIA-360x360.jpg\" alt=\"\" width=\"360\" height=\"360\" srcset=\"https:\/\/www.acapulcopress.com\/wp-content\/uploads\/2025\/09\/CIA-360x360.jpg 360w, https:\/\/www.acapulcopress.com\/wp-content\/uploads\/2025\/09\/CIA-150x150.jpg 150w, https:\/\/www.acapulcopress.com\/wp-content\/uploads\/2025\/09\/CIA-70x70.jpg 70w\" sizes=\"auto, (max-width: 360px) 100vw, 360px\" \/><\/a>convenio de arrentamiento del<em> Centro Internacional Acapulco<\/em> a <em>Grupo Chedraui<\/em> a espaldas de los guerrerenses y los acapulque\u00f1os, el cual se realiz\u00f3 a trav\u00e9s del<em> Banco Nacional de Obras P\u00fablicas (Banobras)<\/em>, firmando como subdirector fiduciario <strong>Jos\u00e9 Alejandro Chew Lemus<\/strong>.<\/p>\n<p>El per\u00edodo preoperativo del contrato transcurrir\u00eda \u00aba partir del 1 de diciembre del a\u00f1o 2009 al 30 de noviembre del 2011\u00bb, por lo que el tiempo de vigencia oficial del contrato de arrendamiento comenzar\u00eda el \u00ab1 de diciembre del 2012 hasta el 30 de noviembre del 2027\u00bb, lapso que comprender\u00edan los primeros 15 a\u00f1os, m\u00e1s los 15 a\u00f1os restantes de renovaci\u00f3n autom\u00e1tica, lo cual indicaba que el t\u00e9rmino del contrato global de 30 a\u00f1os de arrendamiento terminar\u00eda en en el a\u00f1o 2042.<\/p>\n<p>\u00a1La millonaria suma de arrendamiento era muy generosa!<\/p>\n<p>Afortundamente, la intervencion del gobierno federal impidio los oscuros negocios del binomio pol\u00edtico que alguna vez termin\u00f3 en los golpes y demandas penales.<\/p>\n<p>Siendo alcalde, todo lo que hab\u00eda dicho de sus adversarios, se le revirti\u00f3.<\/p>\n<p>Quiz\u00e1 destac\u00f3 haciendo obras y servicios p\u00fablicos de calidad, pero su gobierno igual se infest\u00f3 de corrupci\u00f3n y nepotismo en la misma dosis que la de sus antecesores.<\/p>\n<p>Torreblanca Galindo no estuvo exento ni de &#8216;l\u00edos de falda&#8217;.<\/p>\n<p>Fue p\u00fablica su infidelidad a su esposa<strong> Gala Martin<\/strong> con una conductora de <em>Televisi\u00f3n Azteca<\/em>, con quien finalmente tambi\u00e9n termin\u00f3 separ\u00e1ndose.<\/p>\n<p>Todo lo bueno que hizo se vino abajo con las malas acciones de sus colaboradores. \u00a1Hasta su fiel secretaria,<strong> Magaly Serna<\/strong>, fue acusada por el equipo de entrega-recepci\u00f3n del segundo mandato de \u00c1ngel Aguirre (2011-2014) de malversaci\u00f3n de recursos en la secretaria de Salud!<\/p>\n<p>De ah\u00ed, pues, que Zeferino Torreblanca deber\u00eda ejercer sus cr\u00edticas con m\u00e1s mesura, pues ni puritano ni santo es.<\/p>\n<p>Cualquiera en su sano juicio que pregunte qui\u00e9n permiti\u00f3 la entrada y el posicionamiento de la delincuencia y crimen organizado a Guerrero, no dudar\u00e1 en remitirse al gobierno de Torreblanca Galindo. \u00a1Y las pruebas est\u00e1n en los medios de comunicaci\u00f3n del per\u00edodo 2005-2011, fecha en que el Se\u00f1or de la Z gobern\u00f3 Guerrero.<\/p>\n<p>No se trata del g\u00e9nero que critica, sino la forma c\u00ednica con que lo hace.<\/p>\n<p>Para muestra de que si se quiere, se puede, ah\u00ed tenemos a <strong>Carlos Manzo<\/strong>, alcalde de Uruapan, Michoac\u00e1n, que sin ser \u00abfiscal\u00bb, como se excusa Abelina L\u00f3pez Rodr\u00edguez para enfrentar la delincuencia en Acapulco, ni tener las facultades para confrontar al crimen organizado (Art\u00edculo 115 de la Ley del Municipio Libre), ni contar con el respaldo federal del \u00abBatman\u00bb de<strong> Claudia Sheinbaum<\/strong>, <strong><span class=\"xv78j7m\" spellcheck=\"false\">Omar Garc\u00eda Harfuch<\/span><\/strong>, est\u00e1 teniendo \u00e9xito sobresaliente en su lucha contra la delincuencia organizada en su municipio.<\/p>\n<p>Zeferino Torreblanca criticaba que el pri\u00edsta<strong> Rogelio de la O<\/strong> se la pasaba \u00abremodelando la Costera\u00bb, y cuando \u00e9l lleg\u00f3 al poder, a trav\u00e9s del PRD, hizo exactamente lo mismo, argumentando que la costera era la imagen tur\u00edstica del puerto y por eso ten\u00eda que estar siempre \u00abbella y atendida\u00bb.<\/p>\n<p>La corrupci\u00f3n en la Polic\u00eda municipal y Tr\u00e1nsito no fue ni controlada ni abatida en la era de Torreblanca; todos sabes que su compadre Luciano S\u00e1nchez Aparicio ten\u00eda &#8216;manga ancha&#8217; para hacer y deshacer como director de la que hoy se conoce como Polic\u00eda Vial.<\/p>\n<p>En la direcci\u00f3n de Obras P\u00fablicas y Reglamentos del gobierno zeferinista tambi\u00e9n hubo moches y protegidos.<\/p>\n<p>En \u00abel mejor gobierno de Acapulco\u00bb Igual falt\u00f3 el agua potable, hab\u00eda playas inseguras y penumbras, y calles sucias y con baches. No se pudo hacer \u00abtodo lo prometido\u00bb porque Torreblanca mismo hab\u00eda admitido que no era lo mismo \u00abcriticar desde el lado de la oposici\u00f3n, como gobernar\u00bb.<\/p>\n<p>Descalificar por descalificar no es \u00e9tico.<\/p>\n<p>Juzgar a las personas por sus rasgos o apariencias menos.<\/p>\n<p>No es digno de un ser humano juzgar o otros por sus apariencias.<\/p>\n<p>Para criticar, hay que tener la &#8216;cola chiquita&#8217;, seg\u00fan la<em> Ley del Elefante<\/em>, &#8216;no ser lengualarga&#8217;, seg\u00fan un proverbio popular, y ante todo, tener \u00abcalidad moral\u00bb, seg\u00fan una m\u00e1xima de oro de los buenos principios y los valores humanos.<\/p>\n<p>Que Zeferino Torreblana tuvo muchos aciertos como presidente municipal, \u00a1es irrefutable! Pero todos ellos se fueron perdiendo mientras conclu\u00eda su per\u00edodo como alcalde y comenz\u00f3 su era como gobernador, donde tambi\u00e9n hizo obras de impacto, pero no por eso su gobierno se plag\u00f3 impactantemente de corrupci\u00f3n, nepotismo, desv\u00edo de recursos e inseguridad y violencia desmedida.<\/p>\n<p>Quiz\u00e1 la inseguridad era un fen\u00f3meno nacional, dada la declarada guerra del presidente de M\u00e9xico, el panista <span class=\"xv78j7m\" spellcheck=\"false\">Felipe Calder\u00f3n<\/span>, contra los carteles de las drogas, pero de ninguna manera fue perdonable que el llamado &#8216;mejor gobernador&#8217; de Guerrero haya optado por &#8216;abrazar&#8217; &#8211;a su estilo&#8211; a los delincuentes y criminales con la c\u00ednica confesi\u00f3n \u00abno quiero, ni puedo, ni tengo que combatir el crimen organizado\u00bb.<\/p>\n<p>No es un secreto que \u00abEl Zorro\u00bb de nuevo busca ser presidente de Acapulco&#8230;<\/p>\n<p>\u00a1Dios salve a los acapulque\u00f1os y guerrerenses de personas que se creen puritanas pero en el fondo son peores que las que critican!<\/p>\n<p><em><strong>Sin da\u00f1os a terceros.\u00a0<\/strong><\/em><\/p>\n<p>) <a href=\"http:\/\/fb.me\/acapulcopress\" target=\"_blank\" rel=\"noopener\">fb.me\/acapulcopress<\/a><br \/>\n)<a href=\"http:\/\/fb.me\/steparious\" target=\"_blank\" rel=\"noopener\"> fb.me\/steparious<\/a><\/p>\n<p>&nbsp;<\/p>\n","protected":false},"excerpt":{"rendered":"<p>En una entrevista &#8211;la \u00fanica&#8211; concedida por Zeferino Torreblanca al autor de estas l\u00edneas, que entonces fung\u00eda como corresponsal<\/p>\n","protected":false},"author":1,"featured_media":1260141,"comment_status":"closed","ping_status":"open","sticky":false,"template":"","format":"standard","meta":{"footnotes":""},"categories":[1991,2008],"tags":[3174,3896,3926,3944,18754,18755,5298,5550,5853,18750,18752,9417,9423,10796,18751,18746,18748,12116,18753,12366,12791,13940,18747,15750,15854,18749,16638,16871,18303],"class_list":["post-1260140","post","type-post","status-publish","format-standard","has-post-thumbnail","hentry","category-libertad-de-expresion","category-editorial","tag-acapulco-press","tag-andres-manuel-lopez-obrador","tag-angel-aguirre-rivero","tag-angel-steparious","tag-banco-nacional-de-obras-publicas-banobras","tag-carlos-manzo-el-del-sombrero","tag-cartel-de-los-beltran-leyva","tag-centro-internacional-acapulco","tag-claudia-sheinbaum-pardo","tag-edgar-valdez-villarreal-la-barbie","tag-gala-martin","tag-grupo-aca","tag-grupo-chedraui","tag-joaquin-el-chapo-guzman-loera","tag-jose-alejandro-chew-lemus","tag-juan-heriberto-salinas-altes","tag-los-pelones","tag-los-zeta","tag-magaly-serna","tag-manuel-anorve-banos","tag-massiosare","tag-omar-garcia-harfuch","tag-osiel-cardenas-guillen","tag-rogelio-de-la-o-almazan","tag-ruben-figueroa-alcocer","tag-senor-de-la-z","tag-sin-danos-a-terceros","tag-steparious","tag-zeferino-torreblanca"],"_links":{"self":[{"href":"https:\/\/www.acapulcopress.com\/index.php\/wp-json\/wp\/v2\/posts\/1260140","targetHints":{"allow":["GET"]}}],"collection":[{"href":"https:\/\/www.acapulcopress.com\/index.php\/wp-json\/wp\/v2\/posts"}],"about":[{"href":"https:\/\/www.acapulcopress.com\/index.php\/wp-json\/wp\/v2\/types\/post"}],"author":[{"embeddable":true,"href":"https:\/\/www.acapulcopress.com\/index.php\/wp-json\/wp\/v2\/users\/1"}],"replies":[{"embeddable":true,"href":"https:\/\/www.acapulcopress.com\/index.php\/wp-json\/wp\/v2\/comments?post=1260140"}],"version-history":[{"count":5,"href":"https:\/\/www.acapulcopress.com\/index.php\/wp-json\/wp\/v2\/posts\/1260140\/revisions"}],"predecessor-version":[{"id":1260148,"href":"https:\/\/www.acapulcopress.com\/index.php\/wp-json\/wp\/v2\/posts\/1260140\/revisions\/1260148"}],"wp:featuredmedia":[{"embeddable":true,"href":"https:\/\/www.acapulcopress.com\/index.php\/wp-json\/wp\/v2\/media\/1260141"}],"wp:attachment":[{"href":"https:\/\/www.acapulcopress.com\/index.php\/wp-json\/wp\/v2\/media?parent=1260140"}],"wp:term":[{"taxonomy":"category","embeddable":true,"href":"https:\/\/www.acapulcopress.com\/index.php\/wp-json\/wp\/v2\/categories?post=1260140"},{"taxonomy":"post_tag","embeddable":true,"href":"https:\/\/www.acapulcopress.com\/index.php\/wp-json\/wp\/v2\/tags?post=1260140"}],"curies":[{"name":"wp","href":"https:\/\/api.w.org\/{rel}","templated":true}]}}