{"id":1260149,"date":"2025-09-10T07:29:04","date_gmt":"2025-09-10T13:29:04","guid":{"rendered":"https:\/\/www.acapulcopress.com\/?p=1260149"},"modified":"2025-09-10T16:42:59","modified_gmt":"2025-09-10T22:42:59","slug":"por-decadas-la-laguna-negra-espera-su-regeneracion","status":"publish","type":"post","link":"https:\/\/www.acapulcopress.com\/index.php\/2025\/09\/10\/por-decadas-la-laguna-negra-espera-su-regeneracion\/","title":{"rendered":"Por d\u00e9cadas, la Laguna Negra espera su regeneraci\u00f3n\u00a0"},"content":{"rendered":"<p>Marem\u00e1gnum<br \/>\n\u00bb <a href=\"https:\/\/www.facebook.com\/ricardocastill01\" target=\"_blank\" rel=\"noopener\"><strong>RICARDO<\/strong> |<strong> CASTILLO BARRIENTOS<\/strong><\/a><\/p>\n<p>Por su importancia publico a continuaci\u00f3n partes medulares del Acuerdo por el que se destina al Gobierno del Estado de Guerrero, el inmueble conocido como \u201cLaguna Negra\u201d, Puerto Marqu\u00e9s, Municipio de Acapulco, Gro., publicado en el Diario Oficial de la Federaci\u00f3n (<strong>DOF<\/strong>), el <strong>9 de febrero de 1988<\/strong>, agradeciendo la valiosa aportaci\u00f3n del ameritado ingeniero Francisco Delgado Garc\u00eda.<\/p>\n<p>El Acuerdo fue expedido cuando Manuel Camacho Sol\u00eds, fungi\u00f3 como secretario de Desarrollo Urbano y Ecolog\u00eda del gobierno federal, con fundamento a la Ley General de Bienes Nacionales y del Reglamento de la Zona Federal Mar\u00edtima Terrestre y de los Terrenos Ganados al Mar, considerando necesario se adopten acciones de protecci\u00f3n en esa zona, para evitar que contin\u00fae siendo un centro de concentraci\u00f3n de basura y desechos que generan la contaminaci\u00f3n de ese dep\u00f3sito de agua, lo que hace imperativo que la autoridad local evite que se generen nuevos asentamientos, por las consecuencias sociales y ecol\u00f3gicas que tal hecho tendr\u00eda.<\/p>\n<p>Que el problema de la contaminaci\u00f3n de la \u201cLaguna Negra\u201d, debe ser atendido dentro del marco de competencias de la Federaci\u00f3n, el Estado de Guerrero y el municipio de Acapulco.<\/p>\n<p>Por lo tal motivo se expidi\u00f3 el siguiente Acuerdo:<\/p>\n<p>PRIMERO.- Se destina al Gobierno del Estado de Guerrero el inmueble conocido como \u201cLaguna Negra\u201d Puerto Marqu\u00e9s, para que esos dos niveles de gobierno, adopten las medidas necesarias para la restauraci\u00f3n ecol\u00f3gica de la zona y su respectiva protecci\u00f3n.<\/p>\n<p>SEGUNDO.- El Gobierno Federal y el Gobierno del Estado, proceder\u00e1n a hacer la identificaci\u00f3n de la superficie lagunar y de su zona federal, con base en las delimitaciones existentes.<\/p>\n<p>TERCERO.- El destino de la \u201cLaguna Negra\u201d, \u00fanicamente tendr\u00e1 por objeto un uso que sea compatible con su regeneraci\u00f3n y protecci\u00f3n.<\/p>\n<p>CUARTO.- El destino a que se refiere el presente Acuerdo, no transmite la propiedad de los bienes inmuebles a que el mismo se refiere, ni otorga derecho real sobre ellos. Para cambiar el uso u aprovechamiento, el Gobierno del Estado deber\u00e1 solicitarlo a la Secretar\u00eda de Desarrollo Urbano y Ecolog\u00eda, la que podr\u00e1 autorizarlo de conformidad con las disposiciones legales aplicables.<\/p>\n<p>El Acuerdo nunca entr\u00f3 en vigor, el Fideicomiso Acapulco no lo hizo cumplir, el gobierno estatal solo se concret\u00f3 a realizar remodelaciones en el \u00e1rea de restaurantes, provocando se incrementara la contaminaci\u00f3n del cuerpo lagunar y mayores asentamientos urbanos, sin que alguna dependencia gubernamental se abocara a frenarlos hasta la actualidad.<\/p>\n<p><strong>Marea Baja.-<\/strong> Como jaur\u00eda de caza andan los agentes de Gobernaci\u00f3n del Ayuntamiento de Chilpancingo, peinando todos los negocios de todos los tama\u00f1os dizque verificando si cuentan con los permisos y pagos en regla, procediendo a clausuras o multas por doquier.<\/p>\n<p>El Ayuntamiento capitalino se encuentra urgido de ingresos financieros, motivo por el cual han desplegado una intensa campa\u00f1a nunca vista, que est\u00e1 causando muchas molestias a los contribuyentes, visitados hasta en las colonias ubicadas en los cerros m\u00e1s altos de la ciudad capital.<\/p>\n<p><strong>Marea Alta.-<\/strong> Resulta que los grupos pol\u00edticos del Congreso del Estado es hora que no se ponen de acuerdo en la designaci\u00f3n del coordinador de la JUCOPO, pues el diputado Jes\u00fas Uri\u00f3stegui, se aferra mantenerse en el codiciado cargo, que ahora corresponde a los \u201cNu\u00f1istas\u201d.<\/p>\n<p>Hay indicios que la reciente renuncia al PT, de los diputados P\u00e1nfilo S\u00e1nchez Almaz\u00e1n y Claudia Sierra P\u00e9rez, para incorporarse a la fracci\u00f3n parlamentaria de MORENA, huele a una maniobra pol\u00edtica para que el diputado Uri\u00f3stegui cuente con mayor\u00eda de votos para permanecer como coordinador del \u00f3rgano legislativo.<\/p>\n<p><strong>Maremoto.-<\/strong> La soberbia es mala consejera y es practicada en todo su esplendor por el director general del Fondo Nacional de Turismo (<strong>FONATUR<\/strong>), Sebasti\u00e1n Ram\u00edrez Mendoza, quien carece de sensibilidad pol\u00edtica al negarse a dialogar con los grupos sociales que lo solicitan, como los casos de los ambientalistas y promotores culturales del \u201cJard\u00edn del Puerto\u201d y los prestadores de servicios tur\u00edsticos que exigen indemnizaci\u00f3n por resultar afectados por el <strong>Marinab\u00fas<\/strong>.<\/p>\n<p>A Ram\u00edrez Mendoza se le olvida haber sido presidente de <strong>MORENA<\/strong> en la Ciudad de M\u00e9xico, pues actual igual o peor que los funcionarios p\u00fablicos federales del PRI o PAN, quienes eran m\u00e1s sensibles para atender los reclamos de los grupos sociales cuando exist\u00edan problemas con dependencias del gobierno federal.<\/p>\n<p>Y como nunca faltan los oportunistas, el diputado Javier Taja Ram\u00edrez, se ha pronunciado a favor de Sebasti\u00e1n Ram\u00edrez y as\u00ed quiere ser alcalde de Acapulco, por lo que bajar\u00e1n sus bonos y un mayor rechazo de los acapulque\u00f1os a su posible nominaci\u00f3n.<\/p>\n","protected":false},"excerpt":{"rendered":"<p>Por su importancia publico a continuaci\u00f3n partes medulares del Acuerdo por el que se destina al Gobierno del Estado de Guerrero,<\/p>\n","protected":false},"author":1,"featured_media":1260150,"comment_status":"closed","ping_status":"open","sticky":false,"template":"","format":"standard","meta":{"footnotes":""},"categories":[2071,1991],"tags":[11670,12503,15575],"class_list":["post-1260149","post","type-post","status-publish","format-standard","has-post-thumbnail","hentry","category-opinion-analisis-columnas","category-libertad-de-expresion","tag-laguna-negra-de-puerto-marques","tag-maremagnum","tag-ricardo-castillo-barrientos"],"_links":{"self":[{"href":"https:\/\/www.acapulcopress.com\/index.php\/wp-json\/wp\/v2\/posts\/1260149","targetHints":{"allow":["GET"]}}],"collection":[{"href":"https:\/\/www.acapulcopress.com\/index.php\/wp-json\/wp\/v2\/posts"}],"about":[{"href":"https:\/\/www.acapulcopress.com\/index.php\/wp-json\/wp\/v2\/types\/post"}],"author":[{"embeddable":true,"href":"https:\/\/www.acapulcopress.com\/index.php\/wp-json\/wp\/v2\/users\/1"}],"replies":[{"embeddable":true,"href":"https:\/\/www.acapulcopress.com\/index.php\/wp-json\/wp\/v2\/comments?post=1260149"}],"version-history":[{"count":2,"href":"https:\/\/www.acapulcopress.com\/index.php\/wp-json\/wp\/v2\/posts\/1260149\/revisions"}],"predecessor-version":[{"id":1260152,"href":"https:\/\/www.acapulcopress.com\/index.php\/wp-json\/wp\/v2\/posts\/1260149\/revisions\/1260152"}],"wp:featuredmedia":[{"embeddable":true,"href":"https:\/\/www.acapulcopress.com\/index.php\/wp-json\/wp\/v2\/media\/1260150"}],"wp:attachment":[{"href":"https:\/\/www.acapulcopress.com\/index.php\/wp-json\/wp\/v2\/media?parent=1260149"}],"wp:term":[{"taxonomy":"category","embeddable":true,"href":"https:\/\/www.acapulcopress.com\/index.php\/wp-json\/wp\/v2\/categories?post=1260149"},{"taxonomy":"post_tag","embeddable":true,"href":"https:\/\/www.acapulcopress.com\/index.php\/wp-json\/wp\/v2\/tags?post=1260149"}],"curies":[{"name":"wp","href":"https:\/\/api.w.org\/{rel}","templated":true}]}}