{"id":1260165,"date":"2025-09-12T10:08:09","date_gmt":"2025-09-12T16:08:09","guid":{"rendered":"https:\/\/www.acapulcopress.com\/?p=1260165"},"modified":"2025-09-12T20:18:33","modified_gmt":"2025-09-13T02:18:33","slug":"se-prolonga-a-seis-ano-el-periodo-para-el-proximo-rector","status":"publish","type":"post","link":"https:\/\/www.acapulcopress.com\/index.php\/2025\/09\/12\/se-prolonga-a-seis-ano-el-periodo-para-el-proximo-rector\/","title":{"rendered":"Se prolonga a seis a\u00f1o el periodo para el pr\u00f3ximo rector"},"content":{"rendered":"<p>Marem\u00e1gnum<br \/>\n\u00bb <a href=\"https:\/\/www.facebook.com\/ricardocastill01\" target=\"_blank\" rel=\"noopener\"><strong>RICARDO<\/strong> | <strong>CASTILLO BARRIENTOS<\/strong><\/a><\/p>\n<p>La<em> Universidad Aut\u00f3noma de Guerrero (UAGro)<\/em> tiene una extraordinaria historia de tradici\u00f3n de lucha, desde su origen como instituci\u00f3n de educaci\u00f3n superior, a partir del a\u00f1o de 1960 cuando fueron masacrados m\u00e1s de 20 personas por miembros del Ej\u00e9rcito Mexicano, bajo las ordenes del General <strong>Ra\u00fal Caballero Aburt<\/strong>o, gobernador del estado, quien fue defenestrado por la matanza.<\/p>\n<p>El movimiento estudiantil y popular cobr\u00f3 fuerza en demanda de la autonom\u00eda universitaria, conquistada despu\u00e9s del derramamiento de sangre de inermes ciudadanos, comerciantes y estudiantes, el 30 de diciembre de ese fat\u00eddico a\u00f1o.<\/p>\n<p>En 1965 se gener\u00f3 un nuevo movimiento estudiantil contra la reelecci\u00f3n del rector <strong>Virgilio G\u00f3mez Moharro<\/strong>, impidi\u00e9ndole continuar al frente del <em>alma mater<\/em>, desterrando esa pr\u00e1ctica antidemocr\u00e1tica transitoriamente, para volver por sus fueros con la primera reelecci\u00f3n del rector, Javier Salda\u00f1a Almaz\u00e1n, despu\u00e9s de la modificaci\u00f3n de la Ley Org\u00e1nica en 2017, en el periodo del gobernador <strong>H\u00e9ctor Astudillo Flore<\/strong>s.<\/p>\n<p>Despu\u00e9s en 2021, Salda\u00f1a Almaz\u00e1n es reelecto por segunda ocasi\u00f3n y con ello, tres periodos consecutivos al frente de la UAGro, que iniciaron en 2014, siendo hasta el momento 11 a\u00f1os en la rector\u00eda, caso \u00fanico en la historia de las universidades mexicanas. El ex rector Rosal\u00edo Wences Reza, fungi\u00f3 como rector en tres ocasiones de manera interrumpida, en periodos de tres a\u00f1os.<\/p>\n<p>Con un Consejo Universitario domesticado y con el pretexto de la armonizaci\u00f3n con la Constituci\u00f3n Pol\u00edtica de los Estados Unidos Mexicanos, el d\u00eda martes nueve del actual, aprob\u00f3 la reforma de los art\u00edculos 28 y 29 de la Ley Org\u00e1nica, para qu\u00e9 a partir de 2027, el nuevo rector perdure seis a\u00f1os en el cargo, as\u00ed como, directores y consejeros universitarios maestros. La iniciativa deber\u00e1 ser enviada por la gobernadora Evelyn Salgado al Congreso del Estado para su aprobaci\u00f3n<\/p>\n<p>Solo existe un solo antecedente en el pa\u00eds sobre la duraci\u00f3n de seis a\u00f1os en la rector\u00eda, siendo la Universidad de Guadalajara donde perdura el rector seis a\u00f1os, debido a los grupos caciquiles que dominan la instituci\u00f3n desde la \u00e9poca de Carlos Ram\u00edrez Ladewig, en los a\u00f1os 70s, hasta la actualidad.<\/p>\n<p>Sin embargo, la nueva reforma universitaria no considera la nefasta pr\u00e1ctica del nepotismo, como qued\u00f3 prohibida en la reforma constitucional para aplicarse en el a\u00f1o 2030.<\/p>\n<p>Despu\u00e9s de quedar excluido del <strong>FREDEUAG<\/strong>, fundado por el doctor Wences Reza, el rector Salda\u00f1a Almaz\u00e1n se dio a la tarea de formar el Grupo Universidad por Guerrero (<strong>GUG<\/strong>), integrado por grup\u00fasculos universitarios y funcionarios de la administraci\u00f3n central, quienes usufruct\u00faan el presupuesto universitario.<\/p>\n<p>La combativa universidad democr\u00e1tica y popular qued\u00f3 en el olvido, sin importar las luchas y las p\u00e9rdidas de vidas para conquistar la autonom\u00eda y democracia universitarias, sin que exista el menor resquicio para abatir el poder totalitario de Salda\u00f1a Almaz\u00e1n, quien habr\u00e1 de designar a su sucesor y mantener su cacicazgo, adem\u00e1s de obtener alg\u00fan cargo de elecci\u00f3n popular por el Partido Verde o MORENA,<\/p>\n<p><strong>Marea Baja.-<\/strong> Como cada tres a\u00f1os, el ex gobernador <strong>Zeferino Torreblanca Galindo<\/strong>, hizo su reaparici\u00f3n en el Grupo ACA, para denostar a tirios y troyanos, en busca de reflectores para lanzarse nuevamente en busca de la alcald\u00eda de Acapulco, como candidato del partido en formaci\u00f3n \u201cSomos M\u00e9xico\u201d, el pr\u00f3ximo a\u00f1o obtendr\u00e1 su registro como partido pol\u00edtico.<\/p>\n<p>El pol\u00edtico y empresario venido a menos, se da ba\u00f1os de pureza, olvidando que en su gobierno se recrudeci\u00f3 la violencia en la entidad, con la aparici\u00f3n de los primeros descabezados en la colonia La Garita del puerto de Acapulco; a\u00fan as\u00ed y sin calidad moral, se atreve a cuestionar el gobierno de la presidenta <strong>Claudia Sheinbaum<\/strong> y de paso a la gobernadora Evelyn Salgado Pineda y a su ex pupila, <strong>Abelina L\u00f3pez Rodr\u00edguez<\/strong>.<\/p>\n<p>La actitud enfermiza de Torreblanca Galindo est\u00e1 fuera de \u00f3rbita, pues no cuenta con ning\u00fan tipo de respaldo popular, excepto sus incondicionales que medraron durante su paso por el ayuntamiento de Acapulco y el Gobierno del Estado. Qu\u00e9 poca memoria, ya no est\u00e1 para dar consejos, pues los hubiera aplicado cuando fue alcalde y gobernador durante sus fallidos gobiernos.<\/p>\n<p><strong>Marea Alta.-<\/strong> Mucha la diferencia existe como funcionarios p\u00fablicos entre el almirante Carlos Eduardo LEglise Escamilla, comandante de la Octava Regi\u00f3n Naval y el vicealmirante Raymundo S\u00e1nchez, administrador de la ASIPONA, con Sebasti\u00e1n Ram\u00edrez Mendoza, director de FONATUR.<\/p>\n<p>Los dos primeros han estado abiertos al di\u00e1logo con los prestadores de servicios tur\u00edsticos y los ambientalistas y promotores culturales, mientras Ram\u00edrez Mendoza se cierra en su caparaz\u00f3n sin escuchar a nadie e imponer sus burdas decisiones, por eso ahora exigen su destituci\u00f3n a la presidenta Sheinbaum, cosa dif\u00edcil que suceda porque los gobiernos de la Cuarta Transformaci\u00f3n sostienen contra viento y marea a sus funcionarios predilectos.<\/p>\n<p><strong>Maremoto.-<\/strong> Definitivamente no hay que bajar la guardia en esta temporada de huracanes que concluir\u00e1 en el mes de noviembre. Ahora se ha formado la depresi\u00f3n tropical 13-E, que podr\u00eda evolucionar al cicl\u00f3n Mario, en los pr\u00f3ximos d\u00edas.<\/p>\n<p>Las desagradables experiencias por los desastres causados por los huracanes <em>Otis y John<\/em>, nos deben mantener en permanente estado de alerta sin caer en exageraciones, contando con la informaci\u00f3n fidedigna de los servicios meteorol\u00f3gicos responsables de monitorear las trayectorias y evoluci\u00f3n de los fen\u00f3menos naturales, mientras tanto, la SEP ha ordenado la suspensi\u00f3n de labores educativas en Acapulco, las costas y en la sierra.<\/p>\n<p><em>) <a href=\"http:\/\/fb.me\/steparious\" target=\"_blank\" rel=\"noopener\">fb.me\/steparious\u00a0<\/a><br \/>\n)<a href=\"http:\/\/fb.me\/acapulcopress\" target=\"_blank\" rel=\"noopener\"> fb.me\/acapulcopress<\/a><br \/>\n]<a href=\"http:\/\/acapulcopress.com\" target=\"_blank\" rel=\"noopener\"> acapulcopress.com<\/a><br \/>\n<\/em><\/p>\n","protected":false},"excerpt":{"rendered":"<p>La Universidad Aut\u00f3noma de Guerrero (UAGro) tiene una extraordinaria historia de tradici\u00f3n de lucha,<\/p>\n","protected":false},"author":1,"featured_media":1260166,"comment_status":"closed","ping_status":"open","sticky":false,"template":"","format":"standard","meta":{"footnotes":""},"categories":[2071,1991],"tags":[10644,12503,15575,17610],"class_list":["post-1260165","post","type-post","status-publish","format-standard","has-post-thumbnail","hentry","category-opinion-analisis-columnas","category-libertad-de-expresion","tag-javier-saldana-almazan","tag-maremagnum","tag-ricardo-castillo-barrientos","tag-universidad-autonoma-de-guerrero-uagro"],"_links":{"self":[{"href":"https:\/\/www.acapulcopress.com\/index.php\/wp-json\/wp\/v2\/posts\/1260165","targetHints":{"allow":["GET"]}}],"collection":[{"href":"https:\/\/www.acapulcopress.com\/index.php\/wp-json\/wp\/v2\/posts"}],"about":[{"href":"https:\/\/www.acapulcopress.com\/index.php\/wp-json\/wp\/v2\/types\/post"}],"author":[{"embeddable":true,"href":"https:\/\/www.acapulcopress.com\/index.php\/wp-json\/wp\/v2\/users\/1"}],"replies":[{"embeddable":true,"href":"https:\/\/www.acapulcopress.com\/index.php\/wp-json\/wp\/v2\/comments?post=1260165"}],"version-history":[{"count":1,"href":"https:\/\/www.acapulcopress.com\/index.php\/wp-json\/wp\/v2\/posts\/1260165\/revisions"}],"predecessor-version":[{"id":1260167,"href":"https:\/\/www.acapulcopress.com\/index.php\/wp-json\/wp\/v2\/posts\/1260165\/revisions\/1260167"}],"wp:featuredmedia":[{"embeddable":true,"href":"https:\/\/www.acapulcopress.com\/index.php\/wp-json\/wp\/v2\/media\/1260166"}],"wp:attachment":[{"href":"https:\/\/www.acapulcopress.com\/index.php\/wp-json\/wp\/v2\/media?parent=1260165"}],"wp:term":[{"taxonomy":"category","embeddable":true,"href":"https:\/\/www.acapulcopress.com\/index.php\/wp-json\/wp\/v2\/categories?post=1260165"},{"taxonomy":"post_tag","embeddable":true,"href":"https:\/\/www.acapulcopress.com\/index.php\/wp-json\/wp\/v2\/tags?post=1260165"}],"curies":[{"name":"wp","href":"https:\/\/api.w.org\/{rel}","templated":true}]}}