{"id":1260179,"date":"2025-09-12T22:50:42","date_gmt":"2025-09-13T04:50:42","guid":{"rendered":"https:\/\/www.acapulcopress.com\/?p=1260179"},"modified":"2025-09-12T22:51:51","modified_gmt":"2025-09-13T04:51:51","slug":"cayo-hernan-bermudez-lider-de-la-barredora","status":"publish","type":"post","link":"https:\/\/www.acapulcopress.com\/index.php\/2025\/09\/12\/cayo-hernan-bermudez-lider-de-la-barredora\/","title":{"rendered":"Cay\u00f3 Hern\u00e1n Berm\u00fadez, l\u00edder de \u00abLa Barredora\u00bb"},"content":{"rendered":"<p>ASUNCI\u00d3N, Paraguay * 12 de septiembre 2025<br \/>\n<em>) <a href=\"https:\/\/latinus.us\/mexico\/2025\/9\/12\/cae-hernan-bermudez-requena-lider-de-la-barredora-exsecretario-de-seguridad-de-adan-augusto-lopez-en-tabasco-151806.html\" target=\"_blank\" rel=\"noopener\">LatinUs<\/a><\/em><br \/>\nEl titular de la <em>Secretar\u00eda de Seguridad y Protecci\u00f3n Ciudadana (SSPC),<\/em> <strong>Omar Garc\u00eda Harfuch<\/strong>, inform\u00f3 este viernes la detenci\u00f3n de <a href=\"https:\/\/www.acapulcopress.com\/wp-content\/uploads\/2025\/09\/EL-ABUELO-LA-BARREDORA.png\"><img loading=\"lazy\" decoding=\"async\" class=\"alignleft wp-image-1260180 size-cmsmasters-blog-masonry-thumb\" src=\"https:\/\/www.acapulcopress.com\/wp-content\/uploads\/2025\/09\/EL-ABUELO-LA-BARREDORA-580x440.png\" alt=\"\" width=\"580\" height=\"440\" \/><\/a><strong>Hern\u00e1n Berm\u00fadez Requena<\/strong>, alias o \u201cEl Abuelo\u201d, presunto l\u00edder de la organizaci\u00f3n criminal conocida como \u201cLa Barredora\u201d.<\/p>\n<p>Las SSPC detall\u00f3 que \u201cEl Abuelo\u201d fue arrestado en Paraguay en colaboraci\u00f3n con autoridades de ese pa\u00eds.<\/p>\n<p>De acuerdo con la Secretar\u00eda de Seguridad, Hern\u00e1n Berm\u00fadez contaba con un orden de aprehensi\u00f3n desde febrero por los delitos de asociaci\u00f3n delictuosa, extorsi\u00f3n y secuestro expr\u00e9s, en el estado de Tabasco.<\/p>\n<p>El hombre fue secretario de seguridad durante la administraci\u00f3n de Ad\u00e1n Augusto L\u00f3pez en Tabasco<\/p>\n<p>\u00abEn colaboraci\u00f3n con el Gobierno de la Rep\u00fablica de Paraguay, se obtuvo la ubicaci\u00f3n de Hern\u00e1n &#8216;N&#8217; en dicho pa\u00eds y se implementaron las acciones necesarias para efectuar su detenci\u00f3n y traslado a territorio nacional\u00bb, precis\u00f3 la SSPC.<\/p>\n<p>Las autoridades de seguridad recordaron que Hern\u00e1n Berm\u00fadez tambi\u00e9n contaba con una ficha roja emitida por Interpol M\u00e9xico el 17 de julio de 2025.<\/p>\n<p><em>)<a href=\"http:\/\/fb.me\/Steparious\" target=\"_blank\" rel=\"noopener\"> fb.me\/Steparious<\/a><\/em><br \/>\n<em>) <a href=\"http:\/\/fb.me\/Steparious\" target=\"_blank\" rel=\"noopener\">fb.me\/acapulcopress<\/a><\/em><br \/>\n<em>]<a href=\"http:\/\/acapulcopress.com\" target=\"_blank\" rel=\"noopener\"> acapulcopress.com<\/a><\/em><\/p>\n","protected":false},"excerpt":{"rendered":"<p>El titular de la Secretar\u00eda de Seguridad y Protecci\u00f3n Ciudadana (SSPC), Omar Garc\u00eda Harfuch, inform\u00f3 este viernes la detenci\u00f3n de<br \/>\nHern\u00e1n Berm\u00fadez Requena, alias o \u201cEl Abuelo\u201d, presunto l\u00edder de la organizaci\u00f3n criminal conocida como \u201cLa Barredora\u201d.<\/p>\n","protected":false},"author":1,"featured_media":1260181,"comment_status":"closed","ping_status":"open","sticky":false,"template":"","format":"standard","meta":{"footnotes":""},"categories":[1972],"tags":[18759,13940,16284],"class_list":["post-1260179","post","type-post","status-publish","format-standard","has-post-thumbnail","hentry","category-special","tag-hernan-bermudez-requena-el-abuelo","tag-omar-garcia-harfuch","tag-secretaria-de-seguridad-y-proteccion-ciudadana-sspc"],"_links":{"self":[{"href":"https:\/\/www.acapulcopress.com\/index.php\/wp-json\/wp\/v2\/posts\/1260179","targetHints":{"allow":["GET"]}}],"collection":[{"href":"https:\/\/www.acapulcopress.com\/index.php\/wp-json\/wp\/v2\/posts"}],"about":[{"href":"https:\/\/www.acapulcopress.com\/index.php\/wp-json\/wp\/v2\/types\/post"}],"author":[{"embeddable":true,"href":"https:\/\/www.acapulcopress.com\/index.php\/wp-json\/wp\/v2\/users\/1"}],"replies":[{"embeddable":true,"href":"https:\/\/www.acapulcopress.com\/index.php\/wp-json\/wp\/v2\/comments?post=1260179"}],"version-history":[{"count":3,"href":"https:\/\/www.acapulcopress.com\/index.php\/wp-json\/wp\/v2\/posts\/1260179\/revisions"}],"predecessor-version":[{"id":1260184,"href":"https:\/\/www.acapulcopress.com\/index.php\/wp-json\/wp\/v2\/posts\/1260179\/revisions\/1260184"}],"wp:featuredmedia":[{"embeddable":true,"href":"https:\/\/www.acapulcopress.com\/index.php\/wp-json\/wp\/v2\/media\/1260181"}],"wp:attachment":[{"href":"https:\/\/www.acapulcopress.com\/index.php\/wp-json\/wp\/v2\/media?parent=1260179"}],"wp:term":[{"taxonomy":"category","embeddable":true,"href":"https:\/\/www.acapulcopress.com\/index.php\/wp-json\/wp\/v2\/categories?post=1260179"},{"taxonomy":"post_tag","embeddable":true,"href":"https:\/\/www.acapulcopress.com\/index.php\/wp-json\/wp\/v2\/tags?post=1260179"}],"curies":[{"name":"wp","href":"https:\/\/api.w.org\/{rel}","templated":true}]}}