{"id":1260185,"date":"2025-09-15T17:58:28","date_gmt":"2025-09-15T23:58:28","guid":{"rendered":"https:\/\/www.acapulcopress.com\/?p=1260185"},"modified":"2025-09-16T08:10:00","modified_gmt":"2025-09-16T14:10:00","slug":"permanece-la-deuda-historica-con-el-estado-de-guerrero","status":"publish","type":"post","link":"https:\/\/www.acapulcopress.com\/index.php\/2025\/09\/15\/permanece-la-deuda-historica-con-el-estado-de-guerrero\/","title":{"rendered":"Permanece la deuda hist\u00f3rica con el estado de Guerrero\u00a0"},"content":{"rendered":"<p>\u00bb<a href=\"https:\/\/www.facebook.com\/ricardocastill01\" target=\"_blank\" rel=\"noopener\"><strong> RICARDO<\/strong> | <strong>CASTILLO BARRIENTOS<\/strong><\/a><\/p>\n<p>Septiembre, mes de la patria, nos llena de orgullo para refrendar nuestra mexicanidad y exaltarla con j\u00fabilo en las rumbosas festividades tradicionales, hasta en los confines rec\u00f3nditos del territorio nacional.<\/p>\n<p>Las haza\u00f1as hist\u00f3ricas de la Guerra por la Independencia contra la dominaci\u00f3n espa\u00f1ola, solo se recuerdan a sus protagonistas centrales: los curas, Miguel Hidalgo y Costilla y Jos\u00e9 Mar\u00eda Morelos y Pav\u00f3n; en la etapa de la consumaci\u00f3n, el general tixtleco, Vicente Ram\u00f3n Guerrero Salda\u00f1a, resultando nuestro solar suriano pr\u00f3digo en ofrendar a sus mejores hijos a la causa insurgente: Hermenegildo y Pablo Galeana, Nicol\u00e1s y Leonardo Bravo, Juan \u00c1lvarez, Antonia Nava de Catal\u00e1n, Valerio Trujano, Pedro Ascencio de Alquisiras y Juan del Carmen.<\/p>\n<p>Innumerables y cruentas batallas se libraron palmo a palmo en el extenso territorio suriano, con victorias indiscutibles o derrotas inesperadas; lo agreste de la serran\u00eda contribuy\u00f3 a desarrollar estrategias y t\u00e1cticas guerrilleras. Siglo y medio despu\u00e9s lo retomar\u00edan los comandantes Genaro V\u00e1zquez Rojas y Lucio Caba\u00f1as Barrientos, en la misma l\u00ednea pol\u00edtica de liberaci\u00f3n nacional.<\/p>\n<p>Estas fechas no solo deben de celebrarse como se merecen; sino tambi\u00e9n, como un espacio para la reflexi\u00f3n y el rencauzamiento de decisiones pol\u00edticas tendientes a avanzar en transformaciones sustanciales de desarrollo regional y nacional.<\/p>\n<p>Nuestra entidad federativa pag\u00f3 su cuota de sangre en las diversas etapas hist\u00f3ricas del pa\u00eds, con aportaciones cruciales y solidarias de sus mejores hombres y mujeres, en los distintos campos de batallas, en el plano militar, o el \u00e1mbito intelectual con el ilustre, Ignacio Manuel Altamirano Basilio.<\/p>\n<p>La entrega y pasi\u00f3n de los guerrerenses en los momentos cruciales de la historia de M\u00e9xico, no se ha reflejado en el horizonte de su desarrollo, distante al promedio de las dem\u00e1s entidades federativas, en rubros prioritarios en materia de empleo, salud, educaci\u00f3n y otros, no menos importantes. El gobierno federal no ha correspondido a las grandes aportaciones del pueblo guerrerense.<\/p>\n<p>Gobiernos van, gobiernos vienen, y el lacerante atraso socioecon\u00f3mico permanece, con los agravantes de la violencia, las desapariciones forzadas, los desplazamientos masivos, la emigraci\u00f3n y la incesante corrupci\u00f3n.<\/p>\n<p>Los gobiernos de la Rep\u00fablica, del Estado y Municipales, apenas logran cubrir algunas necesidades de servicios p\u00fablicos, quedando rezagado del ritmo del crecimiento poblacional, con nuevos asentamientos humanos carentes de servicios elementales de agua potable, alumbrado p\u00fablico, escuelas, hospitales, centros de salud, etc.<\/p>\n<p>A partir del gobierno de Andr\u00e9s Manuel L\u00f3pez Obrador, el ejercicio presupuestal perme\u00f3 a la sociedad de manera directa, con programas sociales a todos los sectores de la poblaci\u00f3n, muy limitados en los gobiernos del PRI y PAN.<\/p>\n<p>En esa ruta transita M\u00e9xico y Guerrero, sin que sea panacea y resuelva a fondo la aguda problem\u00e1tica social, siempre en espera del mejor cause que redit\u00fae en todas las capas sociales, en especial, las m\u00e1s vulnerables inmersas en la pobreza; tal como se lo propusieron nuestros ilustres pro-hombres, en las luchas libertarias en beneficio de la sociedad por lograr mejores condiciones de vida.<\/p>\n<p><em>)<\/em> <a href=\"http:\/\/fb.me\/Steparious\" target=\"_blank\" rel=\"noopener\">fb.me\/Steparious<\/a><br \/>\n<em>) <a href=\"http:\/\/fb.me\/acapulcopress\" target=\"_blank\" rel=\"noopener\">fb.me\/acapulcopress<\/a><\/em><br \/>\n<em>] <a href=\"http:\/\/acapulcopress.com\" target=\"_blank\" rel=\"noopener\">acapulcopress.com<\/a><\/em><\/p>\n","protected":false},"excerpt":{"rendered":"<p>Septiembre, mes de la patria, nos llena de orgullo para refrendar nuestra mexicanidad y exaltarla con j\u00fabilo<\/p>\n","protected":false},"author":1,"featured_media":1260186,"comment_status":"closed","ping_status":"open","sticky":false,"template":"","format":"standard","meta":{"footnotes":""},"categories":[2071,1991],"tags":[12503,15575],"class_list":["post-1260185","post","type-post","status-publish","format-standard","has-post-thumbnail","hentry","category-opinion-analisis-columnas","category-libertad-de-expresion","tag-maremagnum","tag-ricardo-castillo-barrientos"],"_links":{"self":[{"href":"https:\/\/www.acapulcopress.com\/index.php\/wp-json\/wp\/v2\/posts\/1260185","targetHints":{"allow":["GET"]}}],"collection":[{"href":"https:\/\/www.acapulcopress.com\/index.php\/wp-json\/wp\/v2\/posts"}],"about":[{"href":"https:\/\/www.acapulcopress.com\/index.php\/wp-json\/wp\/v2\/types\/post"}],"author":[{"embeddable":true,"href":"https:\/\/www.acapulcopress.com\/index.php\/wp-json\/wp\/v2\/users\/1"}],"replies":[{"embeddable":true,"href":"https:\/\/www.acapulcopress.com\/index.php\/wp-json\/wp\/v2\/comments?post=1260185"}],"version-history":[{"count":1,"href":"https:\/\/www.acapulcopress.com\/index.php\/wp-json\/wp\/v2\/posts\/1260185\/revisions"}],"predecessor-version":[{"id":1260187,"href":"https:\/\/www.acapulcopress.com\/index.php\/wp-json\/wp\/v2\/posts\/1260185\/revisions\/1260187"}],"wp:featuredmedia":[{"embeddable":true,"href":"https:\/\/www.acapulcopress.com\/index.php\/wp-json\/wp\/v2\/media\/1260186"}],"wp:attachment":[{"href":"https:\/\/www.acapulcopress.com\/index.php\/wp-json\/wp\/v2\/media?parent=1260185"}],"wp:term":[{"taxonomy":"category","embeddable":true,"href":"https:\/\/www.acapulcopress.com\/index.php\/wp-json\/wp\/v2\/categories?post=1260185"},{"taxonomy":"post_tag","embeddable":true,"href":"https:\/\/www.acapulcopress.com\/index.php\/wp-json\/wp\/v2\/tags?post=1260185"}],"curies":[{"name":"wp","href":"https:\/\/api.w.org\/{rel}","templated":true}]}}