{"id":1260192,"date":"2025-09-16T19:26:43","date_gmt":"2025-09-17T01:26:43","guid":{"rendered":"https:\/\/www.acapulcopress.com\/?p=1260192"},"modified":"2025-09-16T19:32:26","modified_gmt":"2025-09-17T01:32:26","slug":"mc-un-zombie-ataviado-de-naranja-con-encefalitis-tricolor","status":"publish","type":"post","link":"https:\/\/www.acapulcopress.com\/index.php\/2025\/09\/16\/mc-un-zombie-ataviado-de-naranja-con-encefalitis-tricolor\/","title":{"rendered":"MC, un zombie ataviado de naranja con encefalitis tricolor"},"content":{"rendered":"<p><strong>E d i t o r i a l<\/strong><\/p>\n<p><em>Con las desersiones masivas de militantes y simpatizantes por la \u00abpol\u00edtica sectarista, excluyentista y elitista\u00bb que &#8211;seg\u00fan refieren quienes se han marchado, forzados por las circunstancias descritas&#8211; se profesa en el partido que presume ser \u00abnuevo\u00bb, pero actualmente no es otra cosa que un &#8216;zombie&#8217; color naranja con &#8216;encefalitis&#8217; tricolor, <strong><span class=\"xv78j7m\" spellcheck=\"false\">Movimiento Ciudadano Guerrero<\/span><\/strong> est\u00e1 cada vez m\u00e1s lejos de ser competencia y opci\u00f3n partidista real de cara a las elecciones del 2027. <\/em><\/p>\n<p><em>El tiempo electoral apremia, pero en MC no hay signos de unidad, de inter\u00e9s por figurar en el \u00e1mbito pol\u00edtico local, sino todo lo contrario: \u00abPareciera que quienes lo administran llevan prisa por destacar ellos, no el partido, no la militancia, ni las perspectivas pol\u00edticas de todos los que quedan en esa barca sin remos\u00bb de la cual <strong><span class=\"xv78j7m\" spellcheck=\"false\">Dante Delgado<\/span><\/strong>, su creador, seguramente estar\u00e1 arrepentido de haberla concesionado a quienes piensan en pol\u00edtica pero no llevan el ADN naranja en las venas ni en las perspectivas naranjas a futuro. <\/em><\/p>\n<p><em>En esa burbuja de poder interno y cupular no hay autonom\u00eda en de decisiones, ni acciones tendientes a descatar como partido, mucho menos voces al servicio de la sociedad o a la militancia, que se ha decepcionado de portar la casaca naranja con el orgullo que lo hac\u00eda en el pasado; tampoco se palpa la visi\u00f3n ni los deseos de la alternancia partidista; en el partido astudillista todo depende de una figura que tampoco ha sabido capitalizar su experiencia ni imagen pol\u00edtica. <\/em><\/p>\n<p><em>Aunque cacaraquean ser lo nuevo y uno que otro &#8216;chamaqueado&#8217; se suma al futuro &#8216;desconocido&#8217; de del MC tricolor, bajo estas condiciones, dif\u00edcilmente un exgobernador deslustrado y unos legisladores desangelados del pasado y el presente podr\u00e1n significar competencia real para Morena en los pr\u00f3ximos dos a\u00f1os que deber\u00edan aprovechar el tiempo para unificar y fortalecer el partido. Sin embargo, desde las ventanas opacas y estrelladas de la barcaza se alcanzan a percibir el sectarismo y la avaricia por salir a flote quienes adquirieron la concesi\u00f3n con car\u00e1cter personal y unilateral. <\/em><\/p>\n<p><em>S\u00ed, (casi) todo lo que ocurre en MC Guerrero da la impresi\u00f3n que la tripulaci\u00f3n o los marineros, que es o son pieza fundamental en toda embarcaci\u00f3n naviera o pol\u00edtica, pero en MC es tratada como de \u00absegunda\u00bb, lamentablemente es invisible o inservible para los proyectos visibles del Capitan y sus comandantes al tim\u00f3n, que conducen sin br\u00fajula, GPS o la m\u00e1s m\u00ednima noci\u00f3n de navegacion partidista.<\/em><\/p>\n<p><em>\u00a1Si a todo lo anterior se le suma la \u00abbienvenida\u00bb anticipada que le extendi\u00f3 la diputada local <strong>\u00c9rika Lhurs<\/strong> a la ampliamente repudiable, omisa y financieramente opaciosa alcaldesa de Acapulco por <span class=\"xv78j7m\" spellcheck=\"false\">Morena<\/span>, <strong><span class=\"xv78j7m\" spellcheck=\"false\">Abelina L\u00f3pez Rodr\u00edguez<\/span><\/strong>, con la posibilidad de hacerla candidata a gobernadora, nadie dude que MC ser\u00e1 el apestado de la fiesta electoral en 2027!<\/em><\/p>\n<p><em>Sin da\u00f1os a terceros.<\/em><\/p>\n<p>)<a href=\"http:\/\/fb.me\/Steparious\" target=\"_blank\" rel=\"noopener\"> fb.me\/Steparious<\/a><br \/>\n) <a href=\"http:\/\/fb.me\/acapulcopress\" target=\"_blank\" rel=\"noopener\">fb.me\/acapulcopress<\/a><br \/>\n] <a href=\"http:\/\/acapulcopress.com\" target=\"_blank\" rel=\"noopener\">acapulcopress.com<\/a><\/p>\n","protected":false},"excerpt":{"rendered":"<p>Con las desersiones masivas de militantes y simpatizantes por la \u00abpol\u00edtica sectarista, excluyentista y elitista\u00bb que &#8211;seg\u00fan refieren quienes<\/p>\n","protected":false},"author":1,"featured_media":1260190,"comment_status":"closed","ping_status":"open","sticky":false,"template":"","format":"standard","meta":{"footnotes":""},"categories":[2048,1991],"tags":[3077,6944,18761,13339],"class_list":["post-1260192","post","type-post","status-publish","format-standard","has-post-thumbnail","hentry","category-editorial-editorial","category-libertad-de-expresion","tag-abelina-lopez-rodriguez","tag-dante-delgado-rannauro","tag-erika-lhurs","tag-movimiento-ciudadano-guerrero"],"_links":{"self":[{"href":"https:\/\/www.acapulcopress.com\/index.php\/wp-json\/wp\/v2\/posts\/1260192","targetHints":{"allow":["GET"]}}],"collection":[{"href":"https:\/\/www.acapulcopress.com\/index.php\/wp-json\/wp\/v2\/posts"}],"about":[{"href":"https:\/\/www.acapulcopress.com\/index.php\/wp-json\/wp\/v2\/types\/post"}],"author":[{"embeddable":true,"href":"https:\/\/www.acapulcopress.com\/index.php\/wp-json\/wp\/v2\/users\/1"}],"replies":[{"embeddable":true,"href":"https:\/\/www.acapulcopress.com\/index.php\/wp-json\/wp\/v2\/comments?post=1260192"}],"version-history":[{"count":4,"href":"https:\/\/www.acapulcopress.com\/index.php\/wp-json\/wp\/v2\/posts\/1260192\/revisions"}],"predecessor-version":[{"id":1260196,"href":"https:\/\/www.acapulcopress.com\/index.php\/wp-json\/wp\/v2\/posts\/1260192\/revisions\/1260196"}],"wp:featuredmedia":[{"embeddable":true,"href":"https:\/\/www.acapulcopress.com\/index.php\/wp-json\/wp\/v2\/media\/1260190"}],"wp:attachment":[{"href":"https:\/\/www.acapulcopress.com\/index.php\/wp-json\/wp\/v2\/media?parent=1260192"}],"wp:term":[{"taxonomy":"category","embeddable":true,"href":"https:\/\/www.acapulcopress.com\/index.php\/wp-json\/wp\/v2\/categories?post=1260192"},{"taxonomy":"post_tag","embeddable":true,"href":"https:\/\/www.acapulcopress.com\/index.php\/wp-json\/wp\/v2\/tags?post=1260192"}],"curies":[{"name":"wp","href":"https:\/\/api.w.org\/{rel}","templated":true}]}}