{"id":1260197,"date":"2025-09-16T20:01:10","date_gmt":"2025-09-17T02:01:10","guid":{"rendered":"https:\/\/www.acapulcopress.com\/?p=1260197"},"modified":"2025-09-16T20:20:05","modified_gmt":"2025-09-17T02:20:05","slug":"la-independencia-sigue-viva-en-la-transformacion-con-justicia-y-bienestar-social-evelyn-salgado","status":"publish","type":"post","link":"https:\/\/www.acapulcopress.com\/index.php\/2025\/09\/16\/la-independencia-sigue-viva-en-la-transformacion-con-justicia-y-bienestar-social-evelyn-salgado\/","title":{"rendered":"\u00abLa Independencia sigue viva en la transformaci\u00f3n\u00bb | Evelyn Salgado"},"content":{"rendered":"<p>CHILPANCINGO * 16 de septiembre 2025<br \/>\n<em>) Gobierno de Guerrero<\/em><br \/>\n\u201cNo puede escribirse la historia de M\u00e9xico sin la lucha y la presencia de los guerrerenses\u201d, afirm\u00f3 la gobernadora <strong>Evelyn Salgado Pineda<\/strong> <a href=\"https:\/\/www.acapulcopress.com\/wp-content\/uploads\/2025\/09\/Guerrero-Independencia10.jpg\"><img loading=\"lazy\" decoding=\"async\" class=\"alignleft wp-image-1260207 size-cmsmasters-square-thumb\" src=\"https:\/\/www.acapulcopress.com\/wp-content\/uploads\/2025\/09\/Guerrero-Independencia10-360x360.jpg\" alt=\"\" width=\"360\" height=\"360\" srcset=\"https:\/\/www.acapulcopress.com\/wp-content\/uploads\/2025\/09\/Guerrero-Independencia10-360x360.jpg 360w, https:\/\/www.acapulcopress.com\/wp-content\/uploads\/2025\/09\/Guerrero-Independencia10-150x150.jpg 150w, https:\/\/www.acapulcopress.com\/wp-content\/uploads\/2025\/09\/Guerrero-Independencia10-70x70.jpg 70w\" sizes=\"auto, (max-width: 360px) 100vw, 360px\" \/><\/a>al encabezar el desfile c\u00edvico militar conmemorativo por el 215 aniversario del inicio de la Independencia de M\u00e9xico en la capital del estado, donde miles de familias disfrutaron el encuentro de orgullo y unidad nacional.<\/p>\n<p>En su mensaje, la mandataria estatal destac\u00f3 que este desfile representa la continuidad hist\u00f3rica, la unidad del pueblo y la lealtad de las fuerzas armadas, al tiempo que subray\u00f3 que la Independencia se vive todos los d\u00edas en la construcci\u00f3n de justicia social, en la defensa de la soberan\u00eda y en la transformaci\u00f3n de Guerrero y de todo M\u00e9xico.<\/p>\n<p>\u201cLa transformaci\u00f3n se construye con unidad, con cercan\u00eda y con amor a nuestro pueblo. Desde Guerrero, donde la patria es primero, recordamos el inicio de la primera gran transformaci\u00f3n, herederos de una historia heroica y protagonistas de un futuro de justicia, de paz y de bienestar social\u201d, expres\u00f3.<\/p>\n<p>Salgado Pineda hizo un reconocimiento a los pueblos originarios y comunidades afromexicanas, quienes respondieron al llamado de la Independencia, junto al pueblo afromexicano del sur que dio al pa\u00eds a Vicente Guerrero, consumador de la Independencia y primer Presidente de M\u00e9xico de ascendencia afromexicana.<\/p>\n<p>Con la autorizaci\u00f3n de la gobernadora, dio inicio el desfile, encabezando la columna del contingente, los elementos y las unidades del <a href=\"https:\/\/www.acapulcopress.com\/wp-content\/uploads\/2025\/09\/Guerrero-Independencia5.jpg\"><img loading=\"lazy\" decoding=\"async\" class=\"alignleft wp-image-1260202 size-cmsmasters-square-thumb\" src=\"https:\/\/www.acapulcopress.com\/wp-content\/uploads\/2025\/09\/Guerrero-Independencia5-360x360.jpg\" alt=\"\" width=\"360\" height=\"360\" srcset=\"https:\/\/www.acapulcopress.com\/wp-content\/uploads\/2025\/09\/Guerrero-Independencia5-360x360.jpg 360w, https:\/\/www.acapulcopress.com\/wp-content\/uploads\/2025\/09\/Guerrero-Independencia5-150x150.jpg 150w, https:\/\/www.acapulcopress.com\/wp-content\/uploads\/2025\/09\/Guerrero-Independencia5-70x70.jpg 70w\" sizes=\"auto, (max-width: 360px) 100vw, 360px\" \/><\/a>Ej\u00e9rcito, Fuerza A\u00e9rea, la Marina y la Guardia Nacional, con sus respectivas banderas de guerra.<\/p>\n<p>Le siguieron contingentes de instituciones p\u00fablicas de seguridad, bomberos, Protecci\u00f3n Civil, Cruz Roja Mexicana, cuerpos de rescate, brigadistas, instituciones educativas y organizaciones sociales de la capital guerrerense, cerrando con la participaci\u00f3n de la asociaci\u00f3n de charrer\u00eda.<\/p>\n<p>En el desfile tambi\u00e9n participaron transportistas del programa Transporte Violeta, con lo cual la gobernadora dio inicio a la campa\u00f1a Guerrero M\u00f3vil, presentando el primer autob\u00fas en la ruta Acapulco que lleva plasmadas las bellezas naturales del estado, con el objetivo de difundir los atractivos tur\u00edsticos del hogar del sol.<\/p>\n<p>Por su parte, el Coronel de Infanter\u00eda<strong> Juan Sotero Garc\u00eda<\/strong>, comandante del 50 Batall\u00f3n de Infanter\u00eda, detall\u00f3 que en el desfile participaron ocho banderas de guerra, 569 elementos de tropa y mariner\u00eda, 37 veh\u00edculos, as\u00ed como 790 efectivos y 56 unidades de la Secretar\u00eda de Seguridad P\u00fablica y Protecci\u00f3n Civil. Tambi\u00e9n se sumaron 12 binomios montados, 2 mil 754 alumnos y docentes de diversos planteles educativos, adem\u00e1s de 18 escaramuzas y 24 charros, concluyendo la jornada c\u00edvica sin novedad.<\/p>\n<p><a href=\"https:\/\/www.acapulcopress.com\/wp-content\/uploads\/2025\/09\/Guerrero-Independencia12.jpg\"><img loading=\"lazy\" decoding=\"async\" class=\"alignnone wp-image-1260209 size-full\" src=\"https:\/\/www.acapulcopress.com\/wp-content\/uploads\/2025\/09\/Guerrero-Independencia12.jpg\" alt=\"\" width=\"853\" height=\"1280\" srcset=\"https:\/\/www.acapulcopress.com\/wp-content\/uploads\/2025\/09\/Guerrero-Independencia12.jpg 853w, https:\/\/www.acapulcopress.com\/wp-content\/uploads\/2025\/09\/Guerrero-Independencia12-300x450.jpg 300w, https:\/\/www.acapulcopress.com\/wp-content\/uploads\/2025\/09\/Guerrero-Independencia12-682x1024.jpg 682w, https:\/\/www.acapulcopress.com\/wp-content\/uploads\/2025\/09\/Guerrero-Independencia12-768x1152.jpg 768w, https:\/\/www.acapulcopress.com\/wp-content\/uploads\/2025\/09\/Guerrero-Independencia12-580x870.jpg 580w\" sizes=\"auto, (max-width: 853px) 100vw, 853px\" \/><\/a> <a href=\"https:\/\/www.acapulcopress.com\/wp-content\/uploads\/2025\/09\/Guerrero-Independencia11.jpg\"><img loading=\"lazy\" decoding=\"async\" class=\"alignnone wp-image-1260208 size-full\" src=\"https:\/\/www.acapulcopress.com\/wp-content\/uploads\/2025\/09\/Guerrero-Independencia11.jpg\" alt=\"\" width=\"1280\" height=\"853\" srcset=\"https:\/\/www.acapulcopress.com\/wp-content\/uploads\/2025\/09\/Guerrero-Independencia11.jpg 1280w, https:\/\/www.acapulcopress.com\/wp-content\/uploads\/2025\/09\/Guerrero-Independencia11-300x200.jpg 300w, https:\/\/www.acapulcopress.com\/wp-content\/uploads\/2025\/09\/Guerrero-Independencia11-1024x682.jpg 1024w, https:\/\/www.acapulcopress.com\/wp-content\/uploads\/2025\/09\/Guerrero-Independencia11-768x512.jpg 768w, https:\/\/www.acapulcopress.com\/wp-content\/uploads\/2025\/09\/Guerrero-Independencia11-580x387.jpg 580w, https:\/\/www.acapulcopress.com\/wp-content\/uploads\/2025\/09\/Guerrero-Independencia11-860x573.jpg 860w, https:\/\/www.acapulcopress.com\/wp-content\/uploads\/2025\/09\/Guerrero-Independencia11-1160x773.jpg 1160w\" sizes=\"auto, (max-width: 1280px) 100vw, 1280px\" \/><\/a> <a href=\"https:\/\/www.acapulcopress.com\/wp-content\/uploads\/2025\/09\/Guerrero-Independencia9.jpg\"><img loading=\"lazy\" decoding=\"async\" class=\"alignnone wp-image-1260206 size-full\" src=\"https:\/\/www.acapulcopress.com\/wp-content\/uploads\/2025\/09\/Guerrero-Independencia9.jpg\" alt=\"\" width=\"1280\" height=\"853\" srcset=\"https:\/\/www.acapulcopress.com\/wp-content\/uploads\/2025\/09\/Guerrero-Independencia9.jpg 1280w, https:\/\/www.acapulcopress.com\/wp-content\/uploads\/2025\/09\/Guerrero-Independencia9-300x200.jpg 300w, https:\/\/www.acapulcopress.com\/wp-content\/uploads\/2025\/09\/Guerrero-Independencia9-1024x682.jpg 1024w, https:\/\/www.acapulcopress.com\/wp-content\/uploads\/2025\/09\/Guerrero-Independencia9-768x512.jpg 768w, https:\/\/www.acapulcopress.com\/wp-content\/uploads\/2025\/09\/Guerrero-Independencia9-580x387.jpg 580w, https:\/\/www.acapulcopress.com\/wp-content\/uploads\/2025\/09\/Guerrero-Independencia9-860x573.jpg 860w, https:\/\/www.acapulcopress.com\/wp-content\/uploads\/2025\/09\/Guerrero-Independencia9-1160x773.jpg 1160w\" sizes=\"auto, (max-width: 1280px) 100vw, 1280px\" \/><\/a> <a href=\"https:\/\/www.acapulcopress.com\/wp-content\/uploads\/2025\/09\/Guerrero-Independencia8.jpg\"><img loading=\"lazy\" decoding=\"async\" class=\"alignnone wp-image-1260205 size-full\" src=\"https:\/\/www.acapulcopress.com\/wp-content\/uploads\/2025\/09\/Guerrero-Independencia8.jpg\" alt=\"\" width=\"1280\" height=\"853\" srcset=\"https:\/\/www.acapulcopress.com\/wp-content\/uploads\/2025\/09\/Guerrero-Independencia8.jpg 1280w, https:\/\/www.acapulcopress.com\/wp-content\/uploads\/2025\/09\/Guerrero-Independencia8-300x200.jpg 300w, https:\/\/www.acapulcopress.com\/wp-content\/uploads\/2025\/09\/Guerrero-Independencia8-1024x682.jpg 1024w, https:\/\/www.acapulcopress.com\/wp-content\/uploads\/2025\/09\/Guerrero-Independencia8-768x512.jpg 768w, https:\/\/www.acapulcopress.com\/wp-content\/uploads\/2025\/09\/Guerrero-Independencia8-580x387.jpg 580w, https:\/\/www.acapulcopress.com\/wp-content\/uploads\/2025\/09\/Guerrero-Independencia8-860x573.jpg 860w, https:\/\/www.acapulcopress.com\/wp-content\/uploads\/2025\/09\/Guerrero-Independencia8-1160x773.jpg 1160w\" sizes=\"auto, (max-width: 1280px) 100vw, 1280px\" \/><\/a> <a href=\"https:\/\/www.acapulcopress.com\/wp-content\/uploads\/2025\/09\/Guerrero-Independencia7.jpg\"><img loading=\"lazy\" decoding=\"async\" class=\"alignnone wp-image-1260204 size-full\" src=\"https:\/\/www.acapulcopress.com\/wp-content\/uploads\/2025\/09\/Guerrero-Independencia7.jpg\" alt=\"\" width=\"1280\" height=\"853\" srcset=\"https:\/\/www.acapulcopress.com\/wp-content\/uploads\/2025\/09\/Guerrero-Independencia7.jpg 1280w, https:\/\/www.acapulcopress.com\/wp-content\/uploads\/2025\/09\/Guerrero-Independencia7-300x200.jpg 300w, https:\/\/www.acapulcopress.com\/wp-content\/uploads\/2025\/09\/Guerrero-Independencia7-1024x682.jpg 1024w, https:\/\/www.acapulcopress.com\/wp-content\/uploads\/2025\/09\/Guerrero-Independencia7-768x512.jpg 768w, https:\/\/www.acapulcopress.com\/wp-content\/uploads\/2025\/09\/Guerrero-Independencia7-580x387.jpg 580w, https:\/\/www.acapulcopress.com\/wp-content\/uploads\/2025\/09\/Guerrero-Independencia7-860x573.jpg 860w, https:\/\/www.acapulcopress.com\/wp-content\/uploads\/2025\/09\/Guerrero-Independencia7-1160x773.jpg 1160w\" sizes=\"auto, (max-width: 1280px) 100vw, 1280px\" \/><\/a> <a href=\"https:\/\/www.acapulcopress.com\/wp-content\/uploads\/2025\/09\/Guerrero-Independencia6.jpg\"><img loading=\"lazy\" decoding=\"async\" class=\"alignnone wp-image-1260203 size-full\" src=\"https:\/\/www.acapulcopress.com\/wp-content\/uploads\/2025\/09\/Guerrero-Independencia6.jpg\" alt=\"\" width=\"1280\" height=\"853\" srcset=\"https:\/\/www.acapulcopress.com\/wp-content\/uploads\/2025\/09\/Guerrero-Independencia6.jpg 1280w, https:\/\/www.acapulcopress.com\/wp-content\/uploads\/2025\/09\/Guerrero-Independencia6-300x200.jpg 300w, https:\/\/www.acapulcopress.com\/wp-content\/uploads\/2025\/09\/Guerrero-Independencia6-1024x682.jpg 1024w, https:\/\/www.acapulcopress.com\/wp-content\/uploads\/2025\/09\/Guerrero-Independencia6-768x512.jpg 768w, https:\/\/www.acapulcopress.com\/wp-content\/uploads\/2025\/09\/Guerrero-Independencia6-580x387.jpg 580w, https:\/\/www.acapulcopress.com\/wp-content\/uploads\/2025\/09\/Guerrero-Independencia6-860x573.jpg 860w, https:\/\/www.acapulcopress.com\/wp-content\/uploads\/2025\/09\/Guerrero-Independencia6-1160x773.jpg 1160w\" sizes=\"auto, (max-width: 1280px) 100vw, 1280px\" \/><\/a> <a href=\"https:\/\/www.acapulcopress.com\/wp-content\/uploads\/2025\/09\/Guerrero-Independencia4.jpg\"><img loading=\"lazy\" decoding=\"async\" class=\"alignnone wp-image-1260201 size-full\" src=\"https:\/\/www.acapulcopress.com\/wp-content\/uploads\/2025\/09\/Guerrero-Independencia4.jpg\" alt=\"\" width=\"1280\" height=\"853\" srcset=\"https:\/\/www.acapulcopress.com\/wp-content\/uploads\/2025\/09\/Guerrero-Independencia4.jpg 1280w, https:\/\/www.acapulcopress.com\/wp-content\/uploads\/2025\/09\/Guerrero-Independencia4-300x200.jpg 300w, https:\/\/www.acapulcopress.com\/wp-content\/uploads\/2025\/09\/Guerrero-Independencia4-1024x682.jpg 1024w, https:\/\/www.acapulcopress.com\/wp-content\/uploads\/2025\/09\/Guerrero-Independencia4-768x512.jpg 768w, https:\/\/www.acapulcopress.com\/wp-content\/uploads\/2025\/09\/Guerrero-Independencia4-580x387.jpg 580w, https:\/\/www.acapulcopress.com\/wp-content\/uploads\/2025\/09\/Guerrero-Independencia4-860x573.jpg 860w, https:\/\/www.acapulcopress.com\/wp-content\/uploads\/2025\/09\/Guerrero-Independencia4-1160x773.jpg 1160w\" sizes=\"auto, (max-width: 1280px) 100vw, 1280px\" \/><\/a> <a href=\"https:\/\/www.acapulcopress.com\/wp-content\/uploads\/2025\/09\/Guerrero-Independencia.jpg\"><img loading=\"lazy\" decoding=\"async\" class=\"alignnone wp-image-1260198 size-full\" src=\"https:\/\/www.acapulcopress.com\/wp-content\/uploads\/2025\/09\/Guerrero-Independencia.jpg\" alt=\"\" width=\"1280\" height=\"853\" srcset=\"https:\/\/www.acapulcopress.com\/wp-content\/uploads\/2025\/09\/Guerrero-Independencia.jpg 1280w, https:\/\/www.acapulcopress.com\/wp-content\/uploads\/2025\/09\/Guerrero-Independencia-300x200.jpg 300w, https:\/\/www.acapulcopress.com\/wp-content\/uploads\/2025\/09\/Guerrero-Independencia-1024x682.jpg 1024w, https:\/\/www.acapulcopress.com\/wp-content\/uploads\/2025\/09\/Guerrero-Independencia-768x512.jpg 768w, https:\/\/www.acapulcopress.com\/wp-content\/uploads\/2025\/09\/Guerrero-Independencia-580x387.jpg 580w, https:\/\/www.acapulcopress.com\/wp-content\/uploads\/2025\/09\/Guerrero-Independencia-860x573.jpg 860w, https:\/\/www.acapulcopress.com\/wp-content\/uploads\/2025\/09\/Guerrero-Independencia-1160x773.jpg 1160w\" sizes=\"auto, (max-width: 1280px) 100vw, 1280px\" \/><\/a><\/p>\n<p><em>) <a href=\"http:\/\/fb.me\/Steparious\" target=\"_blank\" rel=\"noopener\">fb.me\/Steparious<\/a><\/em><br \/>\n<em>) <a href=\"http:\/\/fb.me\/acapulcopress\" target=\"_blank\" rel=\"noopener\">fb.me\/acapulcopress<\/a><\/em><br \/>\n<em>] <a href=\"http:\/\/acapulcopress.com\" target=\"_blank\" rel=\"noopener\">acapulcopress.com<\/a><\/em><\/p>\n","protected":false},"excerpt":{"rendered":"<p>CHILPANCINGO * 16 de septiembre 2025 ) Gobierno de Guerrero \u201cNo puede escribirse la historia de M\u00e9xico sin la lucha y la presencia de los guerrerenses\u201d, afirm\u00f3 la gobernadora Evelyn Salgado Pineda al encabezar el desfile c\u00edvico militar conmemorativo por el 215 aniversario del inicio de la Independencia de M\u00e9xico en la capital del estado,&#8230;<\/p>\n","protected":false},"author":1,"featured_media":1260199,"comment_status":"closed","ping_status":"open","sticky":false,"template":"","format":"standard","meta":{"footnotes":""},"categories":[1980,1983],"tags":[8251,9302,18762],"class_list":["post-1260197","post","type-post","status-publish","format-standard","has-post-thumbnail","hentry","category-goverment-2","category-guerrerogob","tag-evelyn-salgado-pineda","tag-gobierno-de-guerrero","tag-juan-sotero-garcia"],"_links":{"self":[{"href":"https:\/\/www.acapulcopress.com\/index.php\/wp-json\/wp\/v2\/posts\/1260197","targetHints":{"allow":["GET"]}}],"collection":[{"href":"https:\/\/www.acapulcopress.com\/index.php\/wp-json\/wp\/v2\/posts"}],"about":[{"href":"https:\/\/www.acapulcopress.com\/index.php\/wp-json\/wp\/v2\/types\/post"}],"author":[{"embeddable":true,"href":"https:\/\/www.acapulcopress.com\/index.php\/wp-json\/wp\/v2\/users\/1"}],"replies":[{"embeddable":true,"href":"https:\/\/www.acapulcopress.com\/index.php\/wp-json\/wp\/v2\/comments?post=1260197"}],"version-history":[{"count":2,"href":"https:\/\/www.acapulcopress.com\/index.php\/wp-json\/wp\/v2\/posts\/1260197\/revisions"}],"predecessor-version":[{"id":1260211,"href":"https:\/\/www.acapulcopress.com\/index.php\/wp-json\/wp\/v2\/posts\/1260197\/revisions\/1260211"}],"wp:featuredmedia":[{"embeddable":true,"href":"https:\/\/www.acapulcopress.com\/index.php\/wp-json\/wp\/v2\/media\/1260199"}],"wp:attachment":[{"href":"https:\/\/www.acapulcopress.com\/index.php\/wp-json\/wp\/v2\/media?parent=1260197"}],"wp:term":[{"taxonomy":"category","embeddable":true,"href":"https:\/\/www.acapulcopress.com\/index.php\/wp-json\/wp\/v2\/categories?post=1260197"},{"taxonomy":"post_tag","embeddable":true,"href":"https:\/\/www.acapulcopress.com\/index.php\/wp-json\/wp\/v2\/tags?post=1260197"}],"curies":[{"name":"wp","href":"https:\/\/api.w.org\/{rel}","templated":true}]}}