{"id":1260218,"date":"2025-09-16T21:15:25","date_gmt":"2025-09-17T03:15:25","guid":{"rendered":"https:\/\/www.acapulcopress.com\/?p=1260218"},"modified":"2025-09-16T21:16:11","modified_gmt":"2025-09-17T03:16:11","slug":"washington-juzgara-a-menores-de-14-anos-como-adultos","status":"publish","type":"post","link":"https:\/\/www.acapulcopress.com\/index.php\/2025\/09\/16\/washington-juzgara-a-menores-de-14-anos-como-adultos\/","title":{"rendered":"Washington juzgar\u00e1 a menores de 14 a\u00f1os como adultos"},"content":{"rendered":"<p>WASHINGTON * 16 de septiembre 2025<br \/>\n<em>) <\/em><a href=\"https:\/\/latinus.us\/eu\/2025\/9\/16\/eu-aprueba-ley-para-juzgar-como-adultos-menores-de-14-anos-en-washington-152104.html\" target=\"_blank\" rel=\"noopener\"><em>Efe<\/em><\/a><em> \/<\/em><a href=\"https:\/\/latinus.us\/eu\/2025\/9\/16\/eu-aprueba-ley-para-juzgar-como-adultos-menores-de-14-anos-en-washington-152104.html\" target=\"_blank\" rel=\"noopener\"><em> LatinUs <\/em><\/a><br \/>\nLa<em> C\u00e1mara de Representantes de Estados Unidos,<\/em> controlada por los republicanos, aprob\u00f3 este martes una ley para poder juzgar como adultos a menores entre 14 y 15 a\u00f1os por ciertos delitos violentos cometidos en Washington D.C.<\/p>\n<p>Dos proyectos fueron aprobados, el primero permite que los menores entre 14 y 15 a\u00f1os sean tratados como adultos cuando cometan delitos violentos en la capital y fue aprobado por 225 votos a favor y 203 en contra, con ocho dem\u00f3cratas apoyando la moci\u00f3n.<\/p>\n<p>El segundo proyecto reduce la edad m\u00e1xima para ser considerado delincuente juvenil de 24 a 18 a\u00f1os, lo que implica que las personas de 18 a\u00f1os o m\u00e1s enfrentar\u00edan penas de adulto.<\/p>\n<p>Los republicanos sostienen que las medidas buscan frenar la violencia y el desorden en la capital. \u00abWashington D.C. ha estado plagada de violencia, destrucci\u00f3n y desorden durante demasiado tiempo\u201d, dijo el representante Byron Donalds, autor del proyecto que limita la condici\u00f3n de delincuente juvenil y exigi\u00f3 al fiscal general del distrito crear un portal con estad\u00edsticas de delitos.<\/p>\n<p>Los dem\u00f3cratas criticaron las iniciativas, acusando a los republicanos de exagerar los problemas de delincuencia para obtener ventajas pol\u00edticas. \u00abSi Donald Trump quiere gobernar Washington D. C., deber\u00eda renunciar a la presidencia y postularse a la alcald\u00eda\u00bb, declar\u00f3 el representante Robert Garc\u00eda (dem\u00f3crata por California).<\/p>\n<p>\u00abSi mis colegas quieren legislar en Washington D. C., hay muchas oportunidades para postularse al concejo municipal\u00bb, agreg\u00f3 Garc\u00eda de forma sarc\u00e1stica sobre el papel que el presidente y sus aliados han tomado desde que asumieron el control federal de la capital.<\/p>\n<p>Trump ha presionado para un mayor control federal sobre la capital y amenaz\u00f3 el lunes con declarar una emergencia nacional y retomar el control de la polic\u00eda local. La Ley de Autonom\u00eda del Distrito limita la capacidad presidencial de intervenir en asuntos cotidianos, aunque s\u00ed permite desplegar la Guardia Nacional en situaciones de emergencia.<\/p>\n<p>En agosto, el presidente de Estados Unidos tom\u00f3 el control de la polic\u00eda de DC y plag\u00f3 las calles con agentes federales y se aument\u00f3 la captura de migrantes por parte de la Patrulla Fronteriza, todo esto justificado bajo un supuesto alto \u00edndice delincuencial, que contradice las cifras oficiales de la alcald\u00eda que indican que los homicidios presentan los n\u00fameros m\u00e1s bajos desde hace tres d\u00e9cadas.<\/p>\n<p>Esta semana, Trump anunci\u00f3 que llevar\u00e1 su plan de tomar el control federal de la polic\u00eda para \u00abcombatir el crimen\u00bb a Memphis, una ciudad dem\u00f3crata de Missisipi a la que catalog\u00f3 como \u00abcuatro veces m\u00e1s peligrosa que la Ciudad de M\u00e9xico\u00bb.<\/p>\n<p><em>)<a href=\"http:\/\/fb.me\/Steparious\"> fb.me\/Steparious<\/a><\/em><br \/>\n<em>) <a href=\"http:\/\/fb.me\/acapulcopress\" target=\"_blank\" rel=\"noopener\">fb.me\/acapulcopress<\/a><\/em><br \/>\n<em>] <a href=\"http:\/\/acapulcopress.com\" target=\"_blank\" rel=\"noopener\">acapulcopress.com<\/a><\/em><\/p>\n","protected":false},"excerpt":{"rendered":"<p>C\u00e1mara de Representantes de Estados Unidos aprob\u00f3 este martes una ley para poder juzgar como adultos a menores entre 14 y 15<\/p>\n","protected":false},"author":1,"featured_media":1260219,"comment_status":"closed","ping_status":"open","sticky":false,"template":"","format":"standard","meta":{"footnotes":""},"categories":[2020],"tags":[18763],"class_list":["post-1260218","post","type-post","status-publish","format-standard","has-post-thumbnail","hentry","category-world-news","tag-camara-de-representantes-de-estados-unidos"],"_links":{"self":[{"href":"https:\/\/www.acapulcopress.com\/index.php\/wp-json\/wp\/v2\/posts\/1260218","targetHints":{"allow":["GET"]}}],"collection":[{"href":"https:\/\/www.acapulcopress.com\/index.php\/wp-json\/wp\/v2\/posts"}],"about":[{"href":"https:\/\/www.acapulcopress.com\/index.php\/wp-json\/wp\/v2\/types\/post"}],"author":[{"embeddable":true,"href":"https:\/\/www.acapulcopress.com\/index.php\/wp-json\/wp\/v2\/users\/1"}],"replies":[{"embeddable":true,"href":"https:\/\/www.acapulcopress.com\/index.php\/wp-json\/wp\/v2\/comments?post=1260218"}],"version-history":[{"count":2,"href":"https:\/\/www.acapulcopress.com\/index.php\/wp-json\/wp\/v2\/posts\/1260218\/revisions"}],"predecessor-version":[{"id":1260221,"href":"https:\/\/www.acapulcopress.com\/index.php\/wp-json\/wp\/v2\/posts\/1260218\/revisions\/1260221"}],"wp:featuredmedia":[{"embeddable":true,"href":"https:\/\/www.acapulcopress.com\/index.php\/wp-json\/wp\/v2\/media\/1260219"}],"wp:attachment":[{"href":"https:\/\/www.acapulcopress.com\/index.php\/wp-json\/wp\/v2\/media?parent=1260218"}],"wp:term":[{"taxonomy":"category","embeddable":true,"href":"https:\/\/www.acapulcopress.com\/index.php\/wp-json\/wp\/v2\/categories?post=1260218"},{"taxonomy":"post_tag","embeddable":true,"href":"https:\/\/www.acapulcopress.com\/index.php\/wp-json\/wp\/v2\/tags?post=1260218"}],"curies":[{"name":"wp","href":"https:\/\/api.w.org\/{rel}","templated":true}]}}