{"id":1260227,"date":"2025-09-17T20:40:02","date_gmt":"2025-09-18T02:40:02","guid":{"rendered":"https:\/\/www.acapulcopress.com\/?p=1260227"},"modified":"2025-09-17T20:40:56","modified_gmt":"2025-09-18T02:40:56","slug":"inauguro-liz-salgado-trabajos-para-fortalecer-proteccion-de-grupos-prioritarios","status":"publish","type":"post","link":"https:\/\/www.acapulcopress.com\/index.php\/2025\/09\/17\/inauguro-liz-salgado-trabajos-para-fortalecer-proteccion-de-grupos-prioritarios\/","title":{"rendered":"Inaugur\u00f3 Liz Salgado trabajos para fortalecer protecci\u00f3n de grupos prioritarios"},"content":{"rendered":"<p>CHILPANCINGO * 17 de septiembre 2025<br \/>\n<em>] Gobierno de Guerrero<\/em><br \/>\n<a href=\"https:\/\/www.acapulcopress.com\/wp-content\/uploads\/2025\/09\/DIFGRO-LSP9.jpg\"><img loading=\"lazy\" decoding=\"async\" class=\"alignleft wp-image-1260235 size-cmsmasters-square-thumb\" src=\"https:\/\/www.acapulcopress.com\/wp-content\/uploads\/2025\/09\/DIFGRO-LSP9-360x360.jpg\" alt=\"\" width=\"360\" height=\"360\" srcset=\"https:\/\/www.acapulcopress.com\/wp-content\/uploads\/2025\/09\/DIFGRO-LSP9-360x360.jpg 360w, https:\/\/www.acapulcopress.com\/wp-content\/uploads\/2025\/09\/DIFGRO-LSP9-150x150.jpg 150w, https:\/\/www.acapulcopress.com\/wp-content\/uploads\/2025\/09\/DIFGRO-LSP9-70x70.jpg 70w\" sizes=\"auto, (max-width: 360px) 100vw, 360px\" \/><\/a>A fin de consolidad una red de profesionales especializados en la protecci\u00f3n de ni\u00f1as, ni\u00f1os, adolescentes y adultos mayores del estado, el <em>Sistema DIF Guerrero<\/em> puso en marcha una jornada integral de capacitaci\u00f3n dirigida a procuradur\u00edas municipales de protecci\u00f3n de las ocho regiones de la entidad, la cual se desarrollar\u00e1 de septiembre a diciembre del presente a\u00f1o.<\/p>\n<p>La presidenta de dicho sistema, <strong>Liz Salgado Pineda<\/strong>, fue la encargada de inaugurar los trabajos de capacitaci\u00f3n, los cuales tienen como objetivo fortalecer el conocimiento del marco jur\u00eddico estatal y federal, en favor de los sectores m\u00e1s vulnerables.<\/p>\n<p>Salgado Pineda, reconoci\u00f3 el esfuerzo y compromiso de las y los procuradores municipales, resaltando la importancia de su participaci\u00f3n en este proceso de especializaci\u00f3n. El programa permitir\u00e1 a los asistentes diplomarse en justicia penal juvenil y derechos humanos dentro del marco jur\u00eddico mexicano, adem\u00e1s de profundizar en el nuevo C\u00f3digo Nacional de Procedimientos Civiles y Familiares y en los mecanismos de protecci\u00f3n de derechos de ni\u00f1as, ni\u00f1os y adolescentes.<\/p>\n<p>Liz Salgado subray\u00f3 que \u00abEsta jornada de capacitaci\u00f3n constituye un paso clave para consolidar una red de profesionales en cada municipio, capaces de brindar atenci\u00f3n y protecci\u00f3n a los grupos prioritarios, garantizando el respeto pleno de sus derechos fundamentales, tal y como l<a href=\"https:\/\/www.acapulcopress.com\/wp-content\/uploads\/2025\/09\/DIFGRO-LSP7.jpg\"><img loading=\"lazy\" decoding=\"async\" class=\"alignleft wp-image-1260233 size-cmsmasters-square-thumb\" src=\"https:\/\/www.acapulcopress.com\/wp-content\/uploads\/2025\/09\/DIFGRO-LSP7-360x360.jpg\" alt=\"\" width=\"360\" height=\"360\" srcset=\"https:\/\/www.acapulcopress.com\/wp-content\/uploads\/2025\/09\/DIFGRO-LSP7-360x360.jpg 360w, https:\/\/www.acapulcopress.com\/wp-content\/uploads\/2025\/09\/DIFGRO-LSP7-150x150.jpg 150w, https:\/\/www.acapulcopress.com\/wp-content\/uploads\/2025\/09\/DIFGRO-LSP7-70x70.jpg 70w\" sizes=\"auto, (max-width: 360px) 100vw, 360px\" \/><\/a>o promueve la gobernadora Evelyn Salgado\u00bb, expres\u00f3.<\/p>\n<p>Durante el evento, la presidenta del DIF Guerrero destac\u00f3 el impulso de la gobernadora Evelyn Salgado Pineda a iniciativas que refuerzan la protecci\u00f3n de la ni\u00f1ez y la adolescencia, como la Ley Camila y la legislaci\u00f3n en contra del matrimonio infantil, que representan grandes avances en la defensa de los derechos humanos en la entidad.<\/p>\n<p>Las y los procuradores municipales reconocieron el valor de esta formaci\u00f3n integral y expresaron su agradecimiento al DIF estatal por brindar herramientas que fortalecen su labor y promueven el trabajo coordinado en favor de la ni\u00f1ez, adolescencia y personas mayores en la entidad. | Gobierno de Guerrero<\/p>\n<p><em>) <a href=\"http:\/\/fb.me\/Steparious\" target=\"_blank\" rel=\"noopener\">fb.me\/Steparious<\/a><\/em><br \/>\n<em>) <a href=\"http:\/\/fb.me\/acapulcopress\" target=\"_blank\" rel=\"noopener\">fb.me\/acapulcopress<\/a><\/em><br \/>\n<em>) <a href=\"http:\/\/acapulcopress.com\" target=\"_blank\" rel=\"noopener\">acapulcopress.com<\/a><\/em><\/p>\n","protected":false},"excerpt":{"rendered":"<p>CHILPANCINGO * 17 de septiembre 2025 ] Gobierno de Guerrero A fin de consolidad una red de profesionales especializados en la protecci\u00f3n de ni\u00f1as, ni\u00f1os, adolescentes y adultos mayores del estado, el Sistema DIF Guerrero puso en marcha una jornada integral de capacitaci\u00f3n dirigida a procuradur\u00edas municipales de protecci\u00f3n de las ocho regiones de la&#8230;<\/p>\n","protected":false},"author":1,"featured_media":1260230,"comment_status":"closed","ping_status":"open","sticky":false,"template":"","format":"standard","meta":{"footnotes":""},"categories":[1980,1983],"tags":[],"class_list":["post-1260227","post","type-post","status-publish","format-standard","has-post-thumbnail","hentry","category-goverment-2","category-guerrerogob"],"_links":{"self":[{"href":"https:\/\/www.acapulcopress.com\/index.php\/wp-json\/wp\/v2\/posts\/1260227","targetHints":{"allow":["GET"]}}],"collection":[{"href":"https:\/\/www.acapulcopress.com\/index.php\/wp-json\/wp\/v2\/posts"}],"about":[{"href":"https:\/\/www.acapulcopress.com\/index.php\/wp-json\/wp\/v2\/types\/post"}],"author":[{"embeddable":true,"href":"https:\/\/www.acapulcopress.com\/index.php\/wp-json\/wp\/v2\/users\/1"}],"replies":[{"embeddable":true,"href":"https:\/\/www.acapulcopress.com\/index.php\/wp-json\/wp\/v2\/comments?post=1260227"}],"version-history":[{"count":2,"href":"https:\/\/www.acapulcopress.com\/index.php\/wp-json\/wp\/v2\/posts\/1260227\/revisions"}],"predecessor-version":[{"id":1260239,"href":"https:\/\/www.acapulcopress.com\/index.php\/wp-json\/wp\/v2\/posts\/1260227\/revisions\/1260239"}],"wp:featuredmedia":[{"embeddable":true,"href":"https:\/\/www.acapulcopress.com\/index.php\/wp-json\/wp\/v2\/media\/1260230"}],"wp:attachment":[{"href":"https:\/\/www.acapulcopress.com\/index.php\/wp-json\/wp\/v2\/media?parent=1260227"}],"wp:term":[{"taxonomy":"category","embeddable":true,"href":"https:\/\/www.acapulcopress.com\/index.php\/wp-json\/wp\/v2\/categories?post=1260227"},{"taxonomy":"post_tag","embeddable":true,"href":"https:\/\/www.acapulcopress.com\/index.php\/wp-json\/wp\/v2\/tags?post=1260227"}],"curies":[{"name":"wp","href":"https:\/\/api.w.org\/{rel}","templated":true}]}}