{"id":1260240,"date":"2025-09-17T21:19:30","date_gmt":"2025-09-18T03:19:30","guid":{"rendered":"https:\/\/www.acapulcopress.com\/?p=1260240"},"modified":"2025-09-17T21:19:57","modified_gmt":"2025-09-18T03:19:57","slug":"senador-anorve-asistio-a-toma-de-protesta-del-nuevo-comite-directivo-del-pri-ometepec","status":"publish","type":"post","link":"https:\/\/www.acapulcopress.com\/index.php\/2025\/09\/17\/senador-anorve-asistio-a-toma-de-protesta-del-nuevo-comite-directivo-del-pri-ometepec\/","title":{"rendered":"Senador A\u00f1orve asisti\u00f3 a toma de protesta del nuevo Comit\u00e9 Directivo del PRI Ometepec"},"content":{"rendered":"<p>COSTA CHICA * 17 de septiembre 2025<br \/>\n<em>] Especial<\/em><br \/>\nEl senador de la Rep\u00fablica por Guerrero, <strong>Manuel A\u00f1orve Ba\u00f1os<\/strong>, asisti\u00f3 a la toma de protesta de la nueva dirigencia del Comit\u00e9 Directivo <a href=\"https:\/\/www.acapulcopress.com\/wp-content\/uploads\/2025\/09\/anorve-ometepec2.jpg\"><img loading=\"lazy\" decoding=\"async\" class=\"alignleft wp-image-1260242 size-cmsmasters-square-thumb\" src=\"https:\/\/www.acapulcopress.com\/wp-content\/uploads\/2025\/09\/anorve-ometepec2-360x360.jpg\" alt=\"\" width=\"360\" height=\"360\" srcset=\"https:\/\/www.acapulcopress.com\/wp-content\/uploads\/2025\/09\/anorve-ometepec2-360x360.jpg 360w, https:\/\/www.acapulcopress.com\/wp-content\/uploads\/2025\/09\/anorve-ometepec2-150x150.jpg 150w, https:\/\/www.acapulcopress.com\/wp-content\/uploads\/2025\/09\/anorve-ometepec2-70x70.jpg 70w\" sizes=\"auto, (max-width: 360px) 100vw, 360px\" \/><\/a>Municipal del PRI de Ometepec, el cual estar\u00e1 encabezado por<strong> Arnulfo Salinas<\/strong> y <strong>Amparo Dom\u00ednguez<\/strong>, quienes a partir de este fin de semana fungir\u00e1n como presidente y secretaria general de dicho comit\u00e9, respectivamente.<\/p>\n<p>El acto fue llevado a cabo y convocado por la dirigencia estatal del <em>Revolucionario Institucional<\/em> que encabeza el diputado <strong>Alejandro Bravo Abarca<\/strong>, a quien Manuel A\u00f1orve le reconoci\u00f3 su trabajo partidista por toda la entidad.<\/p>\n<p>Adem\u00e1s, el Senador hizo una menci\u00f3n especial para el ex alcalde de Ometepec, <strong>Efr\u00e9n Adame Montalvan<\/strong>, a quien se\u00f1al\u00f3 como un hombre de mucho trabajo social y pol\u00edtico, manteniendo un liderazgo importante en su municipio.<\/p>\n<p>En su intervenci\u00f3n, el coordinador de los senadores pri\u00edstas subray\u00f3 el gran \u00e1nimo que hay en la militancia de este municipio perteneciente a la Costa Chica, a quienes anim\u00f3 para que contin\u00faen con ese empuje todos los d\u00edas.<\/p>\n<p>A este evento, al que asitio tambi\u00e9n el secretario general adjunto del CEN del PRI, <strong>Alberto Catal\u00e1n, <\/strong>se tom\u00f3 protesta<strong> Ezequiel Larumbe <\/strong>como delegado pol\u00edtico estatal; a <strong>Efra\u00edn Montero<\/strong> como secretario de Operaci\u00f3n Pol\u00edtica; a <strong>Hortencia Montero <\/strong>como secretar\u00eda de Finanzas, y a <strong>Luis Cabrera<\/strong> como secretario de Gesti\u00f3n Social, entre otros de quienes conforman la nueva dirigencia en este municipio.<\/p>\n<p><a href=\"https:\/\/www.acapulcopress.com\/wp-content\/uploads\/2025\/09\/anorve-ometepec3.jpg\"><img loading=\"lazy\" decoding=\"async\" class=\"alignnone wp-image-1260243 size-full\" src=\"https:\/\/www.acapulcopress.com\/wp-content\/uploads\/2025\/09\/anorve-ometepec3.jpg\" alt=\"\" width=\"1280\" height=\"960\" srcset=\"https:\/\/www.acapulcopress.com\/wp-content\/uploads\/2025\/09\/anorve-ometepec3.jpg 1280w, https:\/\/www.acapulcopress.com\/wp-content\/uploads\/2025\/09\/anorve-ometepec3-300x225.jpg 300w, https:\/\/www.acapulcopress.com\/wp-content\/uploads\/2025\/09\/anorve-ometepec3-1024x768.jpg 1024w, https:\/\/www.acapulcopress.com\/wp-content\/uploads\/2025\/09\/anorve-ometepec3-768x576.jpg 768w, https:\/\/www.acapulcopress.com\/wp-content\/uploads\/2025\/09\/anorve-ometepec3-580x435.jpg 580w, https:\/\/www.acapulcopress.com\/wp-content\/uploads\/2025\/09\/anorve-ometepec3-860x645.jpg 860w, https:\/\/www.acapulcopress.com\/wp-content\/uploads\/2025\/09\/anorve-ometepec3-1160x870.jpg 1160w\" sizes=\"auto, (max-width: 1280px) 100vw, 1280px\" \/><\/a><\/p>\n<p><a href=\"https:\/\/www.acapulcopress.com\/wp-content\/uploads\/2025\/09\/anorve-ometepec4.jpg\"><img loading=\"lazy\" decoding=\"async\" class=\"alignnone wp-image-1260244 size-full\" src=\"https:\/\/www.acapulcopress.com\/wp-content\/uploads\/2025\/09\/anorve-ometepec4.jpg\" alt=\"\" width=\"1600\" height=\"1200\" srcset=\"https:\/\/www.acapulcopress.com\/wp-content\/uploads\/2025\/09\/anorve-ometepec4.jpg 1600w, https:\/\/www.acapulcopress.com\/wp-content\/uploads\/2025\/09\/anorve-ometepec4-300x225.jpg 300w, https:\/\/www.acapulcopress.com\/wp-content\/uploads\/2025\/09\/anorve-ometepec4-1024x768.jpg 1024w, https:\/\/www.acapulcopress.com\/wp-content\/uploads\/2025\/09\/anorve-ometepec4-768x576.jpg 768w, https:\/\/www.acapulcopress.com\/wp-content\/uploads\/2025\/09\/anorve-ometepec4-1536x1152.jpg 1536w, https:\/\/www.acapulcopress.com\/wp-content\/uploads\/2025\/09\/anorve-ometepec4-580x435.jpg 580w, https:\/\/www.acapulcopress.com\/wp-content\/uploads\/2025\/09\/anorve-ometepec4-860x645.jpg 860w, https:\/\/www.acapulcopress.com\/wp-content\/uploads\/2025\/09\/anorve-ometepec4-1160x870.jpg 1160w, https:\/\/www.acapulcopress.com\/wp-content\/uploads\/2025\/09\/anorve-ometepec4-1320x990.jpg 1320w\" sizes=\"auto, (max-width: 1600px) 100vw, 1600px\" \/><\/a><\/p>\n<p><em>) <a href=\"http:\/\/fb.me\/Steparious\" target=\"_blank\" rel=\"noopener\">fb.me\/Steparious<\/a><\/em><br \/>\n<em>) <a href=\"http:\/\/fb.me\/acapulcopress\" target=\"_blank\" rel=\"noopener\">fb.me\/acapulcopress<\/a><\/em><br \/>\n<em>) <a href=\"http:\/\/acapulcopress.com\" target=\"_blank\" rel=\"noopener\">acapulcopress.com<\/a><\/em><\/p>\n","protected":false},"excerpt":{"rendered":"<p>COSTA CHICA * 17 de septiembre 2025 ] Especial El senador de la Rep\u00fablica por Guerrero, Manuel A\u00f1orve Ba\u00f1os, asisti\u00f3 a la toma de protesta de la nueva dirigencia del Comit\u00e9 Directivo Municipal del PRI de Ometepec, el cual estar\u00e1 encabezado por Arnulfo Salinas y Amparo Dom\u00ednguez, quienes a partir de este fin de semana&#8230;<\/p>\n","protected":false},"author":1,"featured_media":1260241,"comment_status":"closed","ping_status":"open","sticky":false,"template":"","format":"standard","meta":{"footnotes":""},"categories":[2080],"tags":[3523,18768,18767,7628,12366],"class_list":["post-1260240","post","type-post","status-publish","format-standard","has-post-thumbnail","hentry","category-regiones-de-guerrero","tag-alejandro-bravo-abarca","tag-amparo-dominguez","tag-arnulfo-salinas","tag-efren-adame-montalvan","tag-manuel-anorve-banos"],"_links":{"self":[{"href":"https:\/\/www.acapulcopress.com\/index.php\/wp-json\/wp\/v2\/posts\/1260240","targetHints":{"allow":["GET"]}}],"collection":[{"href":"https:\/\/www.acapulcopress.com\/index.php\/wp-json\/wp\/v2\/posts"}],"about":[{"href":"https:\/\/www.acapulcopress.com\/index.php\/wp-json\/wp\/v2\/types\/post"}],"author":[{"embeddable":true,"href":"https:\/\/www.acapulcopress.com\/index.php\/wp-json\/wp\/v2\/users\/1"}],"replies":[{"embeddable":true,"href":"https:\/\/www.acapulcopress.com\/index.php\/wp-json\/wp\/v2\/comments?post=1260240"}],"version-history":[{"count":2,"href":"https:\/\/www.acapulcopress.com\/index.php\/wp-json\/wp\/v2\/posts\/1260240\/revisions"}],"predecessor-version":[{"id":1260246,"href":"https:\/\/www.acapulcopress.com\/index.php\/wp-json\/wp\/v2\/posts\/1260240\/revisions\/1260246"}],"wp:featuredmedia":[{"embeddable":true,"href":"https:\/\/www.acapulcopress.com\/index.php\/wp-json\/wp\/v2\/media\/1260241"}],"wp:attachment":[{"href":"https:\/\/www.acapulcopress.com\/index.php\/wp-json\/wp\/v2\/media?parent=1260240"}],"wp:term":[{"taxonomy":"category","embeddable":true,"href":"https:\/\/www.acapulcopress.com\/index.php\/wp-json\/wp\/v2\/categories?post=1260240"},{"taxonomy":"post_tag","embeddable":true,"href":"https:\/\/www.acapulcopress.com\/index.php\/wp-json\/wp\/v2\/tags?post=1260240"}],"curies":[{"name":"wp","href":"https:\/\/api.w.org\/{rel}","templated":true}]}}