{"id":1260247,"date":"2025-09-17T21:35:55","date_gmt":"2025-09-18T03:35:55","guid":{"rendered":"https:\/\/www.acapulcopress.com\/?p=1260247"},"modified":"2025-09-17T21:36:38","modified_gmt":"2025-09-18T03:36:38","slug":"la-vision-de-los-dias-patrios-y-el-mensaje-de-evelyn","status":"publish","type":"post","link":"https:\/\/www.acapulcopress.com\/index.php\/2025\/09\/17\/la-vision-de-los-dias-patrios-y-el-mensaje-de-evelyn\/","title":{"rendered":"La visi\u00f3n de los d\u00edas patrios y el mensaje de Evelyn Salgado"},"content":{"rendered":"<p>Tercera V\u00eda<br \/>\n\u00bb <a href=\"https:\/\/www.facebook.com\/profile.php?id=100029214670744\" target=\"_blank\" rel=\"noopener\"><strong>ERNESTO<\/strong> | <strong>RIVERA RODR\u00cdGUEZ<\/strong><\/a><\/p>\n<p>Septiembre, mes patrio, lapso en el cual los mexicanos exaltamos los valores que nos dan mexicanidad, identidad nacional y hasta la exaservaci\u00f3n local, esa identidad que nos identifica hasta por lo que comemos, la ciudad, colonia y barrio en que nacimos.<\/p>\n<p>La historia nos representa, y no es chauvinismo cuando la gobernadora<strong> Evelyn Salgado Pineda<\/strong> expresa: \u00abNo puede escribirse escribirse escribirme escribirse de la historia de M\u00e9xico sin la lucha y la presencia de los guerrerenses\u00bb. La Conmemoracion de la gesta de los Ni\u00f1os H\u00e9roes (nuestros Alquiles), la lealtad y el sacrificio por su deber.<\/p>\n<p>La promulgaci\u00f3n de los Sentimientos de la Naci\u00f3n, promulgados por el generalisimo Morelos en el hoy Ayutla de los Libres el 14 de Septiembre de 1847. Fecha nodal, punto de inflexi\u00f3n para exactamente 13 d\u00edas despu\u00e9s, el 27 del mismo mes y a\u00f1o se declara la \u00abEreccion del Estado de Guerrero.<\/p>\n<p>Nada es casual en los hechos hist\u00f3ricos que en estos d\u00edas se han conmemorando bajo el criterio de ser movimientos art\u00edfices de la historia de Guerrero. La gobernadora conmemoro la \u00abGesta de los Ni\u00f1os H\u00e9roes\u00bb, junto a mandos militares y navales, convocando a la unidad de M\u00e9xico y los guerrerernse.<\/p>\n<p>En la Conmemoracion del 212 Aniversario de la Instalaci\u00f3n del Primer Congreso de Anahuac, el gobierno de Guerrero honro de manera postuma la entrega de manera postuma de la \u00abPresea Sentimientos de la Naci\u00f3n\u00bb, a Do\u00f1a Ifigenia Martinez\u00bb, por su entrega a la cultura y la democracia. Evento celebrado en la Catedral la Asunci\u00f3n de Mar\u00eda, en la ciudad capital Chilpancingo.<\/p>\n<p>Todos estos eventos nos llaman a considerar que la sinrazon y el aferrarse a la ret\u00f3rica y la narrativa oficial de nada sirve ante la realidad que pasa ante nuestros ojos y recordar que \u00bb no puede escribirse la historia de M\u00e9xico, sin la lucha y la presencia de los guerrerenses\u00bb c\u00f3mo lo expres\u00f3 la gobernadora al encabezar el desfile c\u00edvico militar conmemorativo del 215 aniversario de la independencia de M\u00e9xico.<br \/>\nEstar\u00edan orgullosos de lo que somos y hemos logrado y tenemos hoy.<\/p>\n<p><em>) <a href=\"http:\/\/fb.me\/Steparious\" target=\"_blank\" rel=\"noopener\">fb.me\/Steparious<\/a><\/em><br \/>\n<em>) <a href=\"http:\/\/fb.me\/acapulcopress\" target=\"_blank\" rel=\"noopener\">fb.me\/acapulcopress<\/a><\/em><br \/>\n<em>) <a href=\"http:\/\/acapulcopress.com\" target=\"_blank\" rel=\"noopener\">acapulcopress.com<\/a><\/em><\/p>\n","protected":false},"excerpt":{"rendered":"<p>Septiembre, mes patrio, lapso en el cual los mexicanos exaltamos los valores que nos dan mexicanidad, identidad nacional<\/p>\n","protected":false},"author":1,"featured_media":1260248,"comment_status":"closed","ping_status":"open","sticky":false,"template":"","format":"standard","meta":{"footnotes":""},"categories":[2071,1991],"tags":[8063,8251,17071],"class_list":["post-1260247","post","type-post","status-publish","format-standard","has-post-thumbnail","hentry","category-opinion-analisis-columnas","category-libertad-de-expresion","tag-ernesto-rivera-rodriguez","tag-evelyn-salgado-pineda","tag-tercera-via"],"_links":{"self":[{"href":"https:\/\/www.acapulcopress.com\/index.php\/wp-json\/wp\/v2\/posts\/1260247","targetHints":{"allow":["GET"]}}],"collection":[{"href":"https:\/\/www.acapulcopress.com\/index.php\/wp-json\/wp\/v2\/posts"}],"about":[{"href":"https:\/\/www.acapulcopress.com\/index.php\/wp-json\/wp\/v2\/types\/post"}],"author":[{"embeddable":true,"href":"https:\/\/www.acapulcopress.com\/index.php\/wp-json\/wp\/v2\/users\/1"}],"replies":[{"embeddable":true,"href":"https:\/\/www.acapulcopress.com\/index.php\/wp-json\/wp\/v2\/comments?post=1260247"}],"version-history":[{"count":2,"href":"https:\/\/www.acapulcopress.com\/index.php\/wp-json\/wp\/v2\/posts\/1260247\/revisions"}],"predecessor-version":[{"id":1260250,"href":"https:\/\/www.acapulcopress.com\/index.php\/wp-json\/wp\/v2\/posts\/1260247\/revisions\/1260250"}],"wp:featuredmedia":[{"embeddable":true,"href":"https:\/\/www.acapulcopress.com\/index.php\/wp-json\/wp\/v2\/media\/1260248"}],"wp:attachment":[{"href":"https:\/\/www.acapulcopress.com\/index.php\/wp-json\/wp\/v2\/media?parent=1260247"}],"wp:term":[{"taxonomy":"category","embeddable":true,"href":"https:\/\/www.acapulcopress.com\/index.php\/wp-json\/wp\/v2\/categories?post=1260247"},{"taxonomy":"post_tag","embeddable":true,"href":"https:\/\/www.acapulcopress.com\/index.php\/wp-json\/wp\/v2\/tags?post=1260247"}],"curies":[{"name":"wp","href":"https:\/\/api.w.org\/{rel}","templated":true}]}}