{"id":1260251,"date":"2025-09-17T22:11:09","date_gmt":"2025-09-18T04:11:09","guid":{"rendered":"https:\/\/www.acapulcopress.com\/?p=1260251"},"modified":"2025-09-17T22:23:38","modified_gmt":"2025-09-18T04:23:38","slug":"fge-investiga-agresion-de-policia-de-acapulco-a-un-masculino-en-tienda-comercial","status":"publish","type":"post","link":"https:\/\/www.acapulcopress.com\/index.php\/2025\/09\/17\/fge-investiga-agresion-de-policia-de-acapulco-a-un-masculino-en-tienda-comercial\/","title":{"rendered":"FGE investiga agresi\u00f3n de polic\u00eda de Acapulco a un masculino en tienda comercial"},"content":{"rendered":"<p>CHILPANCINGO * 17 de septiembre 2025<br \/>\n<em>] FGE Guerrero<\/em><br \/>\nLa <em>Fiscal\u00eda General del Estado de Guerrero<\/em> informa que, derivado de una intervenci\u00f3n coordinada, elementos de la <em>Polic\u00eda Investigadora Ministerial<\/em>, en colaboraci\u00f3n con personal de la <em>Guardia Nacional (GN),<\/em> detuvieron en flagrancia a <strong>Daniel<\/strong> \u201cN\u201d en el municipio de Acapulco de Ju\u00e1rez.<\/p>\n<p>De acuerdo con los primeros actos de investigaci\u00f3n, Daniel \u00abN\u00bb, elemento activo de la Secretar\u00eda de Seguridad P\u00fablica de Acapulco, habr\u00eda agredido a una persona del sexo masculino mediante un golpe en la cabeza con un arma de fuego corta, en el estacionamiento de una tienda comercial ubicada en la zona de El Cayaco.<\/p>\n<p>Durante la intervenci\u00f3n, a Daniel \u201cN\u201d le fue asegurada un arma de fuego tipo corta y un veh\u00edculo, mismos que, junto con el detenido, fueron puestos a disposici\u00f3n del Ministerio P\u00fablico correspondiente, a fin de integrar la carpeta de investigaci\u00f3n y determinar su situaci\u00f3n jur\u00eddica.<\/p>\n<p><em>) <a href=\"http:\/\/fb.me\/Steparious\" target=\"_blank\" rel=\"noopener\">fb.me\/Steparious<\/a><\/em><br \/>\n<em>) <a href=\"http:\/\/fb.me\/acapulcopress\" target=\"_blank\" rel=\"noopener\">fb.me\/acapulcopress<\/a><\/em><br \/>\n<em>)<a href=\"http:\/\/acapulcopress.com\" target=\"_blank\" rel=\"noopener\"> acapulcopress.com<\/a><\/em><\/p>\n","protected":false},"excerpt":{"rendered":"<p>CHILPANCINGO * 17 de septiembre 2025 ] FGE Guerrero La Fiscal\u00eda General del Estado de Guerrero informa que, derivado de una intervenci\u00f3n coordinada, elementos de la Polic\u00eda Investigadora Ministerial, en colaboraci\u00f3n con personal de la Guardia Nacional (GN), detuvieron en flagrancia a Daniel \u201cN\u201d en el municipio de Acapulco de Ju\u00e1rez. De acuerdo con los&#8230;<\/p>\n","protected":false},"author":1,"featured_media":1260252,"comment_status":"closed","ping_status":"open","sticky":false,"template":"","format":"standard","meta":{"footnotes":""},"categories":[2005,2082],"tags":[8700,9533,14730],"class_list":["post-1260251","post","type-post","status-publish","format-standard","has-post-thumbnail","hentry","category-seguridad-y-justicia","category-seguridad-publica","tag-fiscalia-general-del-estado-de-guerrero","tag-guardia-nacional-gn","tag-policia-investigadora-ministerial-de-guerrero"],"_links":{"self":[{"href":"https:\/\/www.acapulcopress.com\/index.php\/wp-json\/wp\/v2\/posts\/1260251","targetHints":{"allow":["GET"]}}],"collection":[{"href":"https:\/\/www.acapulcopress.com\/index.php\/wp-json\/wp\/v2\/posts"}],"about":[{"href":"https:\/\/www.acapulcopress.com\/index.php\/wp-json\/wp\/v2\/types\/post"}],"author":[{"embeddable":true,"href":"https:\/\/www.acapulcopress.com\/index.php\/wp-json\/wp\/v2\/users\/1"}],"replies":[{"embeddable":true,"href":"https:\/\/www.acapulcopress.com\/index.php\/wp-json\/wp\/v2\/comments?post=1260251"}],"version-history":[{"count":1,"href":"https:\/\/www.acapulcopress.com\/index.php\/wp-json\/wp\/v2\/posts\/1260251\/revisions"}],"predecessor-version":[{"id":1260253,"href":"https:\/\/www.acapulcopress.com\/index.php\/wp-json\/wp\/v2\/posts\/1260251\/revisions\/1260253"}],"wp:featuredmedia":[{"embeddable":true,"href":"https:\/\/www.acapulcopress.com\/index.php\/wp-json\/wp\/v2\/media\/1260252"}],"wp:attachment":[{"href":"https:\/\/www.acapulcopress.com\/index.php\/wp-json\/wp\/v2\/media?parent=1260251"}],"wp:term":[{"taxonomy":"category","embeddable":true,"href":"https:\/\/www.acapulcopress.com\/index.php\/wp-json\/wp\/v2\/categories?post=1260251"},{"taxonomy":"post_tag","embeddable":true,"href":"https:\/\/www.acapulcopress.com\/index.php\/wp-json\/wp\/v2\/tags?post=1260251"}],"curies":[{"name":"wp","href":"https:\/\/api.w.org\/{rel}","templated":true}]}}