{"id":1260254,"date":"2025-09-17T23:03:26","date_gmt":"2025-09-18T05:03:26","guid":{"rendered":"https:\/\/www.acapulcopress.com\/?p=1260254"},"modified":"2025-09-17T23:03:26","modified_gmt":"2025-09-18T05:03:26","slug":"congreso-aprobo-creacion-de-red-de-mentores-profesionales","status":"publish","type":"post","link":"https:\/\/www.acapulcopress.com\/index.php\/2025\/09\/17\/congreso-aprobo-creacion-de-red-de-mentores-profesionales\/","title":{"rendered":"Congreso aprob\u00f3 creaci\u00f3n de Red de Mentores Profesionales"},"content":{"rendered":"<p>CHILPANCINGO * 17 de septiembre 2025<br \/>\n<em>] LXVI Legislatura | Guerrero<\/em><br \/>\nEl Congreso del Estado de Guerrero aprob\u00f3 adiciones a la Ley de Personas J\u00f3venes del Estado del Estado, para crear la<em> Red de Mentores Profesional<\/em> en la entidad, que servir\u00e1 para que j\u00f3venes guerrerenses reciban orientaci\u00f3n personalizada, acceso a redes profesionales, y consejos pr\u00e1cticos sobre la b\u00fasqueda de empleo y la creaci\u00f3n de proyectos.<\/p>\n<p>Al fundamentar el dictamen, derivado de una propuesta del diputado <strong>Jes\u00fas Uri\u00f3stegui Garc\u00eda<\/strong>, a nombre de la Comisi\u00f3n de la Juventud y el Deporte, el diputado Edgar Ventura de la Cruz, destac\u00f3 que la juventud es muy valiosa para la sociedad y conlleva a un periodo fundamental para el desarrollo personal, la exploraci\u00f3n de la identidad y la formaci\u00f3n de valores y creencias.<\/p>\n<p>Se menciona que una problem\u00e1tica social que afecta a las y los j\u00f3venes es la inserci\u00f3n en el mercado laboral y el desarrollo de habilidades que les permitan emprender sus propios proyectos, lo que significa una brecha entre su formaci\u00f3n acad\u00e9mica y las oportunidades laborales, limitando su desarrollo personal y profesional.<\/p>\n<p>Y es que refiere que de acuerdo con el Instituto Nacional de Estad\u00edstica y Geograf\u00eda el 71.6 por ciento de los guerrerenses no tienen acceso a empleos formales, lo que se traduce en una gran dificultad para acceder a oportunidades laborales que les permitan desarrollarse plenamente a los j\u00f3venes.<\/p>\n<p>El objetivo es que adem\u00e1s por medio de las mentor\u00edas se potencien las habilidades t\u00e9cnicas de las y los j\u00f3venes, haci\u00e9ndolos m\u00e1s competitivos en el mercado laboral y permitiendo que las y los guerrerenses se conecten con profesionales de diversas industrias, aumentando sus posibilidades de acceder a ofertas laborales y colaboraciones empresariales.<\/p>\n<p>Tambi\u00e9n podr\u00e1n recibir orientaci\u00f3n en la creaci\u00f3n de proyectos emprendedores, ayud\u00e1ndolos a tomar decisiones informadas sobre c\u00f3mo iniciar su propio negocio o aplicar sus habilidades en el desarrollo de iniciativas econ\u00f3micas, adem\u00e1s de que no significar\u00e1 una carga para las finanzas p\u00fablicas, ya que la mentor\u00eda se desarrollar\u00e1 bajo un modelo honor\u00edfico.<\/p>\n<p><strong>Acuerdos<\/strong><\/p>\n<p>El diputado Bulmaro Torres Berrum (PRI) present\u00f3 un punto de acuerdo para exhortar a la Secretar\u00eda de Infraestructura, Comunicaciones y Transportes del Gobierno Federal, que en el \u00e1mbito de su competencia y dentro del Programa de Conservaci\u00f3n de Carreteras Federales, realice labores de supervisi\u00f3n, mantenimiento y reparaci\u00f3n de la cinta asf\u00e1ltica de la carretera federal Iguala\u2013Cd. Altamirano. La propuesta fue turnada a la Comisi\u00f3n de Desarrollo Urbano y Obras P\u00fablicas.<\/p>\n<p>El diputado H\u00e9ctor Su\u00e1rez Basurto (Morena) present\u00f3 un punto de acuerdo por el que se exhorta al titular de la Comisi\u00f3n Nacional de Cultura F\u00edsica y Deporte (CONADE), para que se considere un incremento en el presupuesto destinado al deporte en el estado para el Ejercicio Fiscal 2026, y la promoci\u00f3n de eventos deportivos de alto nivel. Fue turnado a las Comisiones Unidas de la Juventud y el Deporte, y de Presupuesto y Cuenta P\u00fablica.<\/p>\n<p>El diputado Jhobanny Jim\u00e9nez Mendoza, propuso exhortar a la titular de la comisi\u00f3n federal de electricidad, para que, en coordinaci\u00f3n con los ayuntamientos, establezcan estrategias para el retiro de cableado en desuso en los postes o mejor conocidos como \u00abmara\u00f1as\u00bb, que generan contaminaci\u00f3n visual, da\u00f1os a la infraestructura y condiciones de inseguridad para los peatones. Se turn\u00f3 s las Comisiones Unidas de Desarrollo Urbano y Obras P\u00fablicas, y Desarrollo Sustentable y Cambio Clim\u00e1tico<\/p>\n<p>La diputada Gloria Citlali Calixto Jim\u00e9nez, propuso exhortar a los 84 ayuntamientos municipales y al concejo municipal de Ayutla, para que fortalezcan la coordinaci\u00f3n con la Secretar\u00eda de la Mujer y las instituciones para que realicen acciones encaminadas a la promoci\u00f3n y protecci\u00f3n de los derechos de ni\u00f1as, adolescentes y mujeres, as\u00ed como garantizar la seguridad del personal que acuda a sus municipios para que realicen las actividades derivadas de sus estrategias y programas. Comisi\u00f3n de los Derechos de las Ni\u00f1as, Ni\u00f1os y Adolescentes.<\/p>\n<p>La diputada Obdulia Naranjo Cabrera, propuso exhortar a los ayuntamientos de los municipios de Cuajinicuilapa, Marquelia, Copala, Florencio Villareal, San Marcos, Acapulco de Ju\u00e1rez, Coyuca de Ben\u00edtez, Benito Ju\u00e1rez, Tecpan de Galeana, Zihuatanejo de Azueta y la Uni\u00f3n de Isidoro Montes de Oca; para que destinen recursos para campos tortugueros de sus localidades, para preservar la tortuga golfina, prieta, laud y carey. Comisi\u00f3n de Recursos Naturales, Desarrollo Sustentable y Cambio Clim\u00e1tico.<\/p>\n<p>La diputada Leticia Mosso Hern\u00e1ndez plante\u00f3 exhortar al secretario de Educaci\u00f3n Guerrero, Ricardo Castillo Pe\u00f1a, para que distribuya de manera inmediata y sin m\u00e1s demoras los uniformes escolares correspondientes al presente ciclo escolar 2025-2026, priorizando a las comunidades m\u00e1s vulnerables y marginadas del estado. El acuerdo no fue aprobado.<\/p>\n<p>El diputado Alejandro Bravo Abarca, propuso exhortar a la Secretar\u00eda de Educaci\u00f3n Guerrero para que realice los estudios, consultas y adecuaciones necesarias para contemplar gradualmente la inclusi\u00f3n de la materia de inteligencia artificial como asignatura oficial en los planes y programas de estudio de nivel b\u00e1sico en el estado. El acuerdo se turn\u00f3 a la Comisi\u00f3n de Educaci\u00f3n, Ciencia y Tecnolog\u00eda.<\/p>\n<p><strong>Intervenciones<\/strong><\/p>\n<p>El diputado Jorge Iv\u00e1n Ortega Jim\u00e9nez, intervino con el tema: Las becas deportivas para las juventudes guerrerenses, an\u00e1lisis de contraste entre lo prometido y lo cumplido.<\/p>\n<p>La diputada Araceli Ocampo Manzanares, habl\u00f3 sobre la instalaci\u00f3n del nuevo Poder Judicial. Se sumaron al mismo tema las diputadas Ma. Del Pilar Badillo Ruiz y Erika Lorena L\u00fcrhs Cort\u00e9s.<\/p>\n<p>El diputado Pablo Amilcar Sandoval Ballesteros, intervino con el tema: \u201cLa integraci\u00f3n democr\u00e1tica de la Suprema Corte de Justicia de la Naci\u00f3n\u201d, a partir del 1\u00b0 de septiembre de 2025. Intervino la diputada Erika Lorena L\u00fcrhs Cort\u00e9s.<\/p>\n<p>El diputado Juan Valenzo Villanueva, con el tema: autonom\u00eda y dignidad a trav\u00e9s de la alfabetizaci\u00f3n en la vejez.<br \/>\nLa diputada Obdulia Naranjo Cabrera, habl\u00f3 sobre: Septiembre el mes del testamento. Intervino sobre el mismo tema la diputada Beatriz V\u00e9lez N\u00fa\u00f1ez.<\/p>\n<p><em>) <a href=\"http:\/\/fb.me\/Steparious\" target=\"_blank\" rel=\"noopener\">fb.me\/Steparious<\/a><\/em><br \/>\n<em>)<a href=\"http:\/\/fb.me\/acapulcopress\" target=\"_blank\" rel=\"noopener\"> fb.me\/acapulcopress<\/a><\/em><br \/>\n<em>) <a href=\"http:\/\/acapulcopress.com\" target=\"_blank\" rel=\"noopener\">acapulcopress.com<\/a><\/em><\/p>\n","protected":false},"excerpt":{"rendered":"<p>CHILPANCINGO * 17 de septiembre 2025 ] LXVI Legislatura | Guerrero El Congreso del Estado de Guerrero aprob\u00f3 adiciones a la Ley de Personas J\u00f3venes del Estado del Estado, para crear la Red de Mentores Profesional en la entidad, que servir\u00e1 para que j\u00f3venes guerrerenses reciban orientaci\u00f3n personalizada, acceso a redes profesionales, y consejos pr\u00e1cticos&#8230;<\/p>\n","protected":false},"author":1,"featured_media":1260255,"comment_status":"closed","ping_status":"open","sticky":false,"template":"","format":"standard","meta":{"footnotes":""},"categories":[2037,61],"tags":[10759,18372,18769],"class_list":["post-1260254","post","type-post","status-publish","format-standard","has-post-thumbnail","hentry","category-congreso-de-guerrero","category-legislacion","tag-jesus-uriostegui-garcia","tag-lxvi-legislatura-guerrero","tag-red-de-mentores-profesional"],"_links":{"self":[{"href":"https:\/\/www.acapulcopress.com\/index.php\/wp-json\/wp\/v2\/posts\/1260254","targetHints":{"allow":["GET"]}}],"collection":[{"href":"https:\/\/www.acapulcopress.com\/index.php\/wp-json\/wp\/v2\/posts"}],"about":[{"href":"https:\/\/www.acapulcopress.com\/index.php\/wp-json\/wp\/v2\/types\/post"}],"author":[{"embeddable":true,"href":"https:\/\/www.acapulcopress.com\/index.php\/wp-json\/wp\/v2\/users\/1"}],"replies":[{"embeddable":true,"href":"https:\/\/www.acapulcopress.com\/index.php\/wp-json\/wp\/v2\/comments?post=1260254"}],"version-history":[{"count":1,"href":"https:\/\/www.acapulcopress.com\/index.php\/wp-json\/wp\/v2\/posts\/1260254\/revisions"}],"predecessor-version":[{"id":1260256,"href":"https:\/\/www.acapulcopress.com\/index.php\/wp-json\/wp\/v2\/posts\/1260254\/revisions\/1260256"}],"wp:featuredmedia":[{"embeddable":true,"href":"https:\/\/www.acapulcopress.com\/index.php\/wp-json\/wp\/v2\/media\/1260255"}],"wp:attachment":[{"href":"https:\/\/www.acapulcopress.com\/index.php\/wp-json\/wp\/v2\/media?parent=1260254"}],"wp:term":[{"taxonomy":"category","embeddable":true,"href":"https:\/\/www.acapulcopress.com\/index.php\/wp-json\/wp\/v2\/categories?post=1260254"},{"taxonomy":"post_tag","embeddable":true,"href":"https:\/\/www.acapulcopress.com\/index.php\/wp-json\/wp\/v2\/tags?post=1260254"}],"curies":[{"name":"wp","href":"https:\/\/api.w.org\/{rel}","templated":true}]}}