{"id":1260277,"date":"2025-09-19T21:08:49","date_gmt":"2025-09-20T03:08:49","guid":{"rendered":"https:\/\/www.acapulcopress.com\/?p=1260277"},"modified":"2025-09-19T21:08:49","modified_gmt":"2025-09-20T03:08:49","slug":"gobierno-del-estado-lamenta-y-rechaza-agresion-del-periodista-sergio-ocampo","status":"publish","type":"post","link":"https:\/\/www.acapulcopress.com\/index.php\/2025\/09\/19\/gobierno-del-estado-lamenta-y-rechaza-agresion-del-periodista-sergio-ocampo\/","title":{"rendered":"Gobierno del Estado lamenta y rechaza agresi\u00f3n del periodista Sergio Ocampo"},"content":{"rendered":"<p>CHILPANCINGO * 19 de septiembre 2025<br \/>\n<em>) Gobierno de Guerrero \/ Redacci\u00f3n<br \/>\n<\/em>El Gobierno del Estado de Guerrero reiter\u00f3 su respeto absoluto a la labor period\u00edstica y lament\u00f3 los hechos ocurridos esta tarde en Chilpancingo, entre un colaborador del Gobierno Federal y el periodista <strong>Sergio Ocampo Arista<\/strong>, corresponsal de <em>La Jornada<\/em> en Guerrero y director de <em>Radio Universidad<\/em>.<\/p>\n<p>A trav\u00e9s de la oficina de Comunicaci\u00f3n Social, el gobierno estatal expres\u00f3 su solidaridad con el periodista y emiti\u00f3 un categ\u00f3rico rechazo a cualquier acto de agresi\u00f3n en contra de la prensa.<\/p>\n<p>Asimismo, reconoci\u00f3 la decisi\u00f3n del Gobierno Federal de separar de sus funciones al colaborador involucrado, y refrend\u00f3 su\u00a0compromiso de garantizar siempre un ambiente de respeto y seguridad para el ejercicio period\u00edstico y la libertad de expresi\u00f3n en Guerrero.<\/p>\n<div style=\"width: 1160px;\" class=\"wp-video\"><video class=\"wp-video-shortcode\" id=\"video-1260277-1\" width=\"1160\" height=\"653\" preload=\"metadata\" controls=\"controls\"><source type=\"video\/mp4\" src=\"https:\/\/www.acapulcopress.com\/wp-content\/uploads\/2025\/09\/agresion-sergio-ocampo.mp4?_=1\" \/><a href=\"https:\/\/www.acapulcopress.com\/wp-content\/uploads\/2025\/09\/agresion-sergio-ocampo.mp4\">https:\/\/www.acapulcopress.com\/wp-content\/uploads\/2025\/09\/agresion-sergio-ocampo.mp4<\/a><\/video><\/div>\n<p>) fb.me\/Steparious<br \/>\n) fb.me\/acapulcopress<br \/>\n) acapulcopress.com<\/p>\n","protected":false},"excerpt":{"rendered":"<p>CHILPANCINGO * 19 de septiembre 2025 ) Gobierno de Guerrero \/ Redacci\u00f3n El Gobierno del Estado de Guerrero reiter\u00f3 su respeto absoluto a la labor period\u00edstica y lament\u00f3 los hechos ocurridos esta tarde en Chilpancingo, entre un colaborador del Gobierno Federal y el periodista Sergio Ocampo Arista, corresponsal de La Jornada en Guerrero y director&#8230;<\/p>\n","protected":false},"author":1,"featured_media":1260278,"comment_status":"closed","ping_status":"open","sticky":false,"template":"","format":"standard","meta":{"footnotes":""},"categories":[1980,1983],"tags":[9326,18773,18774],"class_list":["post-1260277","post","type-post","status-publish","format-standard","has-post-thumbnail","hentry","category-goverment-2","category-guerrerogob","tag-gobierno-del-estado-de-guerrero","tag-radio-universidad","tag-sergio-ocampo-arista"],"_links":{"self":[{"href":"https:\/\/www.acapulcopress.com\/index.php\/wp-json\/wp\/v2\/posts\/1260277","targetHints":{"allow":["GET"]}}],"collection":[{"href":"https:\/\/www.acapulcopress.com\/index.php\/wp-json\/wp\/v2\/posts"}],"about":[{"href":"https:\/\/www.acapulcopress.com\/index.php\/wp-json\/wp\/v2\/types\/post"}],"author":[{"embeddable":true,"href":"https:\/\/www.acapulcopress.com\/index.php\/wp-json\/wp\/v2\/users\/1"}],"replies":[{"embeddable":true,"href":"https:\/\/www.acapulcopress.com\/index.php\/wp-json\/wp\/v2\/comments?post=1260277"}],"version-history":[{"count":1,"href":"https:\/\/www.acapulcopress.com\/index.php\/wp-json\/wp\/v2\/posts\/1260277\/revisions"}],"predecessor-version":[{"id":1260280,"href":"https:\/\/www.acapulcopress.com\/index.php\/wp-json\/wp\/v2\/posts\/1260277\/revisions\/1260280"}],"wp:featuredmedia":[{"embeddable":true,"href":"https:\/\/www.acapulcopress.com\/index.php\/wp-json\/wp\/v2\/media\/1260278"}],"wp:attachment":[{"href":"https:\/\/www.acapulcopress.com\/index.php\/wp-json\/wp\/v2\/media?parent=1260277"}],"wp:term":[{"taxonomy":"category","embeddable":true,"href":"https:\/\/www.acapulcopress.com\/index.php\/wp-json\/wp\/v2\/categories?post=1260277"},{"taxonomy":"post_tag","embeddable":true,"href":"https:\/\/www.acapulcopress.com\/index.php\/wp-json\/wp\/v2\/tags?post=1260277"}],"curies":[{"name":"wp","href":"https:\/\/api.w.org\/{rel}","templated":true}]}}