{"id":1260281,"date":"2025-09-19T21:34:33","date_gmt":"2025-09-20T03:34:33","guid":{"rendered":"https:\/\/www.acapulcopress.com\/?p=1260281"},"modified":"2025-09-19T21:34:33","modified_gmt":"2025-09-20T03:34:33","slug":"claudia-sheinbaum-y-evelyn-salgado-consolidan-la-transformacion-en-guerrero","status":"publish","type":"post","link":"https:\/\/www.acapulcopress.com\/index.php\/2025\/09\/19\/claudia-sheinbaum-y-evelyn-salgado-consolidan-la-transformacion-en-guerrero\/","title":{"rendered":"Claudia Sheinbaum y Evelyn Salgado consolidan la transformaci\u00f3n en Guerrero"},"content":{"rendered":"<p>CHILPANCINGO * 19 de septiembre 2025<br \/>\n<em>) Gobierno de Guerrero<\/em><br \/>\nLa gobernadora<strong> Evelyn Salgado Pineda<\/strong> dio la bienvenida en Chilpancingo a la presidenta <strong>Claudia Sheinbaum Pardo<\/strong> en su d\u00e9cima <a href=\"https:\/\/www.acapulcopress.com\/wp-content\/uploads\/2025\/09\/SHEINBAUM-Y-EVELYN-GRO.jpg\"><img loading=\"lazy\" decoding=\"async\" class=\"alignleft wp-image-1260282 size-cmsmasters-square-thumb\" src=\"https:\/\/www.acapulcopress.com\/wp-content\/uploads\/2025\/09\/SHEINBAUM-Y-EVELYN-GRO-360x360.jpg\" alt=\"\" width=\"360\" height=\"360\" srcset=\"https:\/\/www.acapulcopress.com\/wp-content\/uploads\/2025\/09\/SHEINBAUM-Y-EVELYN-GRO-360x360.jpg 360w, https:\/\/www.acapulcopress.com\/wp-content\/uploads\/2025\/09\/SHEINBAUM-Y-EVELYN-GRO-150x150.jpg 150w, https:\/\/www.acapulcopress.com\/wp-content\/uploads\/2025\/09\/SHEINBAUM-Y-EVELYN-GRO-70x70.jpg 70w\" sizes=\"auto, (max-width: 360px) 100vw, 360px\" \/><\/a>visita a Guerrero, donde resalt\u00f3 que en el estado la transformaci\u00f3n avanza con fuerza alcanzando a casi 1.5 millones de personas beneficiadas con los programas de Bienestar, que representa m\u00e1s de 35 mil millones de pesos de inversi\u00f3n hist\u00f3rica.<\/p>\n<p>\u201cNo hay un solo rubro en el que nuestro estado no haya sentido el cari\u00f1o y el respaldo de su gobierno y de esta transformaci\u00f3n que tiene ra\u00edces profundas en esta tierra que tanto le ha dado a la naci\u00f3n. Amor con amor se paga, y en Guerrero sabemos que el agradecimiento es la memoria del coraz\u00f3n\u201d, afirm\u00f3 la gobernadora en su mensaje.<\/p>\n<p>Salgado Pineda subray\u00f3 la visi\u00f3n de justicia y bienestar de la presidenta Claudia Sheinbaum, quien a casi un a\u00f1o de su gobierno ha logrado transformar la vida de los guerrerenses poniendo a los m\u00e1s pobres en el centro de las decisiones y de todas las pol\u00edticas p\u00fablicas.<\/p>\n<p>En el Polideportivo de Chilpancingo, m\u00e1s de 17 mil asistentes de diversos sectores sociales, as\u00ed como de pueblos ind\u00edgenas y afromexicanos, respaldaron a Sheinbaum y coincidieron con la gobernadora en que \u201cEn Guerrero, donde la Patria es Primero, siempre ser\u00e1 un honor estar con Claudia hoy\u201d.<\/p>\n<p><strong>* Con inversi\u00f3n hist\u00f3rica, la transformaci\u00f3n avanza: Sheinbaum<\/strong><\/p>\n<p>En su mensaje, la presidenta Sheinbaum Pardo record\u00f3 que Guerrero es el estado n\u00famero 17 que visita luego de su primer informe de gobierno, con el prop\u00f3sito de rendir cuentas de frente al pueblo.<\/p>\n<p><a href=\"https:\/\/www.acapulcopress.com\/wp-content\/uploads\/2025\/09\/SHEINBAUM-Y-EVELYN-GRO14.jpg\"><img loading=\"lazy\" decoding=\"async\" class=\"alignleft wp-image-1260295 size-cmsmasters-square-thumb\" src=\"https:\/\/www.acapulcopress.com\/wp-content\/uploads\/2025\/09\/SHEINBAUM-Y-EVELYN-GRO14-360x360.jpg\" alt=\"\" width=\"360\" height=\"360\" srcset=\"https:\/\/www.acapulcopress.com\/wp-content\/uploads\/2025\/09\/SHEINBAUM-Y-EVELYN-GRO14-360x360.jpg 360w, https:\/\/www.acapulcopress.com\/wp-content\/uploads\/2025\/09\/SHEINBAUM-Y-EVELYN-GRO14-150x150.jpg 150w, https:\/\/www.acapulcopress.com\/wp-content\/uploads\/2025\/09\/SHEINBAUM-Y-EVELYN-GRO14-70x70.jpg 70w\" sizes=\"auto, (max-width: 360px) 100vw, 360px\" \/><\/a>Se\u00f1al\u00f3 que, tras 36 a\u00f1os de neoliberalismo, la transformaci\u00f3n de M\u00e9xico se consolida desde 2018 con un gobierno emanado del pueblo, por el pueblo y para el pueblo, logrando que m\u00e1s de 13.5 millones de mexicanas y mexicanos salieran de la pobreza y posicionando al pa\u00eds como el que m\u00e1s ha reducido la desigualdad en el continente, solo despu\u00e9s de Canad\u00e1.<\/p>\n<p>La mandataria federal destac\u00f3 la coordinaci\u00f3n y el trabajo de la gobernadora Evelyn Salgado Pineda para acercar directamente los programas sociales a los guerrerenses, beneficiando de manera directa a casi 1.5 millones de ciudadanos.<\/p>\n<p>Detall\u00f3 que en Guerrero se apoyan actualmente 385,816 adultos mayores con su pensi\u00f3n, 53,317 personas con discapacidad, 40,423 j\u00f3venes inscritos en J\u00f3venes Construyendo el Futuro y 21,816 estudiantes becados para asistir a la universidad p\u00fablica. Asimismo, 124,922 j\u00f3venes de preparatoria reciben su beca, 212,822 ni\u00f1as y ni\u00f1os cuentan con apoyo en educaci\u00f3n b\u00e1sica, 30,438 de entre 0 y 4 a\u00f1os reciben un apoyo especial, m\u00e1s de 165 mil productores agr\u00edcolas reciben apoyos directos y 326,914 productores son beneficiados con fertilizantes gratuitos.<\/p>\n<p>La presidenta Sheinbaum anunci\u00f3 tambi\u00e9n tres nuevos programas que ya benefician a Guerrero: la pensi\u00f3n para mujeres de 60 a 64 a\u00f1os, becas para estudiantes de secundaria p\u00fablica y la estrategia de Salud Casa por Casa.<\/p>\n<p><a href=\"https:\/\/www.acapulcopress.com\/wp-content\/uploads\/2025\/09\/SHEINBAUM-Y-EVELYN-GRO6.jpg\"><img loading=\"lazy\" decoding=\"async\" class=\"alignleft wp-image-1260287 size-cmsmasters-square-thumb\" src=\"https:\/\/www.acapulcopress.com\/wp-content\/uploads\/2025\/09\/SHEINBAUM-Y-EVELYN-GRO6-360x360.jpg\" alt=\"\" width=\"360\" height=\"360\" srcset=\"https:\/\/www.acapulcopress.com\/wp-content\/uploads\/2025\/09\/SHEINBAUM-Y-EVELYN-GRO6-360x360.jpg 360w, https:\/\/www.acapulcopress.com\/wp-content\/uploads\/2025\/09\/SHEINBAUM-Y-EVELYN-GRO6-150x150.jpg 150w, https:\/\/www.acapulcopress.com\/wp-content\/uploads\/2025\/09\/SHEINBAUM-Y-EVELYN-GRO6-70x70.jpg 70w\" sizes=\"auto, (max-width: 360px) 100vw, 360px\" \/><\/a>A\u00f1adi\u00f3 que este a\u00f1o arranca adem\u00e1s el programa Farmacias del Bienestar, que complementar\u00e1 el sistema de atenci\u00f3n domiciliaria y permitir\u00e1 a la poblaci\u00f3n recoger medicamentos gratuitos.<\/p>\n<p>Sheinbaum refrend\u00f3 adem\u00e1s su compromiso con los pueblos ind\u00edgenas y afromexicanos, quienes ya son reconocidos como sujetos de derecho en la Constituci\u00f3n, por lo que en Guerrero, 1,734 comunidades reciben presupuesto directo.<\/p>\n<p>En materia de reconstrucci\u00f3n, inform\u00f3 que tras los da\u00f1os ocasionados por los huracanes Otis y John, se est\u00e1n reconstruyendo 29 puentes y se proyectan 40 m\u00e1s, sumando un total de 5,320 obras en caminos artesanales, carreteras, infraestructura de salud, social y tur\u00edstica como el programa \u201cAcapulco se Transforma Contigo\u201d, sumando para este a\u00f1o una inversi\u00f3n de 10,790 millones de pesos adicionales para modernizar Guerrero con mejor conectividad y mayor oferta tur\u00edstica.<\/p>\n<p><a href=\"https:\/\/www.acapulcopress.com\/wp-content\/uploads\/2025\/09\/SHEINBAUM-Y-EVELYN-GRO8.jpg\"><img loading=\"lazy\" decoding=\"async\" class=\"alignnone wp-image-1260289 size-full\" src=\"https:\/\/www.acapulcopress.com\/wp-content\/uploads\/2025\/09\/SHEINBAUM-Y-EVELYN-GRO8.jpg\" alt=\"\" width=\"1149\" height=\"1280\" srcset=\"https:\/\/www.acapulcopress.com\/wp-content\/uploads\/2025\/09\/SHEINBAUM-Y-EVELYN-GRO8.jpg 1149w, https:\/\/www.acapulcopress.com\/wp-content\/uploads\/2025\/09\/SHEINBAUM-Y-EVELYN-GRO8-300x334.jpg 300w, https:\/\/www.acapulcopress.com\/wp-content\/uploads\/2025\/09\/SHEINBAUM-Y-EVELYN-GRO8-919x1024.jpg 919w, https:\/\/www.acapulcopress.com\/wp-content\/uploads\/2025\/09\/SHEINBAUM-Y-EVELYN-GRO8-768x856.jpg 768w, https:\/\/www.acapulcopress.com\/wp-content\/uploads\/2025\/09\/SHEINBAUM-Y-EVELYN-GRO8-580x646.jpg 580w, https:\/\/www.acapulcopress.com\/wp-content\/uploads\/2025\/09\/SHEINBAUM-Y-EVELYN-GRO8-860x958.jpg 860w\" sizes=\"auto, (max-width: 1149px) 100vw, 1149px\" \/><\/a> <a href=\"https:\/\/www.acapulcopress.com\/wp-content\/uploads\/2025\/09\/SHEINBAUM-Y-EVELYN-GRO5.jpg\"><img loading=\"lazy\" decoding=\"async\" class=\"alignleft wp-image-1260286 size-full\" src=\"https:\/\/www.acapulcopress.com\/wp-content\/uploads\/2025\/09\/SHEINBAUM-Y-EVELYN-GRO5.jpg\" alt=\"\" width=\"1228\" height=\"774\" srcset=\"https:\/\/www.acapulcopress.com\/wp-content\/uploads\/2025\/09\/SHEINBAUM-Y-EVELYN-GRO5.jpg 1228w, https:\/\/www.acapulcopress.com\/wp-content\/uploads\/2025\/09\/SHEINBAUM-Y-EVELYN-GRO5-300x189.jpg 300w, https:\/\/www.acapulcopress.com\/wp-content\/uploads\/2025\/09\/SHEINBAUM-Y-EVELYN-GRO5-1024x645.jpg 1024w, https:\/\/www.acapulcopress.com\/wp-content\/uploads\/2025\/09\/SHEINBAUM-Y-EVELYN-GRO5-768x484.jpg 768w, https:\/\/www.acapulcopress.com\/wp-content\/uploads\/2025\/09\/SHEINBAUM-Y-EVELYN-GRO5-580x366.jpg 580w, https:\/\/www.acapulcopress.com\/wp-content\/uploads\/2025\/09\/SHEINBAUM-Y-EVELYN-GRO5-860x542.jpg 860w, https:\/\/www.acapulcopress.com\/wp-content\/uploads\/2025\/09\/SHEINBAUM-Y-EVELYN-GRO5-1160x731.jpg 1160w\" sizes=\"auto, (max-width: 1228px) 100vw, 1228px\" \/><\/a> <a href=\"https:\/\/www.acapulcopress.com\/wp-content\/uploads\/2025\/09\/SHEINBAUM-Y-EVELYN-GRO11.jpg\"><img loading=\"lazy\" decoding=\"async\" class=\"alignnone wp-image-1260292 size-full\" src=\"https:\/\/www.acapulcopress.com\/wp-content\/uploads\/2025\/09\/SHEINBAUM-Y-EVELYN-GRO11.jpg\" alt=\"\" width=\"1600\" height=\"1066\" srcset=\"https:\/\/www.acapulcopress.com\/wp-content\/uploads\/2025\/09\/SHEINBAUM-Y-EVELYN-GRO11.jpg 1600w, https:\/\/www.acapulcopress.com\/wp-content\/uploads\/2025\/09\/SHEINBAUM-Y-EVELYN-GRO11-300x200.jpg 300w, https:\/\/www.acapulcopress.com\/wp-content\/uploads\/2025\/09\/SHEINBAUM-Y-EVELYN-GRO11-1024x682.jpg 1024w, https:\/\/www.acapulcopress.com\/wp-content\/uploads\/2025\/09\/SHEINBAUM-Y-EVELYN-GRO11-768x512.jpg 768w, https:\/\/www.acapulcopress.com\/wp-content\/uploads\/2025\/09\/SHEINBAUM-Y-EVELYN-GRO11-1536x1023.jpg 1536w, https:\/\/www.acapulcopress.com\/wp-content\/uploads\/2025\/09\/SHEINBAUM-Y-EVELYN-GRO11-580x386.jpg 580w, https:\/\/www.acapulcopress.com\/wp-content\/uploads\/2025\/09\/SHEINBAUM-Y-EVELYN-GRO11-860x573.jpg 860w, https:\/\/www.acapulcopress.com\/wp-content\/uploads\/2025\/09\/SHEINBAUM-Y-EVELYN-GRO11-1160x773.jpg 1160w, https:\/\/www.acapulcopress.com\/wp-content\/uploads\/2025\/09\/SHEINBAUM-Y-EVELYN-GRO11-1320x879.jpg 1320w\" sizes=\"auto, (max-width: 1600px) 100vw, 1600px\" \/><\/a> <a href=\"https:\/\/www.acapulcopress.com\/wp-content\/uploads\/2025\/09\/SHEINBAUM-Y-EVELYN-GRO12.jpg\"><img loading=\"lazy\" decoding=\"async\" class=\"alignnone wp-image-1260293 size-full\" src=\"https:\/\/www.acapulcopress.com\/wp-content\/uploads\/2025\/09\/SHEINBAUM-Y-EVELYN-GRO12.jpg\" alt=\"\" width=\"1600\" height=\"1066\" srcset=\"https:\/\/www.acapulcopress.com\/wp-content\/uploads\/2025\/09\/SHEINBAUM-Y-EVELYN-GRO12.jpg 1600w, https:\/\/www.acapulcopress.com\/wp-content\/uploads\/2025\/09\/SHEINBAUM-Y-EVELYN-GRO12-300x200.jpg 300w, https:\/\/www.acapulcopress.com\/wp-content\/uploads\/2025\/09\/SHEINBAUM-Y-EVELYN-GRO12-1024x682.jpg 1024w, https:\/\/www.acapulcopress.com\/wp-content\/uploads\/2025\/09\/SHEINBAUM-Y-EVELYN-GRO12-768x512.jpg 768w, https:\/\/www.acapulcopress.com\/wp-content\/uploads\/2025\/09\/SHEINBAUM-Y-EVELYN-GRO12-1536x1023.jpg 1536w, https:\/\/www.acapulcopress.com\/wp-content\/uploads\/2025\/09\/SHEINBAUM-Y-EVELYN-GRO12-580x386.jpg 580w, https:\/\/www.acapulcopress.com\/wp-content\/uploads\/2025\/09\/SHEINBAUM-Y-EVELYN-GRO12-860x573.jpg 860w, https:\/\/www.acapulcopress.com\/wp-content\/uploads\/2025\/09\/SHEINBAUM-Y-EVELYN-GRO12-1160x773.jpg 1160w, https:\/\/www.acapulcopress.com\/wp-content\/uploads\/2025\/09\/SHEINBAUM-Y-EVELYN-GRO12-1320x879.jpg 1320w\" sizes=\"auto, (max-width: 1600px) 100vw, 1600px\" \/><\/a> <a href=\"https:\/\/www.acapulcopress.com\/wp-content\/uploads\/2025\/09\/SHEINBAUM-Y-EVELYN-GRO16.jpg\"><img loading=\"lazy\" decoding=\"async\" class=\"alignnone wp-image-1260297 size-full\" src=\"https:\/\/www.acapulcopress.com\/wp-content\/uploads\/2025\/09\/SHEINBAUM-Y-EVELYN-GRO16.jpg\" alt=\"\" width=\"1600\" height=\"1066\" srcset=\"https:\/\/www.acapulcopress.com\/wp-content\/uploads\/2025\/09\/SHEINBAUM-Y-EVELYN-GRO16.jpg 1600w, https:\/\/www.acapulcopress.com\/wp-content\/uploads\/2025\/09\/SHEINBAUM-Y-EVELYN-GRO16-300x200.jpg 300w, https:\/\/www.acapulcopress.com\/wp-content\/uploads\/2025\/09\/SHEINBAUM-Y-EVELYN-GRO16-1024x682.jpg 1024w, https:\/\/www.acapulcopress.com\/wp-content\/uploads\/2025\/09\/SHEINBAUM-Y-EVELYN-GRO16-768x512.jpg 768w, https:\/\/www.acapulcopress.com\/wp-content\/uploads\/2025\/09\/SHEINBAUM-Y-EVELYN-GRO16-1536x1023.jpg 1536w, https:\/\/www.acapulcopress.com\/wp-content\/uploads\/2025\/09\/SHEINBAUM-Y-EVELYN-GRO16-580x386.jpg 580w, https:\/\/www.acapulcopress.com\/wp-content\/uploads\/2025\/09\/SHEINBAUM-Y-EVELYN-GRO16-860x573.jpg 860w, https:\/\/www.acapulcopress.com\/wp-content\/uploads\/2025\/09\/SHEINBAUM-Y-EVELYN-GRO16-1160x773.jpg 1160w, https:\/\/www.acapulcopress.com\/wp-content\/uploads\/2025\/09\/SHEINBAUM-Y-EVELYN-GRO16-1320x879.jpg 1320w\" sizes=\"auto, (max-width: 1600px) 100vw, 1600px\" \/><\/a> <a href=\"https:\/\/www.acapulcopress.com\/wp-content\/uploads\/2025\/09\/SHEINBAUM-Y-EVELYN-GRO15.jpg\"><img loading=\"lazy\" decoding=\"async\" class=\"alignnone wp-image-1260296 size-full\" src=\"https:\/\/www.acapulcopress.com\/wp-content\/uploads\/2025\/09\/SHEINBAUM-Y-EVELYN-GRO15.jpg\" alt=\"\" width=\"1600\" height=\"1108\" srcset=\"https:\/\/www.acapulcopress.com\/wp-content\/uploads\/2025\/09\/SHEINBAUM-Y-EVELYN-GRO15.jpg 1600w, https:\/\/www.acapulcopress.com\/wp-content\/uploads\/2025\/09\/SHEINBAUM-Y-EVELYN-GRO15-300x208.jpg 300w, https:\/\/www.acapulcopress.com\/wp-content\/uploads\/2025\/09\/SHEINBAUM-Y-EVELYN-GRO15-1024x709.jpg 1024w, https:\/\/www.acapulcopress.com\/wp-content\/uploads\/2025\/09\/SHEINBAUM-Y-EVELYN-GRO15-768x532.jpg 768w, https:\/\/www.acapulcopress.com\/wp-content\/uploads\/2025\/09\/SHEINBAUM-Y-EVELYN-GRO15-1536x1064.jpg 1536w, https:\/\/www.acapulcopress.com\/wp-content\/uploads\/2025\/09\/SHEINBAUM-Y-EVELYN-GRO15-580x402.jpg 580w, https:\/\/www.acapulcopress.com\/wp-content\/uploads\/2025\/09\/SHEINBAUM-Y-EVELYN-GRO15-860x596.jpg 860w, https:\/\/www.acapulcopress.com\/wp-content\/uploads\/2025\/09\/SHEINBAUM-Y-EVELYN-GRO15-1160x803.jpg 1160w, https:\/\/www.acapulcopress.com\/wp-content\/uploads\/2025\/09\/SHEINBAUM-Y-EVELYN-GRO15-1320x914.jpg 1320w\" sizes=\"auto, (max-width: 1600px) 100vw, 1600px\" \/><\/a> <a href=\"https:\/\/www.acapulcopress.com\/wp-content\/uploads\/2025\/09\/SHEINBAUM-Y-EVELYN-GRO4.jpg\"><img loading=\"lazy\" decoding=\"async\" class=\"alignnone wp-image-1260285 size-full\" src=\"https:\/\/www.acapulcopress.com\/wp-content\/uploads\/2025\/09\/SHEINBAUM-Y-EVELYN-GRO4.jpg\" alt=\"\" width=\"1280\" height=\"934\" srcset=\"https:\/\/www.acapulcopress.com\/wp-content\/uploads\/2025\/09\/SHEINBAUM-Y-EVELYN-GRO4.jpg 1280w, https:\/\/www.acapulcopress.com\/wp-content\/uploads\/2025\/09\/SHEINBAUM-Y-EVELYN-GRO4-300x219.jpg 300w, https:\/\/www.acapulcopress.com\/wp-content\/uploads\/2025\/09\/SHEINBAUM-Y-EVELYN-GRO4-1024x747.jpg 1024w, https:\/\/www.acapulcopress.com\/wp-content\/uploads\/2025\/09\/SHEINBAUM-Y-EVELYN-GRO4-768x560.jpg 768w, https:\/\/www.acapulcopress.com\/wp-content\/uploads\/2025\/09\/SHEINBAUM-Y-EVELYN-GRO4-580x423.jpg 580w, https:\/\/www.acapulcopress.com\/wp-content\/uploads\/2025\/09\/SHEINBAUM-Y-EVELYN-GRO4-860x628.jpg 860w, https:\/\/www.acapulcopress.com\/wp-content\/uploads\/2025\/09\/SHEINBAUM-Y-EVELYN-GRO4-1160x846.jpg 1160w\" sizes=\"auto, (max-width: 1280px) 100vw, 1280px\" \/><\/a> <a href=\"https:\/\/www.acapulcopress.com\/wp-content\/uploads\/2025\/09\/SHEINBAUM-Y-EVELYN-GRO3.jpg\"><img loading=\"lazy\" decoding=\"async\" class=\"alignnone wp-image-1260284 size-full\" src=\"https:\/\/www.acapulcopress.com\/wp-content\/uploads\/2025\/09\/SHEINBAUM-Y-EVELYN-GRO3.jpg\" alt=\"\" width=\"1022\" height=\"1280\" srcset=\"https:\/\/www.acapulcopress.com\/wp-content\/uploads\/2025\/09\/SHEINBAUM-Y-EVELYN-GRO3.jpg 1022w, https:\/\/www.acapulcopress.com\/wp-content\/uploads\/2025\/09\/SHEINBAUM-Y-EVELYN-GRO3-300x376.jpg 300w, https:\/\/www.acapulcopress.com\/wp-content\/uploads\/2025\/09\/SHEINBAUM-Y-EVELYN-GRO3-818x1024.jpg 818w, https:\/\/www.acapulcopress.com\/wp-content\/uploads\/2025\/09\/SHEINBAUM-Y-EVELYN-GRO3-768x962.jpg 768w, https:\/\/www.acapulcopress.com\/wp-content\/uploads\/2025\/09\/SHEINBAUM-Y-EVELYN-GRO3-580x726.jpg 580w, https:\/\/www.acapulcopress.com\/wp-content\/uploads\/2025\/09\/SHEINBAUM-Y-EVELYN-GRO3-860x1077.jpg 860w\" sizes=\"auto, (max-width: 1022px) 100vw, 1022px\" \/><\/a> <a href=\"https:\/\/www.acapulcopress.com\/wp-content\/uploads\/2025\/09\/SHEINBAUM-Y-EVELYN-GRO2.jpg\"><img loading=\"lazy\" decoding=\"async\" class=\"alignnone wp-image-1260283 size-full\" src=\"https:\/\/www.acapulcopress.com\/wp-content\/uploads\/2025\/09\/SHEINBAUM-Y-EVELYN-GRO2.jpg\" alt=\"\" width=\"1096\" height=\"1600\" srcset=\"https:\/\/www.acapulcopress.com\/wp-content\/uploads\/2025\/09\/SHEINBAUM-Y-EVELYN-GRO2.jpg 1096w, https:\/\/www.acapulcopress.com\/wp-content\/uploads\/2025\/09\/SHEINBAUM-Y-EVELYN-GRO2-300x438.jpg 300w, https:\/\/www.acapulcopress.com\/wp-content\/uploads\/2025\/09\/SHEINBAUM-Y-EVELYN-GRO2-701x1024.jpg 701w, https:\/\/www.acapulcopress.com\/wp-content\/uploads\/2025\/09\/SHEINBAUM-Y-EVELYN-GRO2-768x1121.jpg 768w, https:\/\/www.acapulcopress.com\/wp-content\/uploads\/2025\/09\/SHEINBAUM-Y-EVELYN-GRO2-1052x1536.jpg 1052w, https:\/\/www.acapulcopress.com\/wp-content\/uploads\/2025\/09\/SHEINBAUM-Y-EVELYN-GRO2-580x847.jpg 580w, https:\/\/www.acapulcopress.com\/wp-content\/uploads\/2025\/09\/SHEINBAUM-Y-EVELYN-GRO2-860x1255.jpg 860w\" sizes=\"auto, (max-width: 1096px) 100vw, 1096px\" \/><\/a><\/p>\n<p><em>) <a href=\"http:\/\/fb.me\/Steparious\" target=\"_blank\" rel=\"noopener\">fb.me\/Steparious<\/a><\/em><br \/>\n<em>) <a href=\"http:\/\/fb.me\/acapulcopress\" target=\"_blank\" rel=\"noopener\">fb.me\/acapulcopress<\/a><\/em><br \/>\n<em>) <a href=\"http:\/\/acapulcopress.com\" target=\"_blank\" rel=\"noopener\">acapulcopress.com<\/a><\/em><\/p>\n","protected":false},"excerpt":{"rendered":"<p>CHILPANCINGO * 19 de septiembre 2025 ) Gobierno de Guerrero La gobernadora Evelyn Salgado Pineda dio la bienvenida en Chilpancingo a la presidenta Claudia Sheinbaum Pardo en su d\u00e9cima visita a Guerrero, donde resalt\u00f3 que en el estado la transformaci\u00f3n avanza con fuerza alcanzando a casi 1.5 millones de personas beneficiadas con los programas de&#8230;<\/p>\n","protected":false},"author":1,"featured_media":1260285,"comment_status":"closed","ping_status":"open","sticky":false,"template":"","format":"standard","meta":{"footnotes":""},"categories":[2080],"tags":[5853,8251],"class_list":["post-1260281","post","type-post","status-publish","format-standard","has-post-thumbnail","hentry","category-regiones-de-guerrero","tag-claudia-sheinbaum-pardo","tag-evelyn-salgado-pineda"],"_links":{"self":[{"href":"https:\/\/www.acapulcopress.com\/index.php\/wp-json\/wp\/v2\/posts\/1260281","targetHints":{"allow":["GET"]}}],"collection":[{"href":"https:\/\/www.acapulcopress.com\/index.php\/wp-json\/wp\/v2\/posts"}],"about":[{"href":"https:\/\/www.acapulcopress.com\/index.php\/wp-json\/wp\/v2\/types\/post"}],"author":[{"embeddable":true,"href":"https:\/\/www.acapulcopress.com\/index.php\/wp-json\/wp\/v2\/users\/1"}],"replies":[{"embeddable":true,"href":"https:\/\/www.acapulcopress.com\/index.php\/wp-json\/wp\/v2\/comments?post=1260281"}],"version-history":[{"count":1,"href":"https:\/\/www.acapulcopress.com\/index.php\/wp-json\/wp\/v2\/posts\/1260281\/revisions"}],"predecessor-version":[{"id":1260298,"href":"https:\/\/www.acapulcopress.com\/index.php\/wp-json\/wp\/v2\/posts\/1260281\/revisions\/1260298"}],"wp:featuredmedia":[{"embeddable":true,"href":"https:\/\/www.acapulcopress.com\/index.php\/wp-json\/wp\/v2\/media\/1260285"}],"wp:attachment":[{"href":"https:\/\/www.acapulcopress.com\/index.php\/wp-json\/wp\/v2\/media?parent=1260281"}],"wp:term":[{"taxonomy":"category","embeddable":true,"href":"https:\/\/www.acapulcopress.com\/index.php\/wp-json\/wp\/v2\/categories?post=1260281"},{"taxonomy":"post_tag","embeddable":true,"href":"https:\/\/www.acapulcopress.com\/index.php\/wp-json\/wp\/v2\/tags?post=1260281"}],"curies":[{"name":"wp","href":"https:\/\/api.w.org\/{rel}","templated":true}]}}