{"id":1260302,"date":"2025-09-19T08:25:40","date_gmt":"2025-09-19T14:25:40","guid":{"rendered":"https:\/\/www.acapulcopress.com\/?p=1260302"},"modified":"2025-09-20T08:47:17","modified_gmt":"2025-09-20T14:47:17","slug":"guerrero-clama-por-mas-ayuda-federal-a-sheinbaum","status":"publish","type":"post","link":"https:\/\/www.acapulcopress.com\/index.php\/2025\/09\/19\/guerrero-clama-por-mas-ayuda-federal-a-sheinbaum\/","title":{"rendered":"Guerrero clama por m\u00e1s ayuda federal a Sheinbaum"},"content":{"rendered":"<p>Marem\u00e1gnum<br \/>\n\u00bb<a href=\"https:\/\/www.facebook.com\/ricardocastill01\" target=\"_blank\" rel=\"noopener\"><strong> RICARDO<\/strong> | <strong>CASTILLO BARRIENTOS<\/strong><\/a><\/p>\n<p>Una en\u00e9sima visita realiza hoy la presidenta <strong>Claudia Sheinbaum<\/strong> a Guerrero, la mayor\u00eda fue al puerto de Acapulco, en seguimiento a las tareas de recuperaci\u00f3n del centro tur\u00edstico, debido a los grandes da\u00f1os de los dos \u00faltimos huracanes, principalmente, <em>John<\/em>, primer fen\u00f3meno natural de consideraci\u00f3n ocurrido en el novel gobierno.<\/p>\n<p><a href=\"https:\/\/www.acapulcopress.com\/wp-content\/uploads\/2025\/09\/SHEINBAUM-Y-EVELYN-GRO11.jpg\"><img loading=\"lazy\" decoding=\"async\" class=\"alignleft wp-image-1260292 size-cmsmasters-square-thumb\" src=\"https:\/\/www.acapulcopress.com\/wp-content\/uploads\/2025\/09\/SHEINBAUM-Y-EVELYN-GRO11-360x360.jpg\" alt=\"\" width=\"360\" height=\"360\" srcset=\"https:\/\/www.acapulcopress.com\/wp-content\/uploads\/2025\/09\/SHEINBAUM-Y-EVELYN-GRO11-360x360.jpg 360w, https:\/\/www.acapulcopress.com\/wp-content\/uploads\/2025\/09\/SHEINBAUM-Y-EVELYN-GRO11-150x150.jpg 150w, https:\/\/www.acapulcopress.com\/wp-content\/uploads\/2025\/09\/SHEINBAUM-Y-EVELYN-GRO11-70x70.jpg 70w\" sizes=\"auto, (max-width: 360px) 100vw, 360px\" \/><\/a>Los gobiernos estatal, municipales y militantes <em>morenistas<\/em>, recibir\u00e1n con entusiasmo a la Mandataria Nacional, que viene realizando giras de <strong>rendici\u00f3n de cuentas<\/strong> con motivo del <strong>Primer Informe de Gobierno<\/strong> de 11 meses, en las ciudades capitales de las entidades federativas, ahora es el turno de Chilpancingo de los Bravo.<\/p>\n<p>En el documento del primero de septiembre, Sheinbaum Pardo, hizo un recuento de obras sociales en proceso en el estado, destacando inversiones en Acapulco: agua potable y drenaje, rehabilitaci\u00f3n y nuevas plantas de tratamiento de aguas residuales, plantas recicladoras de basura y el programa \u201cAcapulco se Transforma Contigo\u201d, operado por el Fondo Nacional de Turismo (<strong>FONATUR<\/strong>) y otras acciones de la Secretaria de Marina (<strong>MARINA<\/strong>), como el<strong> Marinab\u00fas<\/strong> y la modernizaci\u00f3n integral de la terminal de cruceros, el malec\u00f3n, el \u201cJard\u00edn del Puerto\u201d y el ex edificio de autos de exportaci\u00f3n.<\/p>\n<p>La infraestructura carretera est\u00e1 siendo rehabilitada, incluyendo 68 puentes. Hay tramos intransitables en el municipio Jos\u00e9 Joaqu\u00edn de Herrera, La Monta\u00f1a, La Sierra y el KM. 22, en la carretera federal M\u00e9xico-Acapulco. Adem\u00e1s, la ampliaci\u00f3n de las carreteras Cuautla-Tlapa, Toluca-Zihuatanejo y Tlapa-Marquelia, quedando en el olvido la continuaci\u00f3n de la ampliaci\u00f3n de la carretera de Acapulco-Zihuatanejo.<\/p>\n<p>Con el presidente Andr\u00e9s Manuel L\u00f3pez Obrador, se avanz\u00f3 en la construcci\u00f3n de los hospitales de Especialidades del<strong> ISSSTE<\/strong>, en Acapulco y el hospital regional de Tlapa, concluidos en la primera etapa durante el nuevo gobierno.<\/p>\n<p>En la pen\u00faltima gira del mes de agosto, Sheinbaum Pardo, estableci\u00f3 la creaci\u00f3n del <strong>Plan de Justicia para el Pueblo Amuzgo<\/strong>, presentado en Tlacoachistlahuaca, consistente en otorgamientos de cr\u00e9ditos artesanales y obras sociales.<\/p>\n<p>Ahora bien, la capital del estado ha vivido eternas promesas presidenciales de una soluci\u00f3n definitiva a la problem\u00e1tica de escasez de agua potable, con los ex presidentes Zedillo, Fox, Pe\u00f1a Nieto y L\u00f3pez Obrador; renaciendo la esperanza en la presidenta Sheinbaum, para que tome la decisi\u00f3n de finiquitar el problema, trayendo caudales mayores del vital l\u00edquido del r\u00edo Mezcala o del r\u00edo Papagayo. Se va ver, si ahora s\u00ed, deja de sufrir la poblaci\u00f3n capitalina por la falta de agua.<\/p>\n<p>Chilpancingo requiere la conclusi\u00f3n de la v\u00eda <strong>Huacapa<\/strong> y el embovedado del canal, de la presa Cerrito Rico a Petaquillas.<\/p>\n<p>Acapulco necesita el rescate de la zona tradicional, el centro hist\u00f3rico, programa anti inundaciones de las zonas Cayaco y Diamante y la descontaminaci\u00f3n de la Laguna Negra de Puerto Marqu\u00e9s; sin descartar a los municipios marginados, en eterna espera de la intervenci\u00f3n del gobierno federal para superar los graves rezagos sociales agobiantes desde siempre.<\/p>\n<p><strong>Marea Baja.-<\/strong> El experimentado periodista Mario Garc\u00eda Rodr\u00edguez, mejor conocido como \u201c<strong><em>Ironsid<\/em><\/strong><em>e<\/em>\u201d, renaci\u00f3 este d\u00eda en 1985, hace ya 40 a\u00f1os, cuando un terremoto de 8.1 grados destruy\u00f3 la zona c\u00e9ntrica de la Ciudad de M\u00e9xico, Distrito Federal, con un indeterminado n\u00famero de v\u00edctimas, se habl\u00f3 de miles sin precisar la cifra.<\/p>\n<p>Decenas de edificios se vinieron abajo, el famoso hotel \u201c<strong>Regis<\/strong>\u201d fue uno de estos, ah\u00ed se encontraba hospedado el colega Mario, en una habitaci\u00f3n del cuarto piso, era corresponsal del peri\u00f3dico \u201c<strong>El D\u00eda<\/strong>\u201d.<\/p>\n<p>El ex guerrillero y periodista al percibir el terrible sismo a las 7:19 de la ma\u00f1ana, se levant\u00f3 de <em>ipso facto<\/em> de la cama y anud\u00f3 una por una, sabanas, cobijas y colchas, a fin de deslizarse desde las alturas hasta caer en el toldo de un veh\u00edculo, salvando la vida milagrosamente. Desde esa fecha para ac\u00e1, el gran \u201c<strong><em>Ironside<\/em><\/strong>\u201d celebra rumbosamente su renacimiento con bombo y platillo.<\/p>\n<p><strong>Marea Alta.-<\/strong> Hay que reconocerle a la presidenta Sheinbaum en gran gesto de reivindicaci\u00f3n de grandes hero\u00ednas mexicanas, como nuestra olvidada paisana <strong>Manuela Molina Medina \u201cLa Capitana\u201d o \u201cLa Barragana\u201d,<\/strong> quien se sum\u00f3 a la causa insurgente combatiendo al lado del general\u00edsimo Jos\u00e9 Mar\u00eda Morelos y Pav\u00f3n, en el sitio y rendici\u00f3n del Fuerte de San Diego.<\/p>\n<p><strong>\u201cLa Capitana\u201d<\/strong> fue originaria de una comunidad de Taxco de Alarc\u00f3n, ind\u00edgena de pura cepa y mujer valiente a m\u00e1s no poder, poniendo el ejemplo a su tropa y a muchos hombres de la \u00e9poca, en combates y misiones militares hasta que cay\u00f3 herida de muerte.<\/p>\n<p>Despu\u00e9s que fue mencionada en la arenga presidencial la noche del 15 de septiembre, \u201cD\u00eda del Grito de la Independencia\u201d, en lo sucesivo, deber\u00e1 resonar fuerte el nombre de \u201c<strong>La Capitana<\/strong>\u201d desde el balc\u00f3n de Palacio de Gobierno de la ciudad capital, as\u00ed como Antonia Nava.<\/p>\n<p><strong>Maremoto.-<\/strong> La que anta totalmente despistada o sin br\u00fajula, es la diputada local Citlali Calixto Jim\u00e9nez, quien por ser diputada plurinominal defiende a capa y espada que en <strong>MORENA<\/strong> las plurinominales emanan de acciones afirmativas y en territorio, lo cual podr\u00eda ser cierto pero reforzadas por el consabido \u201c<strong>dedazo<\/strong>\u201d de la c\u00fapula pol\u00edtica.<\/p>\n<p>La <strong>Reforma Electoral<\/strong> que se ha echado a cuestas la presidenta Sheinbaum, considera la eliminaci\u00f3n de los plurinominales y suplirlos por diputados de primera minor\u00eda como en la C\u00e1mara de Senadores, se ha hecho una antidemocr\u00e1tica costumbre que los dirigentes se agandallen las primeras posiciones en las listas partidistas.<\/p>\n<p>La ingenua Citlali, seguramente ya est\u00e1 pensando en repetir por tercera ocasi\u00f3n, o transmutarse en s\u00edndica municipal o regidora en el Cabildo porte\u00f1o, al fin que tiene gran padrinazgo pol\u00edtico que le garantiza el pase autom\u00e1tico y lo sabe bien y todo el mundo tambi\u00e9n.<\/p>\n<p><em>) <a href=\"http:\/\/fb.me\/Steparious\" target=\"_blank\" rel=\"noopener\">fb.me\/Steparious<\/a><\/em><br \/>\n<em>) <a href=\"http:\/\/fb.me\/acapulcopress\" target=\"_blank\" rel=\"noopener\">fb.me\/acapulcopress<\/a><\/em><br \/>\n<em>) <a href=\"http:\/\/acapulcopress.com\" target=\"_blank\" rel=\"noopener\">acapulcopress.com<\/a><\/em><\/p>\n","protected":false},"excerpt":{"rendered":"<p>Una en\u00e9sima visita realiza hoy la presidenta Claudia Sheinbaum a Guerrero, la mayor\u00eda fue al puerto de Acapulco,<\/p>\n","protected":false},"author":1,"featured_media":1260304,"comment_status":"closed","ping_status":"open","sticky":false,"template":"","format":"standard","meta":{"footnotes":""},"categories":[2071,1991],"tags":[5853,12503,15575],"class_list":["post-1260302","post","type-post","status-publish","format-standard","has-post-thumbnail","hentry","category-opinion-analisis-columnas","category-libertad-de-expresion","tag-claudia-sheinbaum-pardo","tag-maremagnum","tag-ricardo-castillo-barrientos"],"_links":{"self":[{"href":"https:\/\/www.acapulcopress.com\/index.php\/wp-json\/wp\/v2\/posts\/1260302","targetHints":{"allow":["GET"]}}],"collection":[{"href":"https:\/\/www.acapulcopress.com\/index.php\/wp-json\/wp\/v2\/posts"}],"about":[{"href":"https:\/\/www.acapulcopress.com\/index.php\/wp-json\/wp\/v2\/types\/post"}],"author":[{"embeddable":true,"href":"https:\/\/www.acapulcopress.com\/index.php\/wp-json\/wp\/v2\/users\/1"}],"replies":[{"embeddable":true,"href":"https:\/\/www.acapulcopress.com\/index.php\/wp-json\/wp\/v2\/comments?post=1260302"}],"version-history":[{"count":1,"href":"https:\/\/www.acapulcopress.com\/index.php\/wp-json\/wp\/v2\/posts\/1260302\/revisions"}],"predecessor-version":[{"id":1260305,"href":"https:\/\/www.acapulcopress.com\/index.php\/wp-json\/wp\/v2\/posts\/1260302\/revisions\/1260305"}],"wp:featuredmedia":[{"embeddable":true,"href":"https:\/\/www.acapulcopress.com\/index.php\/wp-json\/wp\/v2\/media\/1260304"}],"wp:attachment":[{"href":"https:\/\/www.acapulcopress.com\/index.php\/wp-json\/wp\/v2\/media?parent=1260302"}],"wp:term":[{"taxonomy":"category","embeddable":true,"href":"https:\/\/www.acapulcopress.com\/index.php\/wp-json\/wp\/v2\/categories?post=1260302"},{"taxonomy":"post_tag","embeddable":true,"href":"https:\/\/www.acapulcopress.com\/index.php\/wp-json\/wp\/v2\/tags?post=1260302"}],"curies":[{"name":"wp","href":"https:\/\/api.w.org\/{rel}","templated":true}]}}