{"id":1260340,"date":"2025-09-21T21:22:21","date_gmt":"2025-09-22T03:22:21","guid":{"rendered":"https:\/\/www.acapulcopress.com\/?p=1260340"},"modified":"2025-09-22T21:25:01","modified_gmt":"2025-09-23T03:25:01","slug":"asistio-senador-anorve-a-informe-anual-de-asociacion-ganadera-de-acapulco","status":"publish","type":"post","link":"https:\/\/www.acapulcopress.com\/index.php\/2025\/09\/21\/asistio-senador-anorve-a-informe-anual-de-asociacion-ganadera-de-acapulco\/","title":{"rendered":"Asisti\u00f3 Senador A\u00f1orve a informe anual de Asociaci\u00f3n Ganadera de Acapulco"},"content":{"rendered":"<p>ACAPULCO * 21 de septiembre 2025<br \/>\n<em>) Comunicado<br \/>\n<\/em> El senador de la Rep\u00fablica por Guerrero <strong>Manuel A\u00f1orve Ba\u00f1os<\/strong>\u00a0asisti\u00f3 al informe anual de la<em> Asociaci\u00f3n Ganadera de Acapulco<\/em>\u00a0invitado por el presidente <strong>Francisco Ricardo<\/strong>. Ah\u00ed el senador y el presidente del Comit\u00e9 Directivo Municipal del PRI,<strong> Jaime Luis Col\u00f3n Garc\u00eda<\/strong>, donaron un becerro para que los integrantes de la asociaci\u00f3n hicieran una rifa.<\/p>\n<p>En este evento, al cual tambi\u00e9n asisti\u00f3 la ex diputada <strong>Julieta Fern\u00e1ndez, <\/strong>el senador se comprometi\u00f3 a seguir apoyando a este gremio guerrerense.<\/p>\n<p>En su intervenci\u00f3n, A\u00f1orve Ba\u00f1os explic\u00f3 que el gobierno federal ha quitado muchos programas que serv\u00edan para apoyar a los productores y que, lamentablemente, hoy en d\u00eda todo el recurso va para programas electorales, dejando de lado a las manos de quienes producen.<\/p>\n<p>Por su parte, el presidente de la Ganadera, <strong>Paco Ricart<\/strong>, le record\u00f3 que cuando fue alcalde los ayud\u00f3 con el techumbre del lugar, en el que hasta el momento llevan a cabo diferentes eventos sociales.<\/p>\n<p><a href=\"https:\/\/www.acapulcopress.com\/wp-content\/uploads\/2025\/09\/ASOCIACION-GANADERA.jpg\"><img loading=\"lazy\" decoding=\"async\" class=\"alignnone wp-image-1260341 size-full\" src=\"https:\/\/www.acapulcopress.com\/wp-content\/uploads\/2025\/09\/ASOCIACION-GANADERA.jpg\" alt=\"\" width=\"1600\" height=\"726\" srcset=\"https:\/\/www.acapulcopress.com\/wp-content\/uploads\/2025\/09\/ASOCIACION-GANADERA.jpg 1600w, https:\/\/www.acapulcopress.com\/wp-content\/uploads\/2025\/09\/ASOCIACION-GANADERA-300x136.jpg 300w, https:\/\/www.acapulcopress.com\/wp-content\/uploads\/2025\/09\/ASOCIACION-GANADERA-1024x465.jpg 1024w, https:\/\/www.acapulcopress.com\/wp-content\/uploads\/2025\/09\/ASOCIACION-GANADERA-768x348.jpg 768w, https:\/\/www.acapulcopress.com\/wp-content\/uploads\/2025\/09\/ASOCIACION-GANADERA-1536x697.jpg 1536w, https:\/\/www.acapulcopress.com\/wp-content\/uploads\/2025\/09\/ASOCIACION-GANADERA-580x263.jpg 580w, https:\/\/www.acapulcopress.com\/wp-content\/uploads\/2025\/09\/ASOCIACION-GANADERA-860x390.jpg 860w, https:\/\/www.acapulcopress.com\/wp-content\/uploads\/2025\/09\/ASOCIACION-GANADERA-1160x526.jpg 1160w, https:\/\/www.acapulcopress.com\/wp-content\/uploads\/2025\/09\/ASOCIACION-GANADERA-1320x599.jpg 1320w\" sizes=\"auto, (max-width: 1600px) 100vw, 1600px\" \/><\/a><\/p>\n<p><em>) <a href=\"http:\/\/fb.me\/steparious\" target=\"_blank\" rel=\"noopener\">fb.me\/steparious<\/a><\/em><br \/>\n<em>) <a href=\"http:\/\/fb.me\/acapulcopress\" target=\"_blank\" rel=\"noopener\">fb.me\/acapulcopress<\/a><\/em><br \/>\n<em>) <a href=\"http:\/\/acapulcopress.com\" target=\"_blank\" rel=\"noopener\">acapulcopress.com<\/a><\/em><\/p>\n","protected":false},"excerpt":{"rendered":"<p>ACAPULCO * 21 de septiembre 2025 ) Comunicado El senador de la Rep\u00fablica por Guerrero Manuel A\u00f1orve Ba\u00f1os\u00a0asisti\u00f3 al informe anual de la Asociaci\u00f3n Ganadera de Acapulco\u00a0invitado por el presidente Francisco Ricardo. Ah\u00ed el senador y el presidente del Comit\u00e9 Directivo Municipal del PRI, Jaime Luis Col\u00f3n Garc\u00eda, donaron un becerro para que los integrantes&#8230;<\/p>\n","protected":false},"author":1,"featured_media":1260341,"comment_status":"closed","ping_status":"open","sticky":false,"template":"","format":"standard","meta":{"footnotes":""},"categories":[2080],"tags":[18782,18780,18781,12366,18783],"class_list":["post-1260340","post","type-post","status-publish","format-standard","has-post-thumbnail","hentry","category-regiones-de-guerrero","tag-jaime-luis-colon-garcia","tag-asociacion-ganadera-de-acapulco","tag-francisco-ricardo","tag-manuel-anorve-banos","tag-paco-ricart"],"_links":{"self":[{"href":"https:\/\/www.acapulcopress.com\/index.php\/wp-json\/wp\/v2\/posts\/1260340","targetHints":{"allow":["GET"]}}],"collection":[{"href":"https:\/\/www.acapulcopress.com\/index.php\/wp-json\/wp\/v2\/posts"}],"about":[{"href":"https:\/\/www.acapulcopress.com\/index.php\/wp-json\/wp\/v2\/types\/post"}],"author":[{"embeddable":true,"href":"https:\/\/www.acapulcopress.com\/index.php\/wp-json\/wp\/v2\/users\/1"}],"replies":[{"embeddable":true,"href":"https:\/\/www.acapulcopress.com\/index.php\/wp-json\/wp\/v2\/comments?post=1260340"}],"version-history":[{"count":1,"href":"https:\/\/www.acapulcopress.com\/index.php\/wp-json\/wp\/v2\/posts\/1260340\/revisions"}],"predecessor-version":[{"id":1260342,"href":"https:\/\/www.acapulcopress.com\/index.php\/wp-json\/wp\/v2\/posts\/1260340\/revisions\/1260342"}],"wp:featuredmedia":[{"embeddable":true,"href":"https:\/\/www.acapulcopress.com\/index.php\/wp-json\/wp\/v2\/media\/1260341"}],"wp:attachment":[{"href":"https:\/\/www.acapulcopress.com\/index.php\/wp-json\/wp\/v2\/media?parent=1260340"}],"wp:term":[{"taxonomy":"category","embeddable":true,"href":"https:\/\/www.acapulcopress.com\/index.php\/wp-json\/wp\/v2\/categories?post=1260340"},{"taxonomy":"post_tag","embeddable":true,"href":"https:\/\/www.acapulcopress.com\/index.php\/wp-json\/wp\/v2\/tags?post=1260340"}],"curies":[{"name":"wp","href":"https:\/\/api.w.org\/{rel}","templated":true}]}}