{"id":1260346,"date":"2025-09-23T05:47:16","date_gmt":"2025-09-23T11:47:16","guid":{"rendered":"https:\/\/www.acapulcopress.com\/?p=1260346"},"modified":"2025-09-24T06:15:57","modified_gmt":"2025-09-24T12:15:57","slug":"que-gobierno-federal-pague-50-del-transporte-publico-para-estudiantes-anorve","status":"publish","type":"post","link":"https:\/\/www.acapulcopress.com\/index.php\/2025\/09\/23\/que-gobierno-federal-pague-50-del-transporte-publico-para-estudiantes-anorve\/","title":{"rendered":"Que gobierno federal pague 50% del transporte p\u00fablico para estudiantes | A\u00f1orve"},"content":{"rendered":"<p>CIUDAD DE M\u00c9XICO * 23 de septiembre 2025<br \/>\n<em>) Senado de la Rep\u00fablica<\/em><br \/>\nEl Coordinador del Grupo Parlamentario del PRI en el Senado de la Rep\u00fablica, <strong>Manuel A\u00f1orve Ba\u00f1os<\/strong>, propuso que el gobierno federal subsidie el 50 por ciento del costo del transporte p\u00fablico a estudiantes de educaci\u00f3n b\u00e1sica, media superior y superior, en todo el pa\u00eds.<\/p>\n<p>El legislador detall\u00f3 que esta propuesta reforma la<em> Ley General de Educaci\u00f3n<\/em> para que el transporte preferencial sea reconocido como una medida de permanencia escolar, as\u00ed como la <em>Ley de Coordinaci\u00f3n Fiscal,<\/em> para crear un Fondo Federal de Movilidad Estudiantil que asegure recursos suficientes, transparentes y con reglas claras.<\/p>\n<p>A\u00f1orve Ba\u00f1os precis\u00f3 que cuando el transporte no es un problema m\u00e1s j\u00f3venes pueden concluir sus estudios, conseguir empleo y mejorar su calidad de vida, por lo que este subsidio tendr\u00eda impactos directos y positivos.<\/p>\n<p>El senador guerrerense dijo que esta reforma reducir\u00e1 la deserci\u00f3n escolar, que es uno de los grandes fracasos del actual gobierno: adem\u00e1s, fortalecer\u00eda la igualdad de oportunidades, porque no es justo que en unas entidades existan descuentos y en otras no, adem\u00e1s de que aliviar\u00eda la econom\u00eda familiar en un momento en que la inflaci\u00f3n y el costo de vida golpean con fuerza a los hogares.<\/p>\n<p>A\u00f1orve afirm\u00f3 que el PRI est\u00e1 echado para adelante, por ello presentaron esta iniciativa, pues creen en la educaci\u00f3n como el gran motor del desarrollo social.<\/p>\n<p>\u201cSabemos que cuando un joven no puede llegar a clases por falta de dinero, la promesa constitucional de educaci\u00f3n gratuita se convierte en una mentira m\u00e1s del oficialismo\u201d finaliz\u00f3.<\/p>\n<p><em>) <a href=\"http:\/\/fb.me\/steparious\" target=\"_blank\" rel=\"noopener\">fb.me\/steparious<\/a><\/em><br \/>\n<em>) <a href=\"http:\/\/fb.me\/acapulcopress\" target=\"_blank\" rel=\"noopener\">fb.me\/acapulcopress<\/a><\/em><br \/>\n<em>) <a href=\"http:\/\/acapulcopress.com\" target=\"_blank\" rel=\"noopener\">acapulcopress.com<\/a><\/em><\/p>\n","protected":false},"excerpt":{"rendered":"<p>CIUDAD DE M\u00c9XICO * 23 de septiembre 2025 ) Senado de la Rep\u00fablica El Coordinador del Grupo Parlamentario del PRI en el Senado de la Rep\u00fablica, Manuel A\u00f1orve Ba\u00f1os, propuso que el gobierno federal subsidie el 50 por ciento del costo del transporte p\u00fablico a estudiantes de educaci\u00f3n b\u00e1sica, media superior y superior, en todo&#8230;<\/p>\n","protected":false},"author":1,"featured_media":1260347,"comment_status":"closed","ping_status":"open","sticky":false,"template":"","format":"standard","meta":{"footnotes":""},"categories":[2010],"tags":[18786,12366],"class_list":["post-1260346","post","type-post","status-publish","format-standard","has-post-thumbnail","hentry","category-sociedad","tag-fondo-federal-de-movilidad-estudiantil","tag-manuel-anorve-banos"],"_links":{"self":[{"href":"https:\/\/www.acapulcopress.com\/index.php\/wp-json\/wp\/v2\/posts\/1260346","targetHints":{"allow":["GET"]}}],"collection":[{"href":"https:\/\/www.acapulcopress.com\/index.php\/wp-json\/wp\/v2\/posts"}],"about":[{"href":"https:\/\/www.acapulcopress.com\/index.php\/wp-json\/wp\/v2\/types\/post"}],"author":[{"embeddable":true,"href":"https:\/\/www.acapulcopress.com\/index.php\/wp-json\/wp\/v2\/users\/1"}],"replies":[{"embeddable":true,"href":"https:\/\/www.acapulcopress.com\/index.php\/wp-json\/wp\/v2\/comments?post=1260346"}],"version-history":[{"count":2,"href":"https:\/\/www.acapulcopress.com\/index.php\/wp-json\/wp\/v2\/posts\/1260346\/revisions"}],"predecessor-version":[{"id":1260349,"href":"https:\/\/www.acapulcopress.com\/index.php\/wp-json\/wp\/v2\/posts\/1260346\/revisions\/1260349"}],"wp:featuredmedia":[{"embeddable":true,"href":"https:\/\/www.acapulcopress.com\/index.php\/wp-json\/wp\/v2\/media\/1260347"}],"wp:attachment":[{"href":"https:\/\/www.acapulcopress.com\/index.php\/wp-json\/wp\/v2\/media?parent=1260346"}],"wp:term":[{"taxonomy":"category","embeddable":true,"href":"https:\/\/www.acapulcopress.com\/index.php\/wp-json\/wp\/v2\/categories?post=1260346"},{"taxonomy":"post_tag","embeddable":true,"href":"https:\/\/www.acapulcopress.com\/index.php\/wp-json\/wp\/v2\/tags?post=1260346"}],"curies":[{"name":"wp","href":"https:\/\/api.w.org\/{rel}","templated":true}]}}