{"id":1260350,"date":"2025-09-24T06:44:50","date_gmt":"2025-09-24T12:44:50","guid":{"rendered":"https:\/\/www.acapulcopress.com\/?p=1260350"},"modified":"2025-09-24T06:44:50","modified_gmt":"2025-09-24T12:44:50","slug":"momento-de-actuar-con-rapidez-vision-y-unidad-karim-gilles","status":"publish","type":"post","link":"https:\/\/www.acapulcopress.com\/index.php\/2025\/09\/24\/momento-de-actuar-con-rapidez-vision-y-unidad-karim-gilles\/","title":{"rendered":"Momento de actuar con rapidez, visi\u00f3n y unidad: Karim-Gilles"},"content":{"rendered":"<p>Marem\u00e1gnum<br \/>\n\u00bb<a href=\"https:\/\/www.facebook.com\/ricardocastill01\" target=\"_blank\" rel=\"noopener\"> <strong>RICARDO<\/strong> |<strong> CASTILLO BARRIENTOS<\/strong><\/a><\/p>\n<p>El promotor tur\u00edstico de Acapulco de origen franc\u00e9s, <strong>Karim-Gilles Djellit<\/strong>, presidente del \u201c<strong>Festival Franco-Mexicano<\/strong>\u201d, que se ven\u00eda realizando exitosamente desde el a\u00f1o 2003 en el puerto, ha pausado sus actividades ante la falta de inter\u00e9s de autori dades locales y tur\u00edsticas, en espera de mejores tiempos para reactivar el Festival de la comunidad francesa en M\u00e9xico.<\/p>\n<p>Originalmente se le conoci\u00f3 como \u201c<strong>Festival Franc\u00e9s<\/strong>\u201d y evolucion\u00f3 al \u201c<strong>Festival Franco-Mexicano de Acapulco<\/strong>\u201d, con relevantes actividades culturales, art\u00edsticas, cinematogr\u00e1ficas, acad\u00e9micas y gastron\u00f3micas, espec\u00edficamente, conciertos, recitales, presentaciones de artistas franceses y mexicanos, teatro y artes esc\u00e9nicas, conferencias y mesas redondas, gastronom\u00eda y catas, moda, intercambios acad\u00e9micos y talleres en coordinaci\u00f3n con la <strong>Alianza Francesa<\/strong> y universidades; un escaparate de \u201cencuentro cultural binacional\u201d.<\/p>\n<p>El tema viene a cuento por las nuevas condiciones de la reconstrucci\u00f3n para el <strong>relanzamiento<\/strong> de Acapulco por el gobierno federal, a trav\u00e9s del programa \u201cAcapulco se Transforma Contigo\u201d, a cargo del Fondo Nacional de Turismo (<strong>FONATUR<\/strong>), por eso resulta trascendente la opini\u00f3n de Karim-Gilles Djellit, que transcribo:<\/p>\n<p>\u201cLo que observamos hoy, parece repetir el mismo esquema de <strong>2012<\/strong>, cuando el 27 de febrero se anunci\u00f3 el primer gran rescate de Acapulco. En aquel momento se nos pidi\u00f3 trasladar las actividades del \u201c<strong>Festival Franco-Mexicano<\/strong>\u201d hacia la zona tradicional, con el objetivo de apoyar los proyectos impulsados por la <strong>Fundaci\u00f3n Slim<\/strong>: la restauraci\u00f3n de la Casa de los Vientos de Diego Rivera, la reapertura del Hotel Boca Chica y la colaboraci\u00f3n con el Museo Soumaya, con grandes exposiciones como la muestra dedicada a <strong>Auguste Rodin<\/strong> que atrajo a m\u00e1s de <strong>50 mil visitantes<\/strong>\u201d.<\/p>\n<p>\u201cA pesar de los esfuerzos, el rescate de la zona tradicional fracas\u00f3. Las razones fueron por la falta de acompa\u00f1amiento del municipio, la ausencia de una programaci\u00f3n cultural diversa y de alta calidad y la incapacidad de sostener una agenda capaz de mantener Acapulco en el mapa cultural e internacional. Esa falta de continuidad priv\u00f3 a la ciudad de la vitalidad y la alegr\u00eda que generan los grandes eventos\u201d.<\/p>\n<p>El presidente del \u201c<strong>Festival Franco-Mexicano de Acapulco<\/strong>\u201d, considera que hoy, el desaf\u00edo es mayor. Para que un nuevo esfuerzo federal pueda convertirse en motor de transformaci\u00f3n real, debe cumplir dos condiciones esenciales:<br \/>\n1. Construir confianza en la sociedad acapulque\u00f1a, haciendo sentir que este proyecto les pertenece y representa una verdadera salvaci\u00f3n colectiva. Solo as\u00ed podr\u00eda detonarse la inversi\u00f3n privada y moderna, que un destino de la envergadura de Acapulco requiere.<\/p>\n<ol start=\"2\">\n<li>Garantizar el regreso del <strong>Estado de Derecho<\/strong> y atender la inseguridad, creando sistemas que blinden ciertas zonas estrat\u00e9gicas de la ciudad y devuelvan condiciones m\u00ednimas de confianza para \u201dvivir, invertir y crecer\u201d.<\/li>\n<\/ol>\n<p>Karim-Gilles Djellit, gran conocedor y promotor de Acapulco, concluye su an\u00e1lisis, que me hizo llegar: \u201cLa inversi\u00f3n federal es un marco indispensable: un signo que Acapulco puede renacer. Pero sin la conjunci\u00f3n de cultura, inversi\u00f3n privada fuerte, gobernanza local y seguridad, el riesgo de repetir el fracaso de 2012 es alto. Este es el momento de actuar con <strong>rapidez, visi\u00f3n y unidad<\/strong> para devolver a Acapulco, el lugar que merece en el escenario mundial\u201d.<\/p>\n<p><strong>Marea Baja.-<\/strong> Como cada fin de mes se desarrolla el Seminario sobre la Puesta de Valor del Patrimonio Cultural y Natural de Acapulco, con el tema: \u201cLa Biodiversidad Submarina y el Patrimonio Subacu\u00e1tico de Acapulco\u201d, a cargo de connotados especialistas acapulque\u00f1os: Juan Barnard, Efr\u00e9n Garc\u00eda y Emilio Garc\u00e9s.<\/p>\n<p>La moderaci\u00f3n del panel estar\u00e1 a cargo de Manuel Ruz Vargas, Luis Ramos y Mariana Menchaca, este s\u00e1bado 26, a las 17:00 horas, en el Auditorio del Fuerte de San Diego, invita ICOMOS Capitulo Acapulco e instituciones educativas y culturales-<\/p>\n<p><strong>Marea Alta.-<\/strong> Quien de plano le quiere ver la cara de tarugo a toda la gente, ni m\u00e1s ni menos que el diputado plurinominal morenista, Jes\u00fas Uri\u00f3stegui Garc\u00eda, quien se aferra con las u\u00f1as en no soltar la presidencia de la Junta de Coordinaci\u00f3n Pol\u00edtica (<strong>JUCOPO<\/strong>) del Congreso del Estado, cuando por el segundo a\u00f1o legislativo corresponde al grupo \u201c<strong><em>Nu\u00f1ista<\/em>s<\/strong>\u201d.<\/p>\n<p>Chucho Uri\u00f3stegui pretende darse ba\u00f1os de pureza al afirmar: \u201cEn <strong>MORENA<\/strong> no estamos por cargos, estamos por convicci\u00f3n y amor al pueblo\u201d, as\u00ed lo declar\u00f3 y en autom\u00e1tico recibi\u00f3 tremenda andanada del respetable p\u00fablico de las redes sociales, que mostraron su indignaci\u00f3n ante semejantes y absurdas afirmaciones que ni un ni\u00f1o de primaria se las cree. En fin, ya le gust\u00f3 estar pegado a la ubre, sino se imponen los aguerridos \u201c<strong><em>Nu\u00f1istas<\/em><\/strong>\u201d y hacen valer sus derechos.<\/p>\n<p><strong>Maremoto.-<\/strong> Qui\u00e9n result\u00f3 la comidilla de los \u00faltimos d\u00edas, ha sido el ex asesor de los padres de los 43 desaparecidos de Ayotzinapa, Vidulfo Rosales, por haber tirado el arpa y abandonar el sonado caso, para integrarse a la Suprema Corte de Justicia de la Naci\u00f3n (<strong>SCJN<\/strong>), como Secretario de Estudio y Cuenta del Ministro Presidente, Hugo Aguilar Ortiz.<\/p>\n<p>Los se\u00f1alamientos no se han debido por desempe\u00f1ar el nuevo cargo o por dejar el controvertido caso Ayotzinapa, sino por los enormes emolumentos que recibir\u00e1 a partir del fin de mes, ascendiendo a la cantidad de <strong>118 mil 138.37 pesos netos<\/strong>, adem\u00e187s de jugosas prestaciones y otros envidiables beneficios, que ya quisieran otros luchadores sociales, por lo que deber\u00e1n esperar su turno y prender sus veladoras a <strong>San Juditas,<\/strong> dicen que es muy milagroso.<\/p>\n","protected":false},"excerpt":{"rendered":"<p>El promotor tur\u00edstico de Acapulco de origen franc\u00e9s, Karim-Gilles Djellit, presidente del \u201cFestival Franco-Mexicano\u201d<\/p>\n","protected":false},"author":1,"featured_media":1260351,"comment_status":"closed","ping_status":"open","sticky":false,"template":"","format":"standard","meta":{"footnotes":""},"categories":[2071,1991],"tags":[18788,4410,18787,11402,12503,15575],"class_list":["post-1260350","post","type-post","status-publish","format-standard","has-post-thumbnail","hentry","category-opinion-analisis-columnas","category-libertad-de-expresion","tag-alianza-francesa","tag-auguste-rodin","tag-festival-franco-mexicano-de-acapulco","tag-karim-gilles-djellit","tag-maremagnum","tag-ricardo-castillo-barrientos"],"_links":{"self":[{"href":"https:\/\/www.acapulcopress.com\/index.php\/wp-json\/wp\/v2\/posts\/1260350","targetHints":{"allow":["GET"]}}],"collection":[{"href":"https:\/\/www.acapulcopress.com\/index.php\/wp-json\/wp\/v2\/posts"}],"about":[{"href":"https:\/\/www.acapulcopress.com\/index.php\/wp-json\/wp\/v2\/types\/post"}],"author":[{"embeddable":true,"href":"https:\/\/www.acapulcopress.com\/index.php\/wp-json\/wp\/v2\/users\/1"}],"replies":[{"embeddable":true,"href":"https:\/\/www.acapulcopress.com\/index.php\/wp-json\/wp\/v2\/comments?post=1260350"}],"version-history":[{"count":1,"href":"https:\/\/www.acapulcopress.com\/index.php\/wp-json\/wp\/v2\/posts\/1260350\/revisions"}],"predecessor-version":[{"id":1260352,"href":"https:\/\/www.acapulcopress.com\/index.php\/wp-json\/wp\/v2\/posts\/1260350\/revisions\/1260352"}],"wp:featuredmedia":[{"embeddable":true,"href":"https:\/\/www.acapulcopress.com\/index.php\/wp-json\/wp\/v2\/media\/1260351"}],"wp:attachment":[{"href":"https:\/\/www.acapulcopress.com\/index.php\/wp-json\/wp\/v2\/media?parent=1260350"}],"wp:term":[{"taxonomy":"category","embeddable":true,"href":"https:\/\/www.acapulcopress.com\/index.php\/wp-json\/wp\/v2\/categories?post=1260350"},{"taxonomy":"post_tag","embeddable":true,"href":"https:\/\/www.acapulcopress.com\/index.php\/wp-json\/wp\/v2\/tags?post=1260350"}],"curies":[{"name":"wp","href":"https:\/\/api.w.org\/{rel}","templated":true}]}}