{"id":1260377,"date":"2025-09-24T18:50:35","date_gmt":"2025-09-25T00:50:35","guid":{"rendered":"https:\/\/www.acapulcopress.com\/?p=1260377"},"modified":"2025-09-24T18:50:35","modified_gmt":"2025-09-25T00:50:35","slug":"inicio-en-guerrero-la-campana-nacional-contra-el-papiloma-humano","status":"publish","type":"post","link":"https:\/\/www.acapulcopress.com\/index.php\/2025\/09\/24\/inicio-en-guerrero-la-campana-nacional-contra-el-papiloma-humano\/","title":{"rendered":"Inici\u00f3 en Guerrero la Campa\u00f1a Nacional contra el Papiloma Humano"},"content":{"rendered":"<p>CHILPANCINGO * 24 de septiembre 2025<br \/>\n<em>) Salud Guerrero<br \/>\n<\/em>Con el lema \u201cVac\u00fanate contra el VPH y protege tu futuro\u201d, se lleva a cabo en Guerrero la Campa\u00f1a Nacional contra el Virus del Papiloma <a href=\"https:\/\/www.acapulcopress.com\/wp-content\/uploads\/2025\/09\/VACUNA-PAPILOMA4.jpg\"><img loading=\"lazy\" decoding=\"async\" class=\"alignleft wp-image-1260381 size-cmsmasters-square-thumb\" src=\"https:\/\/www.acapulcopress.com\/wp-content\/uploads\/2025\/09\/VACUNA-PAPILOMA4-360x360.jpg\" alt=\"\" width=\"360\" height=\"360\" srcset=\"https:\/\/www.acapulcopress.com\/wp-content\/uploads\/2025\/09\/VACUNA-PAPILOMA4-360x360.jpg 360w, https:\/\/www.acapulcopress.com\/wp-content\/uploads\/2025\/09\/VACUNA-PAPILOMA4-150x150.jpg 150w, https:\/\/www.acapulcopress.com\/wp-content\/uploads\/2025\/09\/VACUNA-PAPILOMA4-70x70.jpg 70w\" sizes=\"auto, (max-width: 360px) 100vw, 360px\" \/><\/a>Humano, con el objetivo de inmunizar a m\u00e1s de 67 mil ni\u00f1as, ni\u00f1os y adolescentes en todo el estado.<\/p>\n<p>Esta estrategia nacional este a\u00f1o es considerada hist\u00f3rica porque, por primera vez, la vacunaci\u00f3n se ampl\u00eda tambi\u00e9n a los varones, garantizando as\u00ed mayor equidad en la prevenci\u00f3n de enfermedades cancerosas.<\/p>\n<p>Inform\u00f3 lo anterior la secretaria de Salud, <strong>Alondra Garc\u00eda Carbajal<\/strong>, durante la Ceremonia de Arranque estatal efectuada a cabo en la Escuela Primaria Partido Revolucionario Institucional de Chilpancingo.<\/p>\n<p>Detall\u00f3 que del 17 de septiembre al 19 de diciembre de este a\u00f1o se tiene en Guerrero la meta sectorial de aplicar 67 mil 544 dosis a ni\u00f1as y ni\u00f1os de 5.\u00ba grado de primarias p\u00fablicas y privadas, as\u00ed como a ni\u00f1os y ni\u00f1as de 11 a\u00f1os no escolarizados.<\/p>\n<p>Adem\u00e1s de cubrir a poblaci\u00f3n de riesgo, personas con VIH y aquellas en protocolo de atenci\u00f3n por violencia sexual, de 9 a 19 a\u00f1os.<\/p>\n<p>Alondra Garc\u00eda agradeci\u00f3 a la directora del plantel Norberta Araceli S\u00e1nchez Morales, por las facilidades para realizar el arranque estatal e hizo un llamado a madres, padres y tutores para asegurar que sus hijas e hijos reciban este biol\u00f3gico.<\/p>\n<p>Subray\u00f3 que la vacuna del VPH es una herramienta fundamental en la prevenci\u00f3n del c\u00e1ncer cervicouterino y el momento ideal de la aplicaci\u00f3n es antes de iniciar la vida sexual y en este grupo de edad, porque la respuesta inmunol\u00f3gica es diez veces m\u00e1s potente en la producci\u00f3n de anticuerpos comparada con otras edades.<\/p>\n<p><a href=\"https:\/\/www.acapulcopress.com\/wp-content\/uploads\/2025\/09\/VACUNA-PAPILOMA6.jpg\"><img loading=\"lazy\" decoding=\"async\" class=\"alignnone wp-image-1260382 size-full\" src=\"https:\/\/www.acapulcopress.com\/wp-content\/uploads\/2025\/09\/VACUNA-PAPILOMA6.jpg\" alt=\"\" width=\"1600\" height=\"1067\" srcset=\"https:\/\/www.acapulcopress.com\/wp-content\/uploads\/2025\/09\/VACUNA-PAPILOMA6.jpg 1600w, https:\/\/www.acapulcopress.com\/wp-content\/uploads\/2025\/09\/VACUNA-PAPILOMA6-300x200.jpg 300w, https:\/\/www.acapulcopress.com\/wp-content\/uploads\/2025\/09\/VACUNA-PAPILOMA6-1024x683.jpg 1024w, https:\/\/www.acapulcopress.com\/wp-content\/uploads\/2025\/09\/VACUNA-PAPILOMA6-768x512.jpg 768w, https:\/\/www.acapulcopress.com\/wp-content\/uploads\/2025\/09\/VACUNA-PAPILOMA6-1536x1024.jpg 1536w, https:\/\/www.acapulcopress.com\/wp-content\/uploads\/2025\/09\/VACUNA-PAPILOMA6-580x387.jpg 580w, https:\/\/www.acapulcopress.com\/wp-content\/uploads\/2025\/09\/VACUNA-PAPILOMA6-860x574.jpg 860w, https:\/\/www.acapulcopress.com\/wp-content\/uploads\/2025\/09\/VACUNA-PAPILOMA6-1160x774.jpg 1160w, https:\/\/www.acapulcopress.com\/wp-content\/uploads\/2025\/09\/VACUNA-PAPILOMA6-1320x880.jpg 1320w\" sizes=\"auto, (max-width: 1600px) 100vw, 1600px\" \/><\/a><\/p>\n<p><em>) <a href=\"http:\/\/fb.me\/steparious\" target=\"_blank\" rel=\"noopener\">fb.me\/steparious<\/a><\/em><br \/>\n<em>) <a href=\"http:\/\/fb.me\/acapulcopress\" target=\"_blank\" rel=\"noopener\">fb.me\/acapulcopress<\/a><\/em><\/p>\n","protected":false},"excerpt":{"rendered":"<p>CHILPANCINGO * 24 de septiembre 2025 ) Salud Guerrero Con el lema \u201cVac\u00fanate contra el VPH y protege tu futuro\u201d, se lleva a cabo en Guerrero la Campa\u00f1a Nacional contra el Virus del Papiloma Humano, con el objetivo de inmunizar a m\u00e1s de 67 mil ni\u00f1as, ni\u00f1os y adolescentes en todo el estado. Esta estrategia&#8230;<\/p>\n","protected":false},"author":1,"featured_media":1260385,"comment_status":"closed","ping_status":"open","sticky":false,"template":"","format":"standard","meta":{"footnotes":""},"categories":[2010],"tags":[18789,18790],"class_list":["post-1260377","post","type-post","status-publish","format-standard","has-post-thumbnail","hentry","category-sociedad","tag-campana-nacional-contra-el-papiloma-humano","tag-virus-vph"],"_links":{"self":[{"href":"https:\/\/www.acapulcopress.com\/index.php\/wp-json\/wp\/v2\/posts\/1260377","targetHints":{"allow":["GET"]}}],"collection":[{"href":"https:\/\/www.acapulcopress.com\/index.php\/wp-json\/wp\/v2\/posts"}],"about":[{"href":"https:\/\/www.acapulcopress.com\/index.php\/wp-json\/wp\/v2\/types\/post"}],"author":[{"embeddable":true,"href":"https:\/\/www.acapulcopress.com\/index.php\/wp-json\/wp\/v2\/users\/1"}],"replies":[{"embeddable":true,"href":"https:\/\/www.acapulcopress.com\/index.php\/wp-json\/wp\/v2\/comments?post=1260377"}],"version-history":[{"count":1,"href":"https:\/\/www.acapulcopress.com\/index.php\/wp-json\/wp\/v2\/posts\/1260377\/revisions"}],"predecessor-version":[{"id":1260386,"href":"https:\/\/www.acapulcopress.com\/index.php\/wp-json\/wp\/v2\/posts\/1260377\/revisions\/1260386"}],"wp:featuredmedia":[{"embeddable":true,"href":"https:\/\/www.acapulcopress.com\/index.php\/wp-json\/wp\/v2\/media\/1260385"}],"wp:attachment":[{"href":"https:\/\/www.acapulcopress.com\/index.php\/wp-json\/wp\/v2\/media?parent=1260377"}],"wp:term":[{"taxonomy":"category","embeddable":true,"href":"https:\/\/www.acapulcopress.com\/index.php\/wp-json\/wp\/v2\/categories?post=1260377"},{"taxonomy":"post_tag","embeddable":true,"href":"https:\/\/www.acapulcopress.com\/index.php\/wp-json\/wp\/v2\/tags?post=1260377"}],"curies":[{"name":"wp","href":"https:\/\/api.w.org\/{rel}","templated":true}]}}