{"id":1260395,"date":"2025-09-26T18:37:22","date_gmt":"2025-09-27T00:37:22","guid":{"rendered":"https:\/\/www.acapulcopress.com\/?p=1260395"},"modified":"2025-09-26T18:37:22","modified_gmt":"2025-09-27T00:37:22","slug":"empantanado-el-caso-ayotzinapa-hasta-la-eternidad","status":"publish","type":"post","link":"https:\/\/www.acapulcopress.com\/index.php\/2025\/09\/26\/empantanado-el-caso-ayotzinapa-hasta-la-eternidad\/","title":{"rendered":"Empantanado el caso Ayotzinapa: \u00bfHasta la eternidad?"},"content":{"rendered":"<p>Marem\u00e1gnum<br \/>\n\u00bb <a href=\"https:\/\/www.facebook.com\/ricardocastill01\" target=\"_blank\" rel=\"noopener\"><strong>RICARDO<\/strong> | <strong>CASTILLO BARRIENTOS<\/strong><\/a><\/p>\n<p>Esta noche y la madrugada de ma\u00f1ana, septiembre 26 y 27, pero del a\u00f1o 2014, se cumplen 11 a\u00f1os del acontecimiento m\u00e1s funesto que ha conmocionado al pa\u00eds, despu\u00e9s de la masacre del 2 de octubre de 1968, con la \u201cmisteriosa\u201d desaparici\u00f3n de 43 estudiantes de la Escuela Normal Rural de Ayotzinapa \u201cRa\u00fal Isidro Burgos\u201d, con sede en la hist\u00f3rica ciudad de Tixtla.<\/p>\n<p>Hasta la fecha se desconoce con precisi\u00f3n el m\u00f3vil de los hechos, aunque en el voluminoso expediente est\u00e1 consignado la existencia de un \u201cquinto cami\u00f3n\u201d, que trasladar\u00eda un cargamento de hero\u00edna a la ciudad de Chicago, mismo que hab\u00eda sido tomado por los estudiantes en la Central de Autobuses de Iguala, desconociendo el contenido de la carga, siendo rescatado a sangre y fuego por elementos del grupo criminal \u201cGuerreros Unidos\u201d, pues pensaron que se trataba del grupo rival \u201cLos Rojos\u201d, quienes los hab\u00edan despojado de la valiosa carga.<\/p>\n<p>En la vertiente principal de este suceso de triste memoria, se desconoce hasta la actualidad sobre el paradero de los estudiantes, a pesar de las declaraciones de m\u00e1s de un centenar de detenciones, algunos detenidos involucrados han informado sobre algunos sitios de ubicaci\u00f3n, sin concretarse resultados fehacientes.<\/p>\n<p>Para dar seguimiento a las investigaciones se han creado varias comisiones especiales y se ha contado con el apoyo de especialistas extranjeros en los mandatos de los ex presidentes Enrique Pe\u00f1a Nieto y Andr\u00e9s Manuel L\u00f3pez Obrador. Con la presidenta Claudia Sheinbaum, siguen empantanadas las pesquisas a causa de la fuga del ex director de la Agencia de Investigaci\u00f3n Criminal de la PGR, Tom\u00e1s Zer\u00f3n, se\u00f1alado de ocultar informaci\u00f3n y cometer actos criminales. Se exige su extradici\u00f3n al gobierno de Israel que se niega.<\/p>\n<p>El otro cuello de botella son los famosos \u201cfolios\u201d de archivos de la Secretar\u00eda de la Defensa Nacional (<strong>SEDENA<\/strong>), varios de estos quedaron integrados a los expedientes y los dem\u00e1s todav\u00eda no han sido considerados; sin embargo, m\u00e1s de 40 militares han declarado por la desaparici\u00f3n de los normalistas y varios permanecen detenidos.<\/p>\n<p>Durante 11 a\u00f1os, los padres de familia y la Federaci\u00f3n de Estudiantes Campesinos Socialistas de M\u00e9xico (<strong>FECSM<\/strong>), han mantenido una actitud beligerante contra el Estado Mexicano, en especial contra las fuerzas armadas, a las que responsabilizan de la desaparici\u00f3n de los 43 estudiantes, en contubernio con otras fuerzas de seguridad p\u00fablica de los tres \u00f3rdenes de gobierno.<\/p>\n<p>Mientras el tiempo transcurre, llegamos a un aniversario m\u00e1s de un acontecimiento condenable en todos los sentidos, aun con las acciones vand\u00e1licas de los dirigentes de la <strong>FECSM<\/strong>, como estrategia de lucha pol\u00edtica con el objetivo de seguir exigiendo justicia y no permitir que el suceso quede en el olvido; la <em>papa caliente<\/em> fue transferida a la presidenta Sheinbaum por la incapacidad hist\u00f3rica de los dos presidentes anteriores.<\/p>\n<p><strong>Marea Baja.-<\/strong> En el partido naranja, Movimiento Ciudadano (<strong>MC<\/strong>) para m\u00e1s se\u00f1as, se la pasan quemando p\u00f3lvora en infiernitos, debido al desgarriate o desbandada de algunos <em>cartuchos quemados<\/em>, al resultar avasallados por el grupo dominante del ex gobernador H\u00e9ctor Astudillo Flores, Enlace Nacional de <strong>MC<\/strong>, quien ahora parte el quesillo en este instituto pol\u00edtico junto con el delegado estatal, regidor Armando A\u00f1orve R\u00edos.<\/p>\n<p>Existe un gran enigma del futuro pol\u00edtico que les depara al ex candidato a la alcald\u00eda porte\u00f1a, Yoshio \u00c1vila Gonz\u00e1lez y al diputado local, Juli\u00e1n L\u00f3pez Galeana, cuya indefinici\u00f3n se desconoce a ciencia cierta y si todav\u00eda forman parte de MC, o ya agarraron vuelo hacia <strong>MORENA<\/strong>, porque en los dos lados, no quedan bien ni con Dios, ni con el diablo. La mera realidad, ambos j\u00f3venes pol\u00edticos tienen confundidos a simpatizantes y admiradores y no saben para donde darle.<\/p>\n<p><strong>Marea Alta.-<\/strong> A partir del martes reciente, el peri\u00f3dico \u201c<strong>El Sur<\/strong>\u201d, sum\u00f3 a sus p\u00e1ginas de opini\u00f3n a una invitada de lujo, con la columna pol\u00edtica \u201c<strong>Esthela de Guerrero<\/strong>\u201d, a cargo de la abogada chilpancingue\u00f1a, Esthela Dami\u00e1n Peralta, subsecretaria de Prevenci\u00f3n de las Violencias de la Secretar\u00eda de Protecci\u00f3n y Seguridad P\u00fablica Ciudadana del Gobierno de M\u00e9xico (<strong>SSPC<\/strong>).<\/p>\n<p>Toda una revelaci\u00f3n result\u00f3 la maestra Dami\u00e1n Peralta, con su interesante narrativa de describir sus or\u00edgenes e inter\u00e9s por la pol\u00edtica en sus a\u00f1os de juventud en zonas rurales de su patria chica.<\/p>\n<p>Dami\u00e1n Peralta a base de tenacidad y perseverancia hizo posible construir una s\u00f3lida trayectoria pol\u00edtica-administrativa en la Ciudad de M\u00e9xico, acompa\u00f1ando en el \u00faltimo tramo a la ex Jefa de Gobierno y actual presidenta de la Rep\u00fablica, Claudia Sheinbaum Pardo, con responsabilidades de alto nivel.<\/p>\n<p>Las colaboraciones de Esthela Dami\u00e1n Peralta, podr\u00e1n leerse cada semana, en el peri\u00f3dico de mayor circulaci\u00f3n de Guerrero \u201c<strong>El Sur<\/strong>\u201d. Por cierto, se perfila como la siguiente gobernadora del estado.<\/p>\n<p><strong>Maremoto.-<\/strong> Por fin, el <strong>PRI<\/strong> dio se\u00f1ales de vida al acusar a la <strong>SEDATU<\/strong> de abandonar totalmente las obras de remodelaci\u00f3n de las instalaciones de la Faria de Navidad y A\u00f1o Nuevo de Chilpancingo, rebautizado pomposamente como \u201cRecinto Ferial\u201d, en venganza porque el <strong>PRI<\/strong> recuper\u00f3 la presidencia municipal de la capital del estado.<\/p>\n<p>El dirigente estatal del partido tricolor, Alejandro Bravo Abarca, denunci\u00f3 que las obras iniciaron desde hace cuatro a\u00f1os y los recursos aprobados para la remodelaci\u00f3n desaparecieron por arte de magia, poniendo en riesgo la celebraci\u00f3n de tan rumbosa y tradicional feria popular de nochebuena. Ya est\u00e1 muy cercana la fecha de la celebraci\u00f3n en el mes de diciembre. Vamos a ver quien dice yo, para meter todo el acelerador y se entregue en tiempo y forma y con final feliz la tan esperada y fant\u00e1stica remodelaci\u00f3n.<\/p>\n<p><em>) <a href=\"http:\/\/fb.me\/steparious\" target=\"_blank\" rel=\"noopener\">fb.me\/steparious<\/a><\/em><br \/>\n<em>) <a href=\"http:\/\/fb.me\/acapulcopress\" target=\"_blank\" rel=\"noopener\">fb.me\/acapulcopress<\/a><\/em><\/p>\n","protected":false},"excerpt":{"rendered":"<p>Esta noche y la madrugada de ma\u00f1ana, septiembre 26 y 27, pero del a\u00f1o 2014, se cumplen 11 a\u00f1os del acontecimiento m\u00e1s funesto<\/p>\n","protected":false},"author":1,"featured_media":1260396,"comment_status":"closed","ping_status":"open","sticky":false,"template":"","format":"standard","meta":{"footnotes":""},"categories":[2071,1991],"tags":[],"class_list":["post-1260395","post","type-post","status-publish","format-standard","has-post-thumbnail","hentry","category-opinion-analisis-columnas","category-libertad-de-expresion"],"_links":{"self":[{"href":"https:\/\/www.acapulcopress.com\/index.php\/wp-json\/wp\/v2\/posts\/1260395","targetHints":{"allow":["GET"]}}],"collection":[{"href":"https:\/\/www.acapulcopress.com\/index.php\/wp-json\/wp\/v2\/posts"}],"about":[{"href":"https:\/\/www.acapulcopress.com\/index.php\/wp-json\/wp\/v2\/types\/post"}],"author":[{"embeddable":true,"href":"https:\/\/www.acapulcopress.com\/index.php\/wp-json\/wp\/v2\/users\/1"}],"replies":[{"embeddable":true,"href":"https:\/\/www.acapulcopress.com\/index.php\/wp-json\/wp\/v2\/comments?post=1260395"}],"version-history":[{"count":1,"href":"https:\/\/www.acapulcopress.com\/index.php\/wp-json\/wp\/v2\/posts\/1260395\/revisions"}],"predecessor-version":[{"id":1260397,"href":"https:\/\/www.acapulcopress.com\/index.php\/wp-json\/wp\/v2\/posts\/1260395\/revisions\/1260397"}],"wp:featuredmedia":[{"embeddable":true,"href":"https:\/\/www.acapulcopress.com\/index.php\/wp-json\/wp\/v2\/media\/1260396"}],"wp:attachment":[{"href":"https:\/\/www.acapulcopress.com\/index.php\/wp-json\/wp\/v2\/media?parent=1260395"}],"wp:term":[{"taxonomy":"category","embeddable":true,"href":"https:\/\/www.acapulcopress.com\/index.php\/wp-json\/wp\/v2\/categories?post=1260395"},{"taxonomy":"post_tag","embeddable":true,"href":"https:\/\/www.acapulcopress.com\/index.php\/wp-json\/wp\/v2\/tags?post=1260395"}],"curies":[{"name":"wp","href":"https:\/\/api.w.org\/{rel}","templated":true}]}}