{"id":1260398,"date":"2025-09-26T18:58:31","date_gmt":"2025-09-27T00:58:31","guid":{"rendered":"https:\/\/www.acapulcopress.com\/?p=1260398"},"modified":"2025-09-26T18:59:03","modified_gmt":"2025-09-27T00:59:03","slug":"con-obras-impulsa-evelyn-salgado-desarrollo-del-pueblo-magico-de-ixcateopan","status":"publish","type":"post","link":"https:\/\/www.acapulcopress.com\/index.php\/2025\/09\/26\/con-obras-impulsa-evelyn-salgado-desarrollo-del-pueblo-magico-de-ixcateopan\/","title":{"rendered":"Con obras impulsa Evelyn Salgado desarrollo del Pueblo M\u00e1gico de Ixcateopan"},"content":{"rendered":"<p>IXCATEOPAN DE CUAUHT\u00c9MOC * 26 de septiembre 2025<br \/>\n<em>) Goboerno de Guerrero<\/em><br \/>\n<a href=\"https:\/\/www.acapulcopress.com\/wp-content\/uploads\/2025\/09\/icateopan10.jpg\"><img loading=\"lazy\" decoding=\"async\" class=\"alignleft wp-image-1260408 size-cmsmasters-square-thumb\" src=\"https:\/\/www.acapulcopress.com\/wp-content\/uploads\/2025\/09\/icateopan10-360x360.jpg\" alt=\"\" width=\"360\" height=\"360\" srcset=\"https:\/\/www.acapulcopress.com\/wp-content\/uploads\/2025\/09\/icateopan10-360x360.jpg 360w, https:\/\/www.acapulcopress.com\/wp-content\/uploads\/2025\/09\/icateopan10-150x150.jpg 150w, https:\/\/www.acapulcopress.com\/wp-content\/uploads\/2025\/09\/icateopan10-70x70.jpg 70w\" sizes=\"auto, (max-width: 360px) 100vw, 360px\" \/><\/a>La gobernadora <strong>Evelyn Salgado Pineda<\/strong> inaugur\u00f3 la segunda etapa del empedrado artesanal con m\u00e1rmol de la avenida \u00abVicente Guerrero\u00bb, en este Pueblo M\u00e1gico, sumando un total de ocho obras con una inversi\u00f3n superior a 23 millones de pesos para impulsar el desarrollo tur\u00edstico del municipio donde se encuentran los restos del \u00faltimo Huey Tlatoani Azteca, Cuauht\u00e9moc.<\/p>\n<p>Durante su gira de trabajo en la zona Norte de Guerrero, la mandataria destac\u00f3 que esta obra, con una inversi\u00f3n de 9 millones de pesos, incluye empedrado y drenaje en el coraz\u00f3n de Ixcateopan, generando un espacio digno para las familias y visitantes.<\/p>\n<p>La titular de la Secretar\u00eda de Desarrollo Urbano, Obras P\u00fablicas y Ordenamiento Territorial, Irene Jim\u00e9nez Montiel, precis\u00f3 que los trabajos se complementan con la construcci\u00f3n de una plazoleta con 2 millones de pesos y la rehabilitaci\u00f3n del museo con otros 4 millones, entre otras acciones, en beneficio de m\u00e1s de 2 mil habitantes.<\/p>\n<p>\u201cM\u00e1s all\u00e1 de la obra f\u00edsica, hoy celebramos lo que significa para el pueblo de Ixcateopan: Mejor movilidad, calles limpias y un entorno que genera orgullo para quienes nos visitan\u201d, expres\u00f3 la gobernadora.<\/p>\n<p>Posteriormente, la titular del Poder Ejecutivo asisti\u00f3 como invitada especial a la sesi\u00f3n p\u00fablica y solemne del Congreso del Estado con motivo <a href=\"https:\/\/www.acapulcopress.com\/wp-content\/uploads\/2025\/09\/icateopan9.jpg\"><img loading=\"lazy\" decoding=\"async\" class=\"alignleft wp-image-1260407 size-cmsmasters-square-thumb\" src=\"https:\/\/www.acapulcopress.com\/wp-content\/uploads\/2025\/09\/icateopan9-360x360.jpg\" alt=\"\" width=\"360\" height=\"360\" srcset=\"https:\/\/www.acapulcopress.com\/wp-content\/uploads\/2025\/09\/icateopan9-360x360.jpg 360w, https:\/\/www.acapulcopress.com\/wp-content\/uploads\/2025\/09\/icateopan9-150x150.jpg 150w, https:\/\/www.acapulcopress.com\/wp-content\/uploads\/2025\/09\/icateopan9-70x70.jpg 70w\" sizes=\"auto, (max-width: 360px) 100vw, 360px\" \/><\/a>del 76 aniversario del descubrimiento de los restos de Cuauht\u00e9moc que reposan en la iglesia de Santa Mar\u00eda de la Asunci\u00f3n.<\/p>\n<p>Ante los integrantes de la LXIV Legislatura, la mandataria llam\u00f3 a seguir el ejemplo del \u00faltimo Tlatoani, recordando que Guerrero ha sido tierra de luchas por la libertad, cuna de movimientos que cambiaron el rumbo de la naci\u00f3n y guardi\u00e1n de la memoria ind\u00edgena.<\/p>\n<p>Desde este lugar, la mandataria reafirm\u00f3 el compromiso de seguir honrando la herencia ind\u00edgena mexicana, con la dignidad y el orgullo que Cuauht\u00e9moc leg\u00f3 a su pueblo.<\/p>\n<p>La gobernadora Evelyn Salgado Pineda junto con diputadas y diputados integrantes de la Sexag\u00e9sima Cuarta Legislatura, encabezados por los presidentes de la Mesa Directiva, Alejandro Carabias y el presidente del Tribunal Superior de Justicia, Ricardo Salinas Sandoval, realizaron una guardia de honor en los restos del \u00faltimo Huey Tlatoani o Rey-sacerdote Azteca \u00abCuauht\u00e9moc\u00bb.<\/p>\n<p><a href=\"https:\/\/www.acapulcopress.com\/wp-content\/uploads\/2025\/09\/icateopan8.jpg\"><img loading=\"lazy\" decoding=\"async\" class=\"alignnone wp-image-1260406 size-full\" src=\"https:\/\/www.acapulcopress.com\/wp-content\/uploads\/2025\/09\/icateopan8.jpg\" alt=\"\" width=\"1280\" height=\"853\" srcset=\"https:\/\/www.acapulcopress.com\/wp-content\/uploads\/2025\/09\/icateopan8.jpg 1280w, https:\/\/www.acapulcopress.com\/wp-content\/uploads\/2025\/09\/icateopan8-300x200.jpg 300w, https:\/\/www.acapulcopress.com\/wp-content\/uploads\/2025\/09\/icateopan8-1024x682.jpg 1024w, https:\/\/www.acapulcopress.com\/wp-content\/uploads\/2025\/09\/icateopan8-768x512.jpg 768w, https:\/\/www.acapulcopress.com\/wp-content\/uploads\/2025\/09\/icateopan8-580x387.jpg 580w, https:\/\/www.acapulcopress.com\/wp-content\/uploads\/2025\/09\/icateopan8-860x573.jpg 860w, https:\/\/www.acapulcopress.com\/wp-content\/uploads\/2025\/09\/icateopan8-1160x773.jpg 1160w\" sizes=\"auto, (max-width: 1280px) 100vw, 1280px\" \/><\/a> <a href=\"https:\/\/www.acapulcopress.com\/wp-content\/uploads\/2025\/09\/icateopan7.jpg\"><img loading=\"lazy\" decoding=\"async\" class=\"alignnone wp-image-1260405 size-full\" src=\"https:\/\/www.acapulcopress.com\/wp-content\/uploads\/2025\/09\/icateopan7.jpg\" alt=\"\" width=\"1280\" height=\"853\" srcset=\"https:\/\/www.acapulcopress.com\/wp-content\/uploads\/2025\/09\/icateopan7.jpg 1280w, https:\/\/www.acapulcopress.com\/wp-content\/uploads\/2025\/09\/icateopan7-300x200.jpg 300w, https:\/\/www.acapulcopress.com\/wp-content\/uploads\/2025\/09\/icateopan7-1024x682.jpg 1024w, https:\/\/www.acapulcopress.com\/wp-content\/uploads\/2025\/09\/icateopan7-768x512.jpg 768w, https:\/\/www.acapulcopress.com\/wp-content\/uploads\/2025\/09\/icateopan7-580x387.jpg 580w, https:\/\/www.acapulcopress.com\/wp-content\/uploads\/2025\/09\/icateopan7-860x573.jpg 860w, https:\/\/www.acapulcopress.com\/wp-content\/uploads\/2025\/09\/icateopan7-1160x773.jpg 1160w\" sizes=\"auto, (max-width: 1280px) 100vw, 1280px\" \/><\/a> <a href=\"https:\/\/www.acapulcopress.com\/wp-content\/uploads\/2025\/09\/icateopan5.jpg\"><img loading=\"lazy\" decoding=\"async\" class=\"alignnone wp-image-1260403 size-full\" src=\"https:\/\/www.acapulcopress.com\/wp-content\/uploads\/2025\/09\/icateopan5.jpg\" alt=\"\" width=\"1280\" height=\"853\" srcset=\"https:\/\/www.acapulcopress.com\/wp-content\/uploads\/2025\/09\/icateopan5.jpg 1280w, https:\/\/www.acapulcopress.com\/wp-content\/uploads\/2025\/09\/icateopan5-300x200.jpg 300w, https:\/\/www.acapulcopress.com\/wp-content\/uploads\/2025\/09\/icateopan5-1024x682.jpg 1024w, https:\/\/www.acapulcopress.com\/wp-content\/uploads\/2025\/09\/icateopan5-768x512.jpg 768w, https:\/\/www.acapulcopress.com\/wp-content\/uploads\/2025\/09\/icateopan5-580x387.jpg 580w, https:\/\/www.acapulcopress.com\/wp-content\/uploads\/2025\/09\/icateopan5-860x573.jpg 860w, https:\/\/www.acapulcopress.com\/wp-content\/uploads\/2025\/09\/icateopan5-1160x773.jpg 1160w\" sizes=\"auto, (max-width: 1280px) 100vw, 1280px\" \/><\/a> <a href=\"https:\/\/www.acapulcopress.com\/wp-content\/uploads\/2025\/09\/icateopan4.jpg\"><img loading=\"lazy\" decoding=\"async\" class=\"alignnone wp-image-1260402 size-full\" src=\"https:\/\/www.acapulcopress.com\/wp-content\/uploads\/2025\/09\/icateopan4.jpg\" alt=\"\" width=\"1280\" height=\"853\" srcset=\"https:\/\/www.acapulcopress.com\/wp-content\/uploads\/2025\/09\/icateopan4.jpg 1280w, https:\/\/www.acapulcopress.com\/wp-content\/uploads\/2025\/09\/icateopan4-300x200.jpg 300w, https:\/\/www.acapulcopress.com\/wp-content\/uploads\/2025\/09\/icateopan4-1024x682.jpg 1024w, https:\/\/www.acapulcopress.com\/wp-content\/uploads\/2025\/09\/icateopan4-768x512.jpg 768w, https:\/\/www.acapulcopress.com\/wp-content\/uploads\/2025\/09\/icateopan4-580x387.jpg 580w, https:\/\/www.acapulcopress.com\/wp-content\/uploads\/2025\/09\/icateopan4-860x573.jpg 860w, https:\/\/www.acapulcopress.com\/wp-content\/uploads\/2025\/09\/icateopan4-1160x773.jpg 1160w\" sizes=\"auto, (max-width: 1280px) 100vw, 1280px\" \/><\/a> <a href=\"https:\/\/www.acapulcopress.com\/wp-content\/uploads\/2025\/09\/icateopan3.jpg\"><img loading=\"lazy\" decoding=\"async\" class=\"alignnone wp-image-1260401 size-full\" src=\"https:\/\/www.acapulcopress.com\/wp-content\/uploads\/2025\/09\/icateopan3.jpg\" alt=\"\" width=\"1280\" height=\"1264\" srcset=\"https:\/\/www.acapulcopress.com\/wp-content\/uploads\/2025\/09\/icateopan3.jpg 1280w, https:\/\/www.acapulcopress.com\/wp-content\/uploads\/2025\/09\/icateopan3-300x296.jpg 300w, https:\/\/www.acapulcopress.com\/wp-content\/uploads\/2025\/09\/icateopan3-1024x1011.jpg 1024w, https:\/\/www.acapulcopress.com\/wp-content\/uploads\/2025\/09\/icateopan3-768x758.jpg 768w, https:\/\/www.acapulcopress.com\/wp-content\/uploads\/2025\/09\/icateopan3-70x70.jpg 70w, https:\/\/www.acapulcopress.com\/wp-content\/uploads\/2025\/09\/icateopan3-580x573.jpg 580w, https:\/\/www.acapulcopress.com\/wp-content\/uploads\/2025\/09\/icateopan3-860x849.jpg 860w, https:\/\/www.acapulcopress.com\/wp-content\/uploads\/2025\/09\/icateopan3-1160x1146.jpg 1160w\" sizes=\"auto, (max-width: 1280px) 100vw, 1280px\" \/><\/a> <a href=\"https:\/\/www.acapulcopress.com\/wp-content\/uploads\/2025\/09\/icateopan2.jpg\"><img loading=\"lazy\" decoding=\"async\" class=\"alignnone wp-image-1260400 size-full\" src=\"https:\/\/www.acapulcopress.com\/wp-content\/uploads\/2025\/09\/icateopan2.jpg\" alt=\"\" width=\"1280\" height=\"853\" srcset=\"https:\/\/www.acapulcopress.com\/wp-content\/uploads\/2025\/09\/icateopan2.jpg 1280w, https:\/\/www.acapulcopress.com\/wp-content\/uploads\/2025\/09\/icateopan2-300x200.jpg 300w, https:\/\/www.acapulcopress.com\/wp-content\/uploads\/2025\/09\/icateopan2-1024x682.jpg 1024w, https:\/\/www.acapulcopress.com\/wp-content\/uploads\/2025\/09\/icateopan2-768x512.jpg 768w, https:\/\/www.acapulcopress.com\/wp-content\/uploads\/2025\/09\/icateopan2-580x387.jpg 580w, https:\/\/www.acapulcopress.com\/wp-content\/uploads\/2025\/09\/icateopan2-860x573.jpg 860w, https:\/\/www.acapulcopress.com\/wp-content\/uploads\/2025\/09\/icateopan2-1160x773.jpg 1160w\" sizes=\"auto, (max-width: 1280px) 100vw, 1280px\" \/><\/a> <a href=\"https:\/\/www.acapulcopress.com\/wp-content\/uploads\/2025\/09\/icateopan.jpg\"><img loading=\"lazy\" decoding=\"async\" class=\"alignnone wp-image-1260399 size-full\" src=\"https:\/\/www.acapulcopress.com\/wp-content\/uploads\/2025\/09\/icateopan.jpg\" alt=\"\" width=\"1280\" height=\"1078\" srcset=\"https:\/\/www.acapulcopress.com\/wp-content\/uploads\/2025\/09\/icateopan.jpg 1280w, https:\/\/www.acapulcopress.com\/wp-content\/uploads\/2025\/09\/icateopan-300x253.jpg 300w, https:\/\/www.acapulcopress.com\/wp-content\/uploads\/2025\/09\/icateopan-1024x862.jpg 1024w, https:\/\/www.acapulcopress.com\/wp-content\/uploads\/2025\/09\/icateopan-768x647.jpg 768w, https:\/\/www.acapulcopress.com\/wp-content\/uploads\/2025\/09\/icateopan-580x488.jpg 580w, https:\/\/www.acapulcopress.com\/wp-content\/uploads\/2025\/09\/icateopan-860x724.jpg 860w, https:\/\/www.acapulcopress.com\/wp-content\/uploads\/2025\/09\/icateopan-1160x977.jpg 1160w\" sizes=\"auto, (max-width: 1280px) 100vw, 1280px\" \/><\/a><\/p>\n<p><em>) <a href=\"http:\/\/fb.me\/steparious\" target=\"_blank\" rel=\"noopener\">fb.me\/steparious<\/a><\/em><br \/>\n<em>) <a href=\"http:\/\/fb.me\/acapulcopress\" target=\"_blank\" rel=\"noopener\">fb.me\/acapulcopress<\/a><\/em><\/p>\n","protected":false},"excerpt":{"rendered":"<p>IXCATEOPAN DE CUAUHT\u00c9MOC * 26 de septiembre 2025 ) Goboerno de Guerrero La gobernadora Evelyn Salgado Pineda inaugur\u00f3 la segunda etapa del empedrado artesanal con m\u00e1rmol de la avenida \u00abVicente Guerrero\u00bb, en este Pueblo M\u00e1gico, sumando un total de ocho obras con una inversi\u00f3n superior a 23 millones de pesos para impulsar el desarrollo tur\u00edstico&#8230;<\/p>\n","protected":false},"author":1,"featured_media":1260404,"comment_status":"closed","ping_status":"open","sticky":false,"template":"","format":"standard","meta":{"footnotes":""},"categories":[2080],"tags":[8251,18792],"class_list":["post-1260398","post","type-post","status-publish","format-standard","has-post-thumbnail","hentry","category-regiones-de-guerrero","tag-evelyn-salgado-pineda","tag-goboerno-de-guerrero"],"_links":{"self":[{"href":"https:\/\/www.acapulcopress.com\/index.php\/wp-json\/wp\/v2\/posts\/1260398","targetHints":{"allow":["GET"]}}],"collection":[{"href":"https:\/\/www.acapulcopress.com\/index.php\/wp-json\/wp\/v2\/posts"}],"about":[{"href":"https:\/\/www.acapulcopress.com\/index.php\/wp-json\/wp\/v2\/types\/post"}],"author":[{"embeddable":true,"href":"https:\/\/www.acapulcopress.com\/index.php\/wp-json\/wp\/v2\/users\/1"}],"replies":[{"embeddable":true,"href":"https:\/\/www.acapulcopress.com\/index.php\/wp-json\/wp\/v2\/comments?post=1260398"}],"version-history":[{"count":2,"href":"https:\/\/www.acapulcopress.com\/index.php\/wp-json\/wp\/v2\/posts\/1260398\/revisions"}],"predecessor-version":[{"id":1260410,"href":"https:\/\/www.acapulcopress.com\/index.php\/wp-json\/wp\/v2\/posts\/1260398\/revisions\/1260410"}],"wp:featuredmedia":[{"embeddable":true,"href":"https:\/\/www.acapulcopress.com\/index.php\/wp-json\/wp\/v2\/media\/1260404"}],"wp:attachment":[{"href":"https:\/\/www.acapulcopress.com\/index.php\/wp-json\/wp\/v2\/media?parent=1260398"}],"wp:term":[{"taxonomy":"category","embeddable":true,"href":"https:\/\/www.acapulcopress.com\/index.php\/wp-json\/wp\/v2\/categories?post=1260398"},{"taxonomy":"post_tag","embeddable":true,"href":"https:\/\/www.acapulcopress.com\/index.php\/wp-json\/wp\/v2\/tags?post=1260398"}],"curies":[{"name":"wp","href":"https:\/\/api.w.org\/{rel}","templated":true}]}}