{"id":1260433,"date":"2025-09-28T08:46:52","date_gmt":"2025-09-28T14:46:52","guid":{"rendered":"https:\/\/www.acapulcopress.com\/?p=1260433"},"modified":"2025-09-29T09:00:14","modified_gmt":"2025-09-29T15:00:14","slug":"marco-tulio-sanchez-es-tiempo-de-mostrar-compromiso-politico-en-el-congreso","status":"publish","type":"post","link":"https:\/\/www.acapulcopress.com\/index.php\/2025\/09\/28\/marco-tulio-sanchez-es-tiempo-de-mostrar-compromiso-politico-en-el-congreso\/","title":{"rendered":"Marco Tulio S\u00e1nchez: Tiempo de compromiso pol\u00edtico en el Congreso"},"content":{"rendered":"<p>Tercera V\u00eda<br \/>\n\u00bb <strong>E<a href=\"https:\/\/www.facebook.com\/profile.php?id=100029214670744\" target=\"_blank\" rel=\"noopener\">RNESTO<\/a><\/strong> | <strong>RIVERA RODR\u00cdGUEZ<\/strong><\/p>\n<p>Una cr\u00edtica puntual a la directiva de la <em>Junta de Coordinaci\u00f3n Pol\u00edtica<\/em> de la LXIV Legislatura Local, hizo el diputado <strong>Marco Tulio S\u00e1nchez<\/strong>, el d\u00eda que entreg\u00f3 su primer informe ante los medios en Chilpancingo.<\/p>\n<p>Se\u00f1al\u00f3 que es importante hacer un compromiso con los representados, por ello es vital dar un cambio de tim\u00f3n para dejar el marasmo sin ruta, convertida en entrega sin visi\u00f3n que prevalece despu\u00e9s del Primer a\u00f1o de trabajo legislativo del Congreso de Guerrero, por una agenda legislativa m\u00e1s progresiva.<\/p>\n<p>M\u00e1s qu\u00e9 su Primer Informe del Primer a\u00f1o de Sesiones de la LXIV Legislatura local, el diputado morenista Marco Tulio S\u00e1nchez Alarcon, present\u00f3 un firme an\u00e1lisis, del porqu\u00e9, de la par\u00e1lisis legislativa que padece desde su propia bancada morenista, ello por una seria falta de concensos y de eficiencia pol\u00edtica desde la misma Jucopo.<\/p>\n<p>Por lo que ve y advierte la urgente necesidad de la renovaci\u00f3n de la direcci\u00f3n de la Junta de Coordinaci\u00f3n Pol\u00edtica del Congreso Local, hasta hoy \u00abdirigida sin ruta\u00bb.<\/p>\n<p>Es vigente acaso que el diputado Jes\u00fas Uriostegui Garcia, quien contin\u00faa a cargo de la Jucopo, un mes despu\u00e9s de iniciarse el Segundo A\u00f1o de Sesiones, mantenga un papel incapaz de mostrar liderazgo y generar la ruta pol\u00edtica Legislativa a seguir, pues hay que ser congruentes, dijo de lo que representan, dando luces a d\u00f3nde caminar.<\/p>\n<p>Tema singular del diputado Marco Tulio S\u00e1nchez por su importancia, es su permanente participaci\u00f3n con sus representados y la sociedad civil en su conjunto, m\u00e1s all\u00e1 de su distrito, resaltando su compromiso en el trabajo desarrollado y desempe\u00f1ado como titular de la Comisi\u00f3n del Trabajo, cuyo apoyo a los mineros de Taxco, le vali\u00f3 valioso reconocimiento pol\u00edtico y social.<\/p>\n<p>Lo que atrajo en su mensaje es la pregunta que apunta: Porqu\u00e9 hasta hoy que no se han logrado mayores acuerdos dentro del \u00f3rgano legislativo?, ha sido la falta de designaci\u00f3n de las diversas \u00e1reas, donde s\u00f3lo existen encargados de despacho de las diversas \u00e1reas, lo que hasta hoy a entorpecido el trabajo legislativo.<\/p>\n<p>Porqu\u00e9 no se han designado esas responsabilidades. Tal vez la falta de capacidad, o de confianza de quien debe palomear dichas responsabilidades, hasta hoy acefalas?<\/p>\n<p>M\u00faltiples voces se han sumado a la urgencia del cambio de estafeta en la Jucopo, las cuales han ca\u00eddo en o\u00eddos sordos, advirtiendose en todos los sectores pol\u00edticos y sociales, una falta de atenci\u00f3n, a pesar que sus l\u00edmites se han perdido.<\/p>\n<p><em>) <a href=\"http:\/\/fb.me\/steparious\" target=\"_blank\" rel=\"noopener\">fb.me\/steparious<\/a><\/em><br \/>\n<em>) <a href=\"http:\/\/fb.me\/acapulcopress\" target=\"_blank\" rel=\"noopener\">fb.me\/acapulcopress<\/a><\/em><\/p>\n","protected":false},"excerpt":{"rendered":"<p>Una cr\u00edtica puntual a la directiva de la Junta de Coordinaci\u00f3n Pol\u00edtica de la LXIV Legislatura Local,<\/p>\n","protected":false},"author":1,"featured_media":1260434,"comment_status":"closed","ping_status":"open","sticky":false,"template":"","format":"standard","meta":{"footnotes":""},"categories":[2071,1991],"tags":[8063,12490,17071],"class_list":["post-1260433","post","type-post","status-publish","format-standard","has-post-thumbnail","hentry","category-opinion-analisis-columnas","category-libertad-de-expresion","tag-ernesto-rivera-rodriguez","tag-marco-tulio-sanchez","tag-tercera-via"],"_links":{"self":[{"href":"https:\/\/www.acapulcopress.com\/index.php\/wp-json\/wp\/v2\/posts\/1260433","targetHints":{"allow":["GET"]}}],"collection":[{"href":"https:\/\/www.acapulcopress.com\/index.php\/wp-json\/wp\/v2\/posts"}],"about":[{"href":"https:\/\/www.acapulcopress.com\/index.php\/wp-json\/wp\/v2\/types\/post"}],"author":[{"embeddable":true,"href":"https:\/\/www.acapulcopress.com\/index.php\/wp-json\/wp\/v2\/users\/1"}],"replies":[{"embeddable":true,"href":"https:\/\/www.acapulcopress.com\/index.php\/wp-json\/wp\/v2\/comments?post=1260433"}],"version-history":[{"count":3,"href":"https:\/\/www.acapulcopress.com\/index.php\/wp-json\/wp\/v2\/posts\/1260433\/revisions"}],"predecessor-version":[{"id":1260437,"href":"https:\/\/www.acapulcopress.com\/index.php\/wp-json\/wp\/v2\/posts\/1260433\/revisions\/1260437"}],"wp:featuredmedia":[{"embeddable":true,"href":"https:\/\/www.acapulcopress.com\/index.php\/wp-json\/wp\/v2\/media\/1260434"}],"wp:attachment":[{"href":"https:\/\/www.acapulcopress.com\/index.php\/wp-json\/wp\/v2\/media?parent=1260433"}],"wp:term":[{"taxonomy":"category","embeddable":true,"href":"https:\/\/www.acapulcopress.com\/index.php\/wp-json\/wp\/v2\/categories?post=1260433"},{"taxonomy":"post_tag","embeddable":true,"href":"https:\/\/www.acapulcopress.com\/index.php\/wp-json\/wp\/v2\/tags?post=1260433"}],"curies":[{"name":"wp","href":"https:\/\/api.w.org\/{rel}","templated":true}]}}