{"id":1260438,"date":"2025-09-29T09:14:32","date_gmt":"2025-09-29T15:14:32","guid":{"rendered":"https:\/\/www.acapulcopress.com\/?p=1260438"},"modified":"2025-09-29T09:15:34","modified_gmt":"2025-09-29T15:15:34","slug":"circulo-vicioso-de-la-violencia-se-empodera-de-chilpancingo","status":"publish","type":"post","link":"https:\/\/www.acapulcopress.com\/index.php\/2025\/09\/29\/circulo-vicioso-de-la-violencia-se-empodera-de-chilpancingo\/","title":{"rendered":"C\u00edrculo vicioso de la violencia se empodera de Chilpancingo"},"content":{"rendered":"<p>\u00bb <strong>RICARDO<\/strong> | <strong>CASTILLO BARRIENTOS<\/strong><\/p>\n<p>Cual circulo vicioso, la ciudad de Chilpancingo vive inmersa en una imparable espiral de violencia que no tiene fin, manteniendo a la inerme poblaci\u00f3n en la zozobra que observa aterrorizada la cruenta disputa de territorios y negocios entre los grupos criminales de \u201c<strong>Los Ardillos<\/strong>\u201d y \u201c<strong>Los Tlacos<\/strong>\u201d, empoderados de la capital del estado.<\/p>\n<p>Ayer domingo, fue incendiado un autob\u00fas de la ruta Colotlipa-Chilpancingo y una combi Urban del transporte local, con pasajeros arriba, sufriendo quemaduras una anciana, su nieta de ocho a\u00f1os, una ni\u00f1a de nueve a\u00f1os y una persona m\u00e1s. Este tipo de sucesos se vienen registrando c\u00edclicamente desde hace 10 a\u00f1os, sin que hasta la fecha, los cuerpos de seguridad p\u00fablica logren frenar la serie de il\u00edcitos violentos que muchas veces culminan en homicidios.<\/p>\n<p>El \u00faltimo suceso ocasion\u00f3 la inmediata suspensi\u00f3n del transporte urbano, -combis y taxis- pues los choferes no quisieron arriesgar la integridad f\u00edsica, temerosos a sufrir alg\u00fan ataque de cualquiera de los bandos confrontados a muerte. Los usuarios del transporte p\u00fablico, una vez m\u00e1s, tuvieron que caminar largas distancias para llegar a sus hogares.<\/p>\n<p>El gobierno municipal emiti\u00f3 un comunicado donde informa que \u201ccon antelaci\u00f3n se hab\u00eda notificado a los \u00f3rdenes de gobierno, federal y estatal, sobre la posibilidad de un brote de violencia en la capital\u201d, deslind\u00e1ndose de toda responsabilidad, al tiempo de exigir a la presidenta Claudia Sheinbaum y a Omar Garc\u00eda Harfuch, secretario de Seguridad y Protecci\u00f3n Ciudadana. \u201cbrinden el respaldo necesario y fortalezcan las acciones encaminadas a garantizar la seguridad y la paz que la ciudadan\u00eda merece\u201d.<\/p>\n<p>El Ayuntamiento capitalino se ha visto rebasado desde siempre, con una polic\u00eda municipal inoperante en la prevenci\u00f3n del delito, tarea incumplida de forma permanente, ni siquiera realizan rondines como es obligaci\u00f3n. Apenas se logran divisar algunos patrullajes y retenes de la Polic\u00eda del Estado, pues tambi\u00e9n la Guardia Nacional brilla por su ausencia y solo hacen acto de presencia despu\u00e9s de la comisi\u00f3n de delitos.<\/p>\n<p>Mientras en el puerto de Acapulco, las fuerzas armadas y seguridad p\u00fablica han asestado certeros golpes al crimen organizados, con decenas de detenciones de generadores de violencia, principalmente del grupo \u201c<strong>Los Rusos<\/strong>\u201d, en el mercado central y en colonias populares.<\/p>\n<p>En Chilpancingo por su dimensi\u00f3n territorial, se facilitar\u00eda un mejor control para inhibir la violencia criminal que repercute directamente en la poblaci\u00f3n de todas las edades como v\u00edctimas colaterales.<\/p>\n<p>De poco ha servido la instalaci\u00f3n de los cuarteles de la Guardia Nacional en el Valle del Ocotito y en la localidad de Petaquillas, porque hasta la fecha no se han visto resultados productivos en la disminuci\u00f3n de la violencia; deber\u00edan modificar la estrategia para un combate efectivo contra los grupos criminales predominantes en la capital del estado; requiri\u00e9ndose la atenci\u00f3n directa de la presidenta Sheinbaum, Garc\u00eda Harfuch y la gobernado Evelyn Salgado.<br \/>\n<em>) <a href=\"http:\/\/fb.me\/steparious\" target=\"_blank\" rel=\"noopener\">fb.me\/steparious<\/a><\/em><br \/>\n<em>)<a href=\"http:\/\/fb.me\/acapulcopress\" target=\"_blank\" rel=\"noopener\"> fb.me\/acapulcopress<\/a><\/em><\/p>\n","protected":false},"excerpt":{"rendered":"<p>Cual circulo vicioso, la ciudad de Chilpancingo vive inmersa en una imparable espiral de violencia que no tiene fin<\/p>\n","protected":false},"author":1,"featured_media":1260439,"comment_status":"closed","ping_status":"open","sticky":false,"template":"","format":"standard","meta":{"footnotes":""},"categories":[2071,1991],"tags":[2460,12069,15575],"class_list":["post-1260438","post","type-post","status-publish","format-standard","has-post-thumbnail","hentry","category-opinion-analisis-columnas","category-libertad-de-expresion","tag-los-tlacos","tag-los-ardillos","tag-ricardo-castillo-barrientos"],"_links":{"self":[{"href":"https:\/\/www.acapulcopress.com\/index.php\/wp-json\/wp\/v2\/posts\/1260438","targetHints":{"allow":["GET"]}}],"collection":[{"href":"https:\/\/www.acapulcopress.com\/index.php\/wp-json\/wp\/v2\/posts"}],"about":[{"href":"https:\/\/www.acapulcopress.com\/index.php\/wp-json\/wp\/v2\/types\/post"}],"author":[{"embeddable":true,"href":"https:\/\/www.acapulcopress.com\/index.php\/wp-json\/wp\/v2\/users\/1"}],"replies":[{"embeddable":true,"href":"https:\/\/www.acapulcopress.com\/index.php\/wp-json\/wp\/v2\/comments?post=1260438"}],"version-history":[{"count":2,"href":"https:\/\/www.acapulcopress.com\/index.php\/wp-json\/wp\/v2\/posts\/1260438\/revisions"}],"predecessor-version":[{"id":1260441,"href":"https:\/\/www.acapulcopress.com\/index.php\/wp-json\/wp\/v2\/posts\/1260438\/revisions\/1260441"}],"wp:featuredmedia":[{"embeddable":true,"href":"https:\/\/www.acapulcopress.com\/index.php\/wp-json\/wp\/v2\/media\/1260439"}],"wp:attachment":[{"href":"https:\/\/www.acapulcopress.com\/index.php\/wp-json\/wp\/v2\/media?parent=1260438"}],"wp:term":[{"taxonomy":"category","embeddable":true,"href":"https:\/\/www.acapulcopress.com\/index.php\/wp-json\/wp\/v2\/categories?post=1260438"},{"taxonomy":"post_tag","embeddable":true,"href":"https:\/\/www.acapulcopress.com\/index.php\/wp-json\/wp\/v2\/tags?post=1260438"}],"curies":[{"name":"wp","href":"https:\/\/api.w.org\/{rel}","templated":true}]}}