{"id":1260455,"date":"2025-09-25T17:57:30","date_gmt":"2025-09-25T23:57:30","guid":{"rendered":"https:\/\/www.acapulcopress.com\/?p=1260455"},"modified":"2025-09-30T08:05:33","modified_gmt":"2025-09-30T14:05:33","slug":"piden-elevar-rango-de-unidades-de-atencion-a-personas-con-discapacidas","status":"publish","type":"post","link":"https:\/\/www.acapulcopress.com\/index.php\/2025\/09\/25\/piden-elevar-rango-de-unidades-de-atencion-a-personas-con-discapacidas\/","title":{"rendered":"Piden elevar rango de unidades de atenci\u00f3n a personas con discapacidas"},"content":{"rendered":"<p>CHILPANCINGO * 25 de septiembre 2025<br \/>\n<em>) LXVI Legislatura | Guerrero<\/em><br \/>\nPara que las Unidades de Atenci\u00f3n a Personas con Discapacidad de los Ayuntamientos se eleven a rango de Direcciones Municipales y se fortalezca su estructura y atribuciones para brindar una atenci\u00f3n m\u00e1s eficaz sin generar mayor carga administrativa o presupuestal, el diputado <strong>Alejandro Bravo Abarca<\/strong> (PRI) propuso reformas a la Ley Org\u00e1nica del Municipio Libre del Estado.<\/p>\n<p>En una iniciativa, que analiza la Comisi\u00f3n de Asuntos Pol\u00edticos y Gobernaci\u00f3n, el diputado se\u00f1ala que en lo \u00faltimos a\u00f1os se han realizado diversas acciones a favor de las personas con discapacidad, siempre en miras de que sus derechos sean visibilizados, como la creaci\u00f3n de la Unidad de Atenci\u00f3n a Personas con Discapacidad de los municipios.<\/p>\n<p>Sin embargo, dijo que actualmente las necesidades y atenci\u00f3n a este grupo vulnerable requieren de mayores acciones y actividades, por lo que consider\u00f3 que se deben de elevar estas unidades de atenci\u00f3n a direcciones y en los casos pertinentes, a nivel de Secretar\u00eda dentro de los municipios.<\/p>\n<p>Explic\u00f3 que el objetivo no es generar burocracia o una carga econ\u00f3mica a los municipios, porque la figura ya existe, pero es importante que no s\u00f3lo quede en una Unidad de Atenci\u00f3n, sino que sea considerada una Direcci\u00f3n para una mejor atenci\u00f3n a las personas con discapacidad.<\/p>\n<p>Por ello, propone que las Unidades pasen a ser Direcciones que sean el enlace con las instituciones gubernamentales estatales y municipales encargadas de brindar apoyo a dichas personas y adem\u00e1s de las atribuciones y obligaciones establecidas en la Ley para las Personas con Discapacidad del Estado de Guerrero, deber\u00e1n elaborar, ejecutar y difundir, a trav\u00e9s de las instancias correspondientes, los Programas para la Inclusi\u00f3n al Desarrollo de las Personas con Discapacidad en el Municipio, as\u00ed como supervisar su debido cumplimiento.<\/p>\n<p>Adem\u00e1s, vigilar que las acciones, medidas y pol\u00edticas p\u00fablicas de protecci\u00f3n y asistencia social que se adopten para las personas con discapacidad est\u00e9n dirigidas a lograr de manera continua y progresiva condiciones de vida accesibles y adecuadas para ellas, entre las que se encuentran la alimentaci\u00f3n, salud, vestido, educaci\u00f3n, vivienda, cultura y recreaci\u00f3n apropiada, as\u00ed como su plena inclusi\u00f3n y participaci\u00f3n social<\/p>\n<p>Tambi\u00e9n coordinar y concertar la participaci\u00f3n de los sectores p\u00fablico, social y privado en la planeaci\u00f3n, programaci\u00f3n, ejecuci\u00f3n, evaluaci\u00f3n y supervisi\u00f3n de las acciones que se emprendan a favor de las personas con discapacidad en los municipios; realizar programas y proyectos y proponerlos al Cabildo para su ejecuci\u00f3n y promover los derechos y sensibilizar a todos los sectores de la sociedad hacia una cultura de respeto para las personas con discapacidad<\/p>\n<p><em>) <a href=\"http:\/\/fb.me\/steparious\" target=\"_blank\" rel=\"noopener\">fb.me\/steparious<\/a><\/em><br \/>\n<em>) <a href=\"http:\/\/fb.me\/acapulcopress\" target=\"_blank\" rel=\"noopener\">fb.me\/acapulcopress<\/a><\/em><\/p>\n","protected":false},"excerpt":{"rendered":"<p>CHILPANCINGO * 25 de septiembre 2025 ) LXVI Legislatura | Guerrero Para que las Unidades de Atenci\u00f3n a Personas con Discapacidad de los Ayuntamientos se eleven a rango de Direcciones Municipales y se fortalezca su estructura y atribuciones para brindar una atenci\u00f3n m\u00e1s eficaz sin generar mayor carga administrativa o presupuestal, el diputado Alejandro Bravo&#8230;<\/p>\n","protected":false},"author":1,"featured_media":1260456,"comment_status":"closed","ping_status":"open","sticky":false,"template":"","format":"standard","meta":{"footnotes":""},"categories":[2037,61],"tags":[3523,18372],"class_list":["post-1260455","post","type-post","status-publish","format-standard","has-post-thumbnail","hentry","category-congreso-de-guerrero","category-legislacion","tag-alejandro-bravo-abarca","tag-lxvi-legislatura-guerrero"],"_links":{"self":[{"href":"https:\/\/www.acapulcopress.com\/index.php\/wp-json\/wp\/v2\/posts\/1260455","targetHints":{"allow":["GET"]}}],"collection":[{"href":"https:\/\/www.acapulcopress.com\/index.php\/wp-json\/wp\/v2\/posts"}],"about":[{"href":"https:\/\/www.acapulcopress.com\/index.php\/wp-json\/wp\/v2\/types\/post"}],"author":[{"embeddable":true,"href":"https:\/\/www.acapulcopress.com\/index.php\/wp-json\/wp\/v2\/users\/1"}],"replies":[{"embeddable":true,"href":"https:\/\/www.acapulcopress.com\/index.php\/wp-json\/wp\/v2\/comments?post=1260455"}],"version-history":[{"count":1,"href":"https:\/\/www.acapulcopress.com\/index.php\/wp-json\/wp\/v2\/posts\/1260455\/revisions"}],"predecessor-version":[{"id":1260457,"href":"https:\/\/www.acapulcopress.com\/index.php\/wp-json\/wp\/v2\/posts\/1260455\/revisions\/1260457"}],"wp:featuredmedia":[{"embeddable":true,"href":"https:\/\/www.acapulcopress.com\/index.php\/wp-json\/wp\/v2\/media\/1260456"}],"wp:attachment":[{"href":"https:\/\/www.acapulcopress.com\/index.php\/wp-json\/wp\/v2\/media?parent=1260455"}],"wp:term":[{"taxonomy":"category","embeddable":true,"href":"https:\/\/www.acapulcopress.com\/index.php\/wp-json\/wp\/v2\/categories?post=1260455"},{"taxonomy":"post_tag","embeddable":true,"href":"https:\/\/www.acapulcopress.com\/index.php\/wp-json\/wp\/v2\/tags?post=1260455"}],"curies":[{"name":"wp","href":"https:\/\/api.w.org\/{rel}","templated":true}]}}