{"id":1260476,"date":"2025-09-14T23:45:29","date_gmt":"2025-09-15T05:45:29","guid":{"rendered":"https:\/\/www.acapulcopress.com\/?p=1260476"},"modified":"2025-09-30T09:00:35","modified_gmt":"2025-09-30T15:00:35","slug":"piden-coordinacion-entre-salud-y-educacion-para-detectar-casos-de-cancer-infantil","status":"publish","type":"post","link":"https:\/\/www.acapulcopress.com\/index.php\/2025\/09\/14\/piden-coordinacion-entre-salud-y-educacion-para-detectar-casos-de-cancer-infantil\/","title":{"rendered":"Piden coordinaci\u00f3n entre Salud y Educaci\u00f3n para detectar casos de c\u00e1ncer infantil"},"content":{"rendered":"<p>CHILPANCINGO * 14 de septiembre 2025<br \/>\n<em>) LXVI Legislatura | Guerrero<\/em><br \/>\nLas Comisiones Unidas de Salud y de Educaci\u00f3n, Ciencia y Tecnolog\u00eda del Congreso del Estado analizan un exhorto a los <em>Servicios Estatales de Salud<\/em> y\/o <em>Secretar\u00eda de Salud<\/em> del Estado de Guerrero para que en coordinaci\u00f3n con la Secretar\u00eda de Educaci\u00f3n Guerrero dise\u00f1en e implementen un programa permanente de atenci\u00f3n m\u00e9dica preventiva en escuelas de educaci\u00f3n b\u00e1sica, priorizando zonas de alta marginaci\u00f3n y riesgo epidemiol\u00f3gico, para detectar oportunamente el c\u00e1ncer infantil.<\/p>\n<p>La diputada promovente, <strong>Beatriz V\u00e9lez N\u00fa\u00f1ez<\/strong>, se\u00f1ala que Guerrero presenta una de las tasas m\u00e1s bajas de mortalidad por tumores malignos en el pa\u00eds, lo que puede reflejar tal vez un sub-registro o una falta de diagn\u00f3stico oportuno; adem\u00e1s, el c\u00e1ncer infantil representa una emergencia silenciosa, aunado a ello la cobertura m\u00e9dica especializada sigue siendo limitada en zonas rurales y marginadas, donde el acceso a oncolog\u00eda pedi\u00e1trica es casi inexistente.<\/p>\n<p>Se menciona que aunque la norma oficial mexicana NOM-009-SSA2-1993 y el art\u00edculo 66 de la Ley General de Salud promueven servicios m\u00e9dicos escolares, su implementaci\u00f3n efectiva sigue siendo limitada, especialmente en zonas rurales y marginadas del Estado, por lo que integrar personal m\u00e9dico y de enfermer\u00eda en los planteles escolares permitir\u00eda identificar signos de alerta en etapas iniciales, reducir diagn\u00f3sticos tard\u00edos y canalizar oportunamente a ni\u00f1as y ni\u00f1os hacia unidades especializadas.<\/p>\n<p>Adem\u00e1s, dijo que esta medida no solo fortalece el derecho a la salud, sino que tambi\u00e9n articula el entorno educativo con el sistema de salud p\u00fablica, generando una red de protecci\u00f3n m\u00e1s robusta para la infancia guerrerense.<\/p>\n<p>Por ello la diputada Beatriz V\u00e9lez, propone exhortar a los Servicios Estatales de Salud y\/o Secretar\u00eda de Salud del Estado para que en coordinaci\u00f3n con la Secretar\u00eda de Educaci\u00f3n Guerrero dise\u00f1e e implemente un programa permanente de atenci\u00f3n m\u00e9dica preventiva en escuelas de educaci\u00f3n b\u00e1sica, priorizando la detenci\u00f3n oportuna de c\u00e1ncer infantil en zonas de alta marginaci\u00f3n y riesgo epidemiol\u00f3gico.<\/p>\n<p>Adem\u00e1s, propuso que se fortalezca o implemente en el Presupuesto de Egresos del pr\u00f3ximo a\u00f1o el fondo para enfermedades de alta especialidad como el c\u00e1ncer infantil, garantizando suficiencia presupuestaria, criterios claros de asignaci\u00f3n y mecanismos p\u00fablicos de transparencia, y a la Secretar\u00eda de Salud para que en su comparecencia por la glosa del cuarto informe presente un informe de las acciones realizadas en materia de salud escolar, atenci\u00f3n m\u00e9dica preventiva y operaci\u00f3n del fondo estatal para enfermedades de alta especialidad. Principalmente el c\u00e1ncer infantil.<\/p>\n<p><em>) <a href=\"http:\/\/fb.me\/steparious\" target=\"_blank\" rel=\"noopener\">fb.me\/steparious<\/a><\/em><br \/>\n<em>) <a href=\"http:\/\/fb.me\/acapulcopress\" target=\"_blank\" rel=\"noopener\">fb.me\/acapulcopress<\/a><\/em><\/p>\n","protected":false},"excerpt":{"rendered":"<p>CHILPANCINGO * 14 de septiembre 2025 ) LXVI Legislatura | Guerrero Las Comisiones Unidas de Salud y de Educaci\u00f3n, Ciencia y Tecnolog\u00eda del Congreso del Estado analizan un exhorto a los Servicios Estatales de Salud y\/o Secretar\u00eda de Salud del Estado de Guerrero para que en coordinaci\u00f3n con la Secretar\u00eda de Educaci\u00f3n Guerrero dise\u00f1en e&#8230;<\/p>\n","protected":false},"author":1,"featured_media":1260477,"comment_status":"closed","ping_status":"open","sticky":false,"template":"","format":"standard","meta":{"footnotes":""},"categories":[2037,61],"tags":[4645,18372],"class_list":["post-1260476","post","type-post","status-publish","format-standard","has-post-thumbnail","hentry","category-congreso-de-guerrero","category-legislacion","tag-beatriz-velez-nunez","tag-lxvi-legislatura-guerrero"],"_links":{"self":[{"href":"https:\/\/www.acapulcopress.com\/index.php\/wp-json\/wp\/v2\/posts\/1260476","targetHints":{"allow":["GET"]}}],"collection":[{"href":"https:\/\/www.acapulcopress.com\/index.php\/wp-json\/wp\/v2\/posts"}],"about":[{"href":"https:\/\/www.acapulcopress.com\/index.php\/wp-json\/wp\/v2\/types\/post"}],"author":[{"embeddable":true,"href":"https:\/\/www.acapulcopress.com\/index.php\/wp-json\/wp\/v2\/users\/1"}],"replies":[{"embeddable":true,"href":"https:\/\/www.acapulcopress.com\/index.php\/wp-json\/wp\/v2\/comments?post=1260476"}],"version-history":[{"count":1,"href":"https:\/\/www.acapulcopress.com\/index.php\/wp-json\/wp\/v2\/posts\/1260476\/revisions"}],"predecessor-version":[{"id":1260478,"href":"https:\/\/www.acapulcopress.com\/index.php\/wp-json\/wp\/v2\/posts\/1260476\/revisions\/1260478"}],"wp:featuredmedia":[{"embeddable":true,"href":"https:\/\/www.acapulcopress.com\/index.php\/wp-json\/wp\/v2\/media\/1260477"}],"wp:attachment":[{"href":"https:\/\/www.acapulcopress.com\/index.php\/wp-json\/wp\/v2\/media?parent=1260476"}],"wp:term":[{"taxonomy":"category","embeddable":true,"href":"https:\/\/www.acapulcopress.com\/index.php\/wp-json\/wp\/v2\/categories?post=1260476"},{"taxonomy":"post_tag","embeddable":true,"href":"https:\/\/www.acapulcopress.com\/index.php\/wp-json\/wp\/v2\/tags?post=1260476"}],"curies":[{"name":"wp","href":"https:\/\/api.w.org\/{rel}","templated":true}]}}