{"id":1260510,"date":"2025-09-30T21:29:52","date_gmt":"2025-10-01T03:29:52","guid":{"rendered":"https:\/\/www.acapulcopress.com\/?p=1260510"},"modified":"2025-09-30T21:29:52","modified_gmt":"2025-10-01T03:29:52","slug":"evelyn-salgado-reitero-compromiso-con-la-paz-de-los-guerrerenses","status":"publish","type":"post","link":"https:\/\/www.acapulcopress.com\/index.php\/2025\/09\/30\/evelyn-salgado-reitero-compromiso-con-la-paz-de-los-guerrerenses\/","title":{"rendered":"Evelyn Salgado reiter\u00f3 compromiso con la paz de los guerrerenses"},"content":{"rendered":"<p>CHILPANCINGO * 30 de septiembre 2025<br \/>\n<em>) Coordinaci\u00f3n para la Construcci\u00f3n de la Paz<br \/>\n<\/em>Desde la <em>Mesa Estatal de Coordinaci\u00f3n para la Construcci\u00f3n de la Paz<\/em>, la gobernadora <strong>Evelyn Salgado Pineda<\/strong> reiter\u00f3 su compromiso con la tranquilidad de los guerrerenses.<\/p>\n<p>La mandataria estatal se\u00f1al\u00f3 que las instituciones se mantienen firmes en la atenci\u00f3n a la situaci\u00f3n del transporte p\u00fablico en Chilpancingo, priorizando la seguridad de la poblaci\u00f3n y garantizando que este servicio se reactive de manera gradual durante el transcurso del d\u00eda.<\/p>\n<p>Como parte del di\u00e1logo permanente con los alcaldes de Guerrero, en la sesi\u00f3n de coordinaci\u00f3n particip\u00f3 el presidente municipal de Chilpancingo, <strong>Gustavo Alarc\u00f3n Herrera<\/strong>, quien estuvo acompa\u00f1ado del secretario de Seguridad P\u00fablica de la capital, <strong>Abraham Garc\u00eda Valente<\/strong>.<\/p>\n<p>Evelyn Salgado coment\u00f3 que se ha coordinado el trabajo operativo con las instituciones que convergen en la mesa estatal de seguridad para mantener el orden social y atender las necesidades propias del sector transporte.<\/p>\n<p>\u00abNuestro compromiso es claro, seguiremos trabajando con firmeza y coordinaci\u00f3n para garantizar el bienestar y la tranquilidad de las familias guerrerenses\u00bb, afirm\u00f3 la mandataria estatal..<\/p>\n<p><em>) <a href=\"http:\/\/fb.me\/steparious\" target=\"_blank\" rel=\"noopener\">fb.me\/steparious<\/a><\/em><br \/>\n<em>) <a href=\"http:\/\/fb.me\/acapulcopress\" target=\"_blank\" rel=\"noopener\">fb.me\/acapulcopress<\/a><\/em><\/p>\n","protected":false},"excerpt":{"rendered":"<p>CHILPANCINGO * 30 de septiembre 2025 ) Coordinaci\u00f3n para la Construcci\u00f3n de la Paz Desde la Mesa Estatal de Coordinaci\u00f3n para la Construcci\u00f3n de la Paz, la gobernadora Evelyn Salgado Pineda reiter\u00f3 su compromiso con la tranquilidad de los guerrerenses. La mandataria estatal se\u00f1al\u00f3 que las instituciones se mantienen firmes en la atenci\u00f3n a la&#8230;<\/p>\n","protected":false},"author":1,"featured_media":1260511,"comment_status":"closed","ping_status":"open","sticky":false,"template":"","format":"standard","meta":{"footnotes":""},"categories":[1997],"tags":[18806,8251,9599,12974],"class_list":["post-1260510","post","type-post","status-publish","format-standard","has-post-thumbnail","hentry","category-noticias-destacadas","tag-abraham-garcia-valente","tag-evelyn-salgado-pineda","tag-gustavo-alarcon-herrera","tag-mesa-estatal-de-coordinacion-para-la-construccion-de-la-paz"],"_links":{"self":[{"href":"https:\/\/www.acapulcopress.com\/index.php\/wp-json\/wp\/v2\/posts\/1260510","targetHints":{"allow":["GET"]}}],"collection":[{"href":"https:\/\/www.acapulcopress.com\/index.php\/wp-json\/wp\/v2\/posts"}],"about":[{"href":"https:\/\/www.acapulcopress.com\/index.php\/wp-json\/wp\/v2\/types\/post"}],"author":[{"embeddable":true,"href":"https:\/\/www.acapulcopress.com\/index.php\/wp-json\/wp\/v2\/users\/1"}],"replies":[{"embeddable":true,"href":"https:\/\/www.acapulcopress.com\/index.php\/wp-json\/wp\/v2\/comments?post=1260510"}],"version-history":[{"count":1,"href":"https:\/\/www.acapulcopress.com\/index.php\/wp-json\/wp\/v2\/posts\/1260510\/revisions"}],"predecessor-version":[{"id":1260512,"href":"https:\/\/www.acapulcopress.com\/index.php\/wp-json\/wp\/v2\/posts\/1260510\/revisions\/1260512"}],"wp:featuredmedia":[{"embeddable":true,"href":"https:\/\/www.acapulcopress.com\/index.php\/wp-json\/wp\/v2\/media\/1260511"}],"wp:attachment":[{"href":"https:\/\/www.acapulcopress.com\/index.php\/wp-json\/wp\/v2\/media?parent=1260510"}],"wp:term":[{"taxonomy":"category","embeddable":true,"href":"https:\/\/www.acapulcopress.com\/index.php\/wp-json\/wp\/v2\/categories?post=1260510"},{"taxonomy":"post_tag","embeddable":true,"href":"https:\/\/www.acapulcopress.com\/index.php\/wp-json\/wp\/v2\/tags?post=1260510"}],"curies":[{"name":"wp","href":"https:\/\/api.w.org\/{rel}","templated":true}]}}