{"id":1260514,"date":"2025-10-01T20:13:17","date_gmt":"2025-10-02T02:13:17","guid":{"rendered":"https:\/\/www.acapulcopress.com\/?p=1260514"},"modified":"2025-10-01T20:13:17","modified_gmt":"2025-10-02T02:13:17","slug":"ataques","status":"publish","type":"post","link":"https:\/\/www.acapulcopress.com\/index.php\/2025\/10\/01\/ataques\/","title":{"rendered":"\u00bfAtaques?"},"content":{"rendered":"<p>Sin da\u00f1os a terceros<br \/>\n\u00bb <a href=\"https:\/\/www.facebook.com\/Steparious\" target=\"_blank\" rel=\"noopener\"><strong>\u00c1NGEL<\/strong> | <strong>BLANCO<\/strong><\/a><\/p>\n<p>A t\u00edtulo personal, dudo que <strong><span class=\"xv78j7m\" spellcheck=\"false\">H\u00e9ctor Astudillo<\/span> <\/strong>necesite que <strong><span class=\"xv78j7m\" spellcheck=\"false\">F\u00e9lix Salgado<\/span><\/strong> le pague para \u201catacar\u201d a <strong>Esthela Dami\u00e1n Peralta<\/strong> a trav\u00e9s de la diputada local <strong><span class=\"xv78j7m\" spellcheck=\"false\">Erika Luhrs<\/span><\/strong>, como aseguran algunos de sus defensores que ya la aclaman casi \u201cgobernadora\u201d.<\/p>\n<p>Esthela ni siquiera es precandidata a nada y ni Astudillo, creo, requiere recurrir a tan bajo nivel para hacer este tipo de politequer\u00eda\u2026 al menos en el caso aludido.<\/p>\n<p>O ven muchas pel\u00edculas de bajo presupuesto quienes \u2018sospechan\u2019 que un exgobernador requiera ser patrocinado para criticar a trav\u00e9s de terceros, ante el clima de violencia que vive Guerrero, a una persona que electoralemen solo es una posibilidad y que realmente no se le ha visto preocupada (en el sentido estricto de la palabra) por el estado que sus fans quieren a fuerzas que gobierne y cuya tarea federal es, precisamente, la prevenci\u00f3n de las causas de violencia en Guerrero.<\/p>\n<p>Decirle sus verdades a quien no cumple con su \u2018chamba\u2019 no son ataques, es la cruda, cruel y fr\u00eda realidad.<\/p>\n<p>Para nadie es un secreto que Esthela Damian es la subsecretaria federal de Seguridad y la comisionada en el estado a neutralizar las causas generadoras de violencia.<\/p>\n<p>Criticarla por no ser congruente con sus palabras \u2014\u201cGuerrero es mi tierra y mi identidad\u201d, dice\u2014 y su responsabilidad como servidora p\u00fablica no es ning\u00fan ataque; de hecho, congruencia es lo menos que se espera de quien aspira gobernar un estado al que se presumen tener cari\u00f1o en teor\u00eda y hechos: \u201cNo son lo mismo verbo y sustantivo\u201d.<\/p>\n<p>Por el cargo que ostenta, Esthela tiene en sus manos el poder para hacer algo para la pacificaci\u00f3n del territorio que no ha descartado le gustar\u00eda gobernar.<\/p>\n<p>Hacer mas que \u201csolidarizarse\u201d ser\u00eda mas que bien visto hasta por quienes la critican.<\/p>\n<p>Nadie dudar\u00eda en pensar en ella como la opcion real para gobernar Guerrero en 2027\u2026 \u00a1pero ni siquiera lo intenta, teniendo en sus manos el poder para devolverle a Guerrero la paz y seguridad que tanto se aclama!<\/p>\n<p>No. No paso por alto que no faltar\u00e0 qui\u00e9n, de entre sus osados defensores, salga con la descabellada sospecha de que Astudillo o Erika me pagaron para hacer este comentario! Eso s\u00ed rayar\u00eda en los m\u00e1s burdo y rid\u00edculo, considerando que ni siquiera existe amistad alguna con el exmandatario priista ni la actual diputada por Movimiento Ciudadano Guerrero (MC), de quien de todos es sabido que tiene sus periodistas devotos para que la defiendan\u2026 aunque no necesariamente de \u201ca gratis\u201d.<\/p>\n<p>Lo escrito es simple l\u00f3gica y coherencia, sin meter las manos al fuego por nadie. Hay temas que no necesitan teor\u00eda, ciencia o mec\u00e1nica cu\u00e1ntica para diferenciar una hip\u00f3tesis de una realidad.<\/p>\n<p>A <strong><span class=\"xv78j7m\" spellcheck=\"false\">Abelina L\u00f3pez<\/span> <\/strong>se le critica \u2014no se le ataca\u2014 por irresponsable, por negligente, por omisa\u2026 el caso de Esthela es similar, solo que la se\u00f1ora Damian tiene un cargo de mucha m\u00e1s responsabilidad, una de la cual, si no se ejerce, dependen vidas y la estabilidad, particularmente hablando, de un estado, de municipios como Acapulco y el propio Chilpancingo, su tierra natal, y el pais entero, inclusive. La exigencia, por ende, no solo es justa, sino mas apremiante.<\/p>\n<p>Se que habr\u00e0 ofendidos y agraviados, pero me anticipo: \u201cSin afan de vanagloria, creo que a\u00fan quedamos seres con criterio propio que, aunque imperfectos y mortales, podemos decir lo que la libertad de prensa nos permita, sin necesidad de patrocinios pol\u00edticos\u201d.<\/p>\n<p>Sin da\u00f1os a terceros.<\/p>\n<p><em>)<a href=\"http:\/\/fb.me\/steparious\" target=\"_blank\" rel=\"noopener\"> fb.me\/steparious<\/a><\/em><br \/>\n<em>)<a href=\"http:\/\/fb.me\/acapulcopress\" target=\"_blank\" rel=\"noopener\"> fb.me\/acapulcopress<\/a><\/em><\/p>\n","protected":false},"excerpt":{"rendered":"<p>A t\u00edtulo personal, dudo que H\u00e9ctor Astudillo necesite que F\u00e9lix Salgado le pague para \u201catacar\u201d a Esthela Dami\u00e1n Peralta a trav\u00e9s de la diputada local Erika Luhrs<\/p>\n","protected":false},"author":1,"featured_media":1260515,"comment_status":"closed","ping_status":"open","sticky":false,"template":"","format":"standard","meta":{"footnotes":""},"categories":[1991,2008],"tags":[3075,3174,3944,18807,8038,8176,8464,9705,12791,13340,16638,16871],"class_list":["post-1260514","post","type-post","status-publish","format-standard","has-post-thumbnail","hentry","category-libertad-de-expresion","category-editorial","tag-abelina-lopez","tag-acapulco-press","tag-angel-steparious","tag-eleccion-guerrero-2027","tag-erika-luhrs","tag-esthela-damian-peralta","tag-felix-salgado","tag-hector-astudillo-flores","tag-massiosare","tag-movimiento-ciudadano-guerrero-mc","tag-sin-danos-a-terceros","tag-steparious"],"_links":{"self":[{"href":"https:\/\/www.acapulcopress.com\/index.php\/wp-json\/wp\/v2\/posts\/1260514","targetHints":{"allow":["GET"]}}],"collection":[{"href":"https:\/\/www.acapulcopress.com\/index.php\/wp-json\/wp\/v2\/posts"}],"about":[{"href":"https:\/\/www.acapulcopress.com\/index.php\/wp-json\/wp\/v2\/types\/post"}],"author":[{"embeddable":true,"href":"https:\/\/www.acapulcopress.com\/index.php\/wp-json\/wp\/v2\/users\/1"}],"replies":[{"embeddable":true,"href":"https:\/\/www.acapulcopress.com\/index.php\/wp-json\/wp\/v2\/comments?post=1260514"}],"version-history":[{"count":1,"href":"https:\/\/www.acapulcopress.com\/index.php\/wp-json\/wp\/v2\/posts\/1260514\/revisions"}],"predecessor-version":[{"id":1260516,"href":"https:\/\/www.acapulcopress.com\/index.php\/wp-json\/wp\/v2\/posts\/1260514\/revisions\/1260516"}],"wp:featuredmedia":[{"embeddable":true,"href":"https:\/\/www.acapulcopress.com\/index.php\/wp-json\/wp\/v2\/media\/1260515"}],"wp:attachment":[{"href":"https:\/\/www.acapulcopress.com\/index.php\/wp-json\/wp\/v2\/media?parent=1260514"}],"wp:term":[{"taxonomy":"category","embeddable":true,"href":"https:\/\/www.acapulcopress.com\/index.php\/wp-json\/wp\/v2\/categories?post=1260514"},{"taxonomy":"post_tag","embeddable":true,"href":"https:\/\/www.acapulcopress.com\/index.php\/wp-json\/wp\/v2\/tags?post=1260514"}],"curies":[{"name":"wp","href":"https:\/\/api.w.org\/{rel}","templated":true}]}}