{"id":1260517,"date":"2025-10-01T10:48:52","date_gmt":"2025-10-01T16:48:52","guid":{"rendered":"https:\/\/www.acapulcopress.com\/?p=1260517"},"modified":"2025-10-01T21:07:08","modified_gmt":"2025-10-02T03:07:08","slug":"chilpancingo-ciudad-historica-a-ciudad-de-violencia","status":"publish","type":"post","link":"https:\/\/www.acapulcopress.com\/index.php\/2025\/10\/01\/chilpancingo-ciudad-historica-a-ciudad-de-violencia\/","title":{"rendered":"Chilpancingo: Ciudad hist\u00f3rica a ciudad de violencia"},"content":{"rendered":"<p>Marem\u00e1gnum<br \/>\n\u00bb <a href=\"https:\/\/www.facebook.com\/ricardocastill01\" target=\"_blank\" rel=\"noopener\"><strong>RICARDO<\/strong> | <strong>CASTILLO BARRIENTOS<\/strong><\/a><\/p>\n<p>La hist\u00f3rica ciudad de Chilpancingo, se ha visto convulsionada en diferentes ocasiones por sucesos pol\u00edticos y movimientos sociales por la confluencia de instituciones de los tres \u00f3rdenes de gobierno, siendo el centro de protestas ciudadanas de toda \u00edndole, de residentes y grupos sociales de ocho regiones de la entidad, incluyendo La Sierra de reciente incorporaci\u00f3n regional.<\/p>\n<p>Algunos de los eventos han resultado hist\u00f3ricos, a partir de la Instalaci\u00f3n del Primer Congreso de An\u00e1huac y la Proclamaci\u00f3n de \u201cLos Sentimientos de la Naci\u00f3n\u201d, el 14 de septiembre de 1814, por el general\u00edsimo Jos\u00e9 Mar\u00eda Morelos y Pav\u00f3n, en compa\u00f1\u00eda de destacados insurgentes de diversas partes del pa\u00eds y abnegados combatientes de la noble y cruenta lucha independentista.<\/p>\n<p>En los a\u00f1os 2011 y 2014, la ciudad fue tomada por las tropas revolucionarias de Juli\u00e1 Blanco, Emiliano Zapata y Venustiano Carranza; as\u00ed acontecieron otros hechos registrados en la historia nacional y regional.<\/p>\n<p>Como olvidar la masacre en La Alameda Central Granados Maldonado, el 30 de diciembre de 1960, despu\u00e9s del surgimiento de un gran movimiento estudiantil-popular por la autonom\u00eda universitaria de la Universidad de Guerrero, culminando con la renuncia del gobernador, general Ra\u00fal Caballero Aburto.<\/p>\n<p>Tambi\u00e9n se recuerdan las multitudinarias manifestaciones universitarias contra la retenci\u00f3n del subsidio federal en los a\u00f1os 1984-1985, por \u00f3rdenes del secretario de Educaci\u00f3n, Jes\u00fas Reyes Heroles y liberado por la intervenci\u00f3n del gobernador Alejandro Cervantes Delgado.<\/p>\n<p>En la actualidad, el panorama se ha modificado radicalmente debido a la aparici\u00f3n de grupos criminales organizados que se disputan palmo a palmo el territorio de la capital del estado, correspondiendo la parte Sur a \u201c<strong>Los Ardillos<\/strong>\u201d y la parte Norte a \u201c<strong>Los Tlacos<\/strong>\u201d. A sangre y fuego defienden sus zonas de influencia para desarrollar operaciones il\u00edcitas y el control de actividades productivas en el Mercado Central \u201cBaltasar R. Leyva Mancilla\u201d y el Rastro Municipal.<\/p>\n<p>La extorsi\u00f3n a comerciantes y transportistas est\u00e1 presente de forma cotidiana y quienes se niegan a pagar \u201c<strong>derecho de piso<\/strong>\u201d, en ese momento, sus vidas corren peligro, tiendo como opci\u00f3n \u201cpagar o cerrar\u201d negocios o establecimiento.<\/p>\n<p>El narcomenudeo ha pasado a segundo plano, pues las actividades productivas econ\u00f3micas les dejan mayor volumen de ganancias, as\u00ed se explica los frecuentes enfrentamientos entre \u201c<strong>Los Ardillos<\/strong>\u201d y \u201c<strong>Los<\/strong> <strong>Tlacos<\/strong>\u201d. Por intervenci\u00f3n del clero pactan treguas que luego rompen.<\/p>\n<p>No conformes, se han inmiscuido y tomado el control de presidencias municipales y \u00e1reas estrat\u00e9gicas, porque resultan m\u00e1s redituables beneficiarse del presupuesto p\u00fablico, a trav\u00e9s de obras y servicios p\u00fablicos y las adquisiciones.<\/p>\n<p>Cuando han visto amenazados sus intereses o la detenci\u00f3n de algunos de sus miembros, han movilizado a miles de ciudadanos y transportistas de diferentes localidades a la ciudad capital.<\/p>\n<p>Omar Garc\u00eda Harfuch, secretario de Seguridad y Protecci\u00f3n Ciudadana (<strong>SSPC<\/strong>), conoce el territorio guerrerense, no se descarte que en cualquier momento puede asestar un fuerte golpe a los grupos delincuenciales de las regiones Centro, La Sierra y La Monta\u00f1a Baja, a fin de pacificar a estos vastos territorios convulsionados.<\/p>\n<p><strong>Marea Baja.-<\/strong> Las artesan\u00edas guerrerenses son muy apreciadas a nivel nacional e internacional como expresiones art\u00edsticas y culturales, importante actividad econ\u00f3mica en municipios ind\u00edgenas, sustento de miles de familias de los pueblos originarios.<\/p>\n<p>Por tal efecto, la gobernadora Evelyn Salgado Pineda, entreg\u00f3 los premios del Concurso <strong>\u201cManos Creadoras 2025\u201d,<\/strong> con la participaci\u00f3n de m\u00e1s de 70 piezas artesanales que reivindican el legado ancestral de la artesan\u00eda guerrerense.<\/p>\n<p>La bolsa de premios ascendi\u00f3 a 450 mil pesos, cifra en aumento a\u00f1o con a\u00f1o. Entre las obras premiadas destacan \u201cLa Navidad\u201d, pintura en papel amate, elaborado por Jos\u00e9 Adri\u00e1n L\u00f3pez Jim\u00e9nez, del Alto Balsas, Tepecoacuilco; \u201cTejedora amuzga \u00a0en telar de cintura\u201d, pieza de plata, cobre y lat\u00f3n, elaborada por Cutberto Jaimes G\u00f3mez de Taxco y la escultura \u201cSentimientos de la Naci\u00f3n\u201d, tallada en madera por Fidel de la Fuente de Teloloapan.<\/p>\n<p><strong>Marea Alta.-<\/strong> Iv\u00e1n Hern\u00e1ndez D\u00edaz, delegado del Bienestar en Guerrero, ya se fastidi\u00f3 de desempe\u00f1arse como tal durante m\u00e1s de cinco a\u00f1os y ahora est\u00e1 abonando el terreno para dar un salto con trampol\u00edn a alg\u00fan cargo de elecci\u00f3n popular por el grupo \u201cNu\u00f1ista\u201d.<\/p>\n<p>Da la impresi\u00f3n que le est\u00e1 tirando a todo, sus aspiraciones pol\u00edticas son grandes y no se conformar\u00eda con alguna alcald\u00eda, diputaci\u00f3n federal o local, sino con \u00a1la gubernatura!, para final de cuentas terminar con reintegro o premio de consolaci\u00f3n.<\/p>\n<p>A eso se debe el aparatoso despliegue en las redes sociales \u201cpromoviendo\u201d cada uno de los programas sociales, cuando se promueven por si solos. Su patrona Ariadna Montiel, secretaria del Bienestar, ignora hasta la fecha el cuantioso derroche de recursos p\u00fablicos que vine realizando Iv\u00e1n Hern\u00e1ndez, incurriendo en delitos electorales por promocionarse a trav\u00e9s de los programas sociales federales, tambi\u00e9n podr\u00eda resultar inhabilitado por la Secretar\u00eda Anticorrupci\u00f3n y Buen Gobierno.<\/p>\n<p><strong>Maremoto.-<\/strong> Quien de plano se salt\u00f3 la barda, el diputado local plurinominal, Pable Am\u00edlcar Sandoval Ballesteros, porque anda como perro en brama tras alg\u00fan \u201chueso\u201d pol\u00edtico en las elecciones del 2027, con el af\u00e1n de continuar medrando del presupuesto p\u00fablico, porque que considera que \u201cvivir fuera del presupuesto, es vivir en el error\u201d, raz\u00f3n por la cual se moviliza para lograr su objetivo con sus palancas en la Ciudad de M\u00e9xico.<\/p>\n<p>En su brev\u00edsima carrera pol\u00edtica, Pablo Am\u00edlcar ya ha sido diputado federal y dos veces diputado local y va por la tercera, si no se le cruza la alcald\u00eda porte\u00f1a porque la sue\u00f1a con delirio seg\u00fan comentan sus cercanos. Pablito quiere clavar un clavito m\u00e1s, aunque se machuque los dedos. Se le recuerda por haber estado vegetando en sus cargos.<\/p>\n<p><em>) <a href=\"http:\/\/fb.me\/steparious\" target=\"_blank\" rel=\"noopener\">fb.me\/steparious<\/a><\/em><br \/>\n<em>) <a href=\"http:\/\/fb.me\/acapulcopress\" target=\"_blank\" rel=\"noopener\">fb.me\/acapulcopress<\/a><\/em><\/p>\n","protected":false},"excerpt":{"rendered":"<p>La hist\u00f3rica ciudad de Chilpancingo, se ha visto convulsionada en diferentes ocasiones por sucesos pol\u00edticos y movimientos sociales<\/p>\n","protected":false},"author":1,"featured_media":1260518,"comment_status":"closed","ping_status":"open","sticky":false,"template":"","format":"standard","meta":{"footnotes":""},"categories":[2071,1991],"tags":[12503,15575],"class_list":["post-1260517","post","type-post","status-publish","format-standard","has-post-thumbnail","hentry","category-opinion-analisis-columnas","category-libertad-de-expresion","tag-maremagnum","tag-ricardo-castillo-barrientos"],"_links":{"self":[{"href":"https:\/\/www.acapulcopress.com\/index.php\/wp-json\/wp\/v2\/posts\/1260517","targetHints":{"allow":["GET"]}}],"collection":[{"href":"https:\/\/www.acapulcopress.com\/index.php\/wp-json\/wp\/v2\/posts"}],"about":[{"href":"https:\/\/www.acapulcopress.com\/index.php\/wp-json\/wp\/v2\/types\/post"}],"author":[{"embeddable":true,"href":"https:\/\/www.acapulcopress.com\/index.php\/wp-json\/wp\/v2\/users\/1"}],"replies":[{"embeddable":true,"href":"https:\/\/www.acapulcopress.com\/index.php\/wp-json\/wp\/v2\/comments?post=1260517"}],"version-history":[{"count":2,"href":"https:\/\/www.acapulcopress.com\/index.php\/wp-json\/wp\/v2\/posts\/1260517\/revisions"}],"predecessor-version":[{"id":1260520,"href":"https:\/\/www.acapulcopress.com\/index.php\/wp-json\/wp\/v2\/posts\/1260517\/revisions\/1260520"}],"wp:featuredmedia":[{"embeddable":true,"href":"https:\/\/www.acapulcopress.com\/index.php\/wp-json\/wp\/v2\/media\/1260518"}],"wp:attachment":[{"href":"https:\/\/www.acapulcopress.com\/index.php\/wp-json\/wp\/v2\/media?parent=1260517"}],"wp:term":[{"taxonomy":"category","embeddable":true,"href":"https:\/\/www.acapulcopress.com\/index.php\/wp-json\/wp\/v2\/categories?post=1260517"},{"taxonomy":"post_tag","embeddable":true,"href":"https:\/\/www.acapulcopress.com\/index.php\/wp-json\/wp\/v2\/tags?post=1260517"}],"curies":[{"name":"wp","href":"https:\/\/api.w.org\/{rel}","templated":true}]}}