{"id":1260545,"date":"2025-10-02T19:13:18","date_gmt":"2025-10-03T01:13:18","guid":{"rendered":"https:\/\/www.acapulcopress.com\/?p=1260545"},"modified":"2025-10-02T19:24:07","modified_gmt":"2025-10-03T01:24:07","slug":"implementa-evelyn-politicas-firmes-en-pro-del-turismo","status":"publish","type":"post","link":"https:\/\/www.acapulcopress.com\/index.php\/2025\/10\/02\/implementa-evelyn-politicas-firmes-en-pro-del-turismo\/","title":{"rendered":"Implementa Evelyn pol\u00edticas firmes en pro del turismo"},"content":{"rendered":"<p>ACAPULCO * 2 de octubre 2025<br \/>\n<em>) Sectur Guerrero<br \/>\n<\/em> \u00abDesde el gobierno del estado seguiremos impulsando pol\u00edticas p\u00fablicas que fortalezcan al turismo, ampliando y diversificando los destinos <a href=\"https:\/\/www.acapulcopress.com\/wp-content\/uploads\/2025\/10\/evelyn-turismo16.jpg\"><img loading=\"lazy\" decoding=\"async\" class=\"alignleft wp-image-1260562 size-cmsmasters-square-thumb\" src=\"https:\/\/www.acapulcopress.com\/wp-content\/uploads\/2025\/10\/evelyn-turismo16-360x360.jpg\" alt=\"\" width=\"360\" height=\"360\" srcset=\"https:\/\/www.acapulcopress.com\/wp-content\/uploads\/2025\/10\/evelyn-turismo16-360x360.jpg 360w, https:\/\/www.acapulcopress.com\/wp-content\/uploads\/2025\/10\/evelyn-turismo16-150x150.jpg 150w, https:\/\/www.acapulcopress.com\/wp-content\/uploads\/2025\/10\/evelyn-turismo16-70x70.jpg 70w\" sizes=\"auto, (max-width: 360px) 100vw, 360px\" \/><\/a>de cada regi\u00f3n, para que nuestro estado se consolide con firmeza como un referente nacional e internacional\u00bb, expres\u00f3 la gobernadora <strong>Evelyn Salgado Pineda<\/strong>, durante la celebraci\u00f3n del <em>D\u00eda Mundial del Turismo<\/em>, en el que se reconoci\u00f3 a quienes se han destacado por su labor en favor de este importante sector.<\/p>\n<p>En el marco de la Tercera Sesi\u00f3n Ordinaria del Subcomit\u00e9 Sectorial de Turismo del <em>Comit\u00e9 de Planeaci\u00f3n para el Desarrollo del Estado de Guerrero (Copladeg)<\/em>, se dio a conocer la aprobaci\u00f3n por unanimidad del Plan Sectorial de Turismo, que marca una nueva ruta hacia la diversificaci\u00f3n y descentralizaci\u00f3n, logrando el impulso de los diferentes destinos de Guerrero.<\/p>\n<p>\u00abDimos un paso hist\u00f3rico en aprobar el nuevo Programa Sectorial de Turismo 2025-2027. Con este nuevo plan, se cristaliza la pol\u00edtica de descentralizaci\u00f3n tur\u00edstica y constituye la piedra angular de todas nuestras acciones para consolidar al turismo en las ocho regiones del estado\u00bb, se\u00f1al\u00f3.<\/p>\n<p>Acompa\u00f1ada por el titular del <em>Fondo Nacional de Fomento al Turismo (Fonatur)<\/em>, <strong>Sebasti\u00e1n Ram\u00edrez Mendoza<\/strong> y del secretario de Turismo del estado, <strong>Sim\u00f3n Qui\u00f1ones Orozco<\/strong>, la mandataria estatal anunci\u00f3 que se mandar\u00e1 la propuesta para institucionalizar el <em>Premio Estatal al M\u00e9rito Tur\u00edstico,<\/em> con el que se reconocer\u00e1 a quienes han desempe\u00f1ado un <a href=\"https:\/\/www.acapulcopress.com\/wp-content\/uploads\/2025\/10\/evelyn-turismo15.jpg\"><img loading=\"lazy\" decoding=\"async\" class=\"alignleft wp-image-1260561 size-cmsmasters-square-thumb\" src=\"https:\/\/www.acapulcopress.com\/wp-content\/uploads\/2025\/10\/evelyn-turismo15-360x360.jpg\" alt=\"\" width=\"360\" height=\"360\" srcset=\"https:\/\/www.acapulcopress.com\/wp-content\/uploads\/2025\/10\/evelyn-turismo15-360x360.jpg 360w, https:\/\/www.acapulcopress.com\/wp-content\/uploads\/2025\/10\/evelyn-turismo15-150x150.jpg 150w, https:\/\/www.acapulcopress.com\/wp-content\/uploads\/2025\/10\/evelyn-turismo15-70x70.jpg 70w\" sizes=\"auto, (max-width: 360px) 100vw, 360px\" \/><\/a>papel preponderante en el sector.<\/p>\n<p>En este marco tambi\u00e9n se entregaron nueve reconocimientos por una vida dedicada al servicio tur\u00edstico y la entrega de 36 certificados a cocineras y cocineros tradicionales. Tambi\u00e9n se otorgaron los Distintivos Nacionales de Calidad Tur\u00edstica a Pueblos M\u00e1gicos y Barrios M\u00e1gicos, destacando el Distintivo Nivel Diamante a Zihuatanejo, siendo el primer destino en obtenerlo.<\/p>\n<p>De igual manera, se dieron los nombramientos Maravillas del Hogar del Sol a Chichihualco, Chilapa, Cuajinicuilapa, Iguala, Ometepec, Pilcaya, Punta Maldonado y Tlapehuala.<\/p>\n<p>En su intervenci\u00f3n, Sebasti\u00e1n Ram\u00edrez Mendoza destac\u00f3 los esfuerzos que encabeza la mandataria estatal para ampliar la visi\u00f3n del turismo, para la descentralizaci\u00f3n, innovaci\u00f3n y renovaci\u00f3n de este importante sector. \u00abCultura y naturaleza son las claves del turismo y las dos las tiene Guerrero y las dos est\u00e1n contempladas en esta nueva pol\u00edtica que impulsa la gobernadora\u00bb, dijo.<\/p>\n<p>Enseguida, se transmiti\u00f3 un video mensaje de la secretaria de Turismo federal, Josefina Rodr\u00edguez Zamora, en donde expres\u00f3 su benepl\u00e1cito por este evento.<\/p>\n<p><a href=\"https:\/\/www.acapulcopress.com\/wp-content\/uploads\/2025\/10\/evelyn-turismo14.jpg\"><img loading=\"lazy\" decoding=\"async\" class=\"alignleft wp-image-1260560 size-cmsmasters-square-thumb\" src=\"https:\/\/www.acapulcopress.com\/wp-content\/uploads\/2025\/10\/evelyn-turismo14-360x360.jpg\" alt=\"\" width=\"360\" height=\"360\" srcset=\"https:\/\/www.acapulcopress.com\/wp-content\/uploads\/2025\/10\/evelyn-turismo14-360x360.jpg 360w, https:\/\/www.acapulcopress.com\/wp-content\/uploads\/2025\/10\/evelyn-turismo14-150x150.jpg 150w, https:\/\/www.acapulcopress.com\/wp-content\/uploads\/2025\/10\/evelyn-turismo14-70x70.jpg 70w\" sizes=\"auto, (max-width: 360px) 100vw, 360px\" \/><\/a>En tanto, el secretario de Turismo en el estado, Sim\u00f3n Qui\u00f1ones, enfatiz\u00f3 todo el trabajo en conjunto, para lograr que, por primera vez, el estado de Guerrero cuente con una diversificaci\u00f3n en su oferta, poniendo \u00e9nfasis en el trabajo de los diferentes destinos. \u00abLuego de 45 a\u00f1os, donde todo se concentraba en un tri\u00e1ngulo, nuestra gobernadora decidi\u00f3 convertirlo en el Hogar del Sol\u00bb, a\u00f1adi\u00f3.<\/p>\n<p>Asistieron a este evento, la presidenta municipal de Acapulco, Abelina L\u00f3pez Rodr\u00edguez; la presidenta de Zihuatanejo, Lizette Tapia Castro; la presidenta del DIF Guerrero, Liz Adriana Salgado Pineda; la diputada presidenta de la Comisi\u00f3n de Turismo del Congreso Local, Glafira Meraza Prudente; el oficial mayor de la Sefina, Ricardo Salinas; el alcalde de Iguala, Erik Catal\u00e1n Rend\u00f3n; el alcalde de Cuajinicuilapa, Hildeberto Salinas Mariche; la presidenta municipal de San Nicol\u00e1s, Tarsila Molina Guzm\u00e1n, as\u00ed como representantes de c\u00e1maras empresariales y organizaciones, entre otros.<\/p>\n<p><em>) <a href=\"http:\/\/fb.me\/steparious\" target=\"_blank\" rel=\"noopener\">fb.me\/steparious<\/a><\/em><br \/>\n<em>)<a href=\"http:\/\/fb.me\/acapulcopress\" target=\"_blank\" rel=\"noopener\"> fb.me\/acapulcopress<\/a><\/em><\/p>\n","protected":false},"excerpt":{"rendered":"<p>\u00abDesde el gobierno del estado seguiremos impulsando pol\u00edticas p\u00fablicas que fortalezcan al turismo, ampliando y diversificando los destinos de cada regi\u00f3n, para que nuestro estado se consolide con firmeza como un referente nacional e internacional\u00bb, expres\u00f3 la gobernadora Evelyn <\/p>\n","protected":false},"author":1,"featured_media":1260563,"comment_status":"closed","ping_status":"open","sticky":false,"template":"","format":"standard","meta":{"footnotes":""},"categories":[1988,18470],"tags":[6221,7245,8251,8780,18809,16115,16634],"class_list":["post-1260545","post","type-post","status-publish","format-standard","has-post-thumbnail","hentry","category-lifestyles","category-turismo","tag-comite-de-planeacion-para-el-desarrollo-del-estado-de-guerrero-copladeg","tag-dia-mundial-del-turismo","tag-evelyn-salgado-pineda","tag-fondo-nacional-de-fomento-al-turismo-fonatur","tag-premio-estatal-al-merito-turistico","tag-sebastian-ramirez-mendoza","tag-simon-quinones-orozco"],"_links":{"self":[{"href":"https:\/\/www.acapulcopress.com\/index.php\/wp-json\/wp\/v2\/posts\/1260545","targetHints":{"allow":["GET"]}}],"collection":[{"href":"https:\/\/www.acapulcopress.com\/index.php\/wp-json\/wp\/v2\/posts"}],"about":[{"href":"https:\/\/www.acapulcopress.com\/index.php\/wp-json\/wp\/v2\/types\/post"}],"author":[{"embeddable":true,"href":"https:\/\/www.acapulcopress.com\/index.php\/wp-json\/wp\/v2\/users\/1"}],"replies":[{"embeddable":true,"href":"https:\/\/www.acapulcopress.com\/index.php\/wp-json\/wp\/v2\/comments?post=1260545"}],"version-history":[{"count":3,"href":"https:\/\/www.acapulcopress.com\/index.php\/wp-json\/wp\/v2\/posts\/1260545\/revisions"}],"predecessor-version":[{"id":1260566,"href":"https:\/\/www.acapulcopress.com\/index.php\/wp-json\/wp\/v2\/posts\/1260545\/revisions\/1260566"}],"wp:featuredmedia":[{"embeddable":true,"href":"https:\/\/www.acapulcopress.com\/index.php\/wp-json\/wp\/v2\/media\/1260563"}],"wp:attachment":[{"href":"https:\/\/www.acapulcopress.com\/index.php\/wp-json\/wp\/v2\/media?parent=1260545"}],"wp:term":[{"taxonomy":"category","embeddable":true,"href":"https:\/\/www.acapulcopress.com\/index.php\/wp-json\/wp\/v2\/categories?post=1260545"},{"taxonomy":"post_tag","embeddable":true,"href":"https:\/\/www.acapulcopress.com\/index.php\/wp-json\/wp\/v2\/tags?post=1260545"}],"curies":[{"name":"wp","href":"https:\/\/api.w.org\/{rel}","templated":true}]}}