{"id":1260572,"date":"2025-10-03T18:30:38","date_gmt":"2025-10-04T00:30:38","guid":{"rendered":"https:\/\/www.acapulcopress.com\/?p=1260572"},"modified":"2025-10-03T18:30:38","modified_gmt":"2025-10-04T00:30:38","slug":"se-afianza-esthela-de-guerrero-pese-a-guerra-sucia","status":"publish","type":"post","link":"https:\/\/www.acapulcopress.com\/index.php\/2025\/10\/03\/se-afianza-esthela-de-guerrero-pese-a-guerra-sucia\/","title":{"rendered":"Se afianza Esthela de Guerrero, pese a guerra sucia\u00a0"},"content":{"rendered":"<p>Marem\u00e1gnum<br \/>\n\u00bb <a href=\"https:\/\/www.facebook.com\/ricardocastill01\" target=\"_blank\" rel=\"noopener\"><strong>RICARDO<\/strong> | <strong>CASTILLO BARRIENTOS<\/strong><\/a><\/p>\n<p>A un a\u00f1o y dos meses de resolverse la candidatura del representante del<em> Movimiento de Regeneraci\u00f3n Nacional (<strong>Morena<\/strong>)<\/em>, a la gubernatura del estado, la efervescencia pol\u00edtica trasciende m\u00e1s all\u00e1 del partido, permeando capas sociales simpatizantes o no, de alg\u00fan o alguna aspirante al m\u00e1s alto cargo de elecci\u00f3n popular en la entidad.<\/p>\n<p>Las <strong>guerras sucias<\/strong> cobran vigencia desde las etapas preelectorales hasta el d\u00eda de la elecci\u00f3n constitucional. Sucede sin embargo, que las contiendas internas son m\u00e1s confrontativas, en particular, entre aspirantes del partido en el poder, pues los aspirantes de partidos minoritarios no representan amenaza al partido dominante.<\/p>\n<p>En este contexto se libra la batalla interna entre aspirantes morenistas, con una despiadada <strong>guerra sucia<\/strong> que salpica a todos, en particular, a quien tiene m\u00e1s posibilidad de alzarse con la candidatura guinda, para dobernar al pueblo de Guerrero, en los siguientes seis a\u00f1os.<\/p>\n<p>En esta semana, las bater\u00edas se enfocaron contra la chilpancingue\u00f1a <strong>Esthela Dami\u00e1n Peralta<\/strong>, subsecretaria de Prevenci\u00f3n de las Violencias de la Secretar\u00eda de Seguridad y Protecci\u00f3n Ciudadana (<strong>SSPC<\/strong>), del gobierno federal, una aspirante <em>in crescendo<\/em>, cada semana aglutina simpatizantes en diferentes municipios, mientras otras y otros suspirantes se mantienen estables o en ca\u00edda libre.<\/p>\n<p>Los argumentos que se manejan en contra de la abogada <strong>Esthela Dam\u00edan<\/strong>, resultan falaces en gran medida porque carecen de sustento, y s\u00ed los hay, se deben a aspectos d\u00e9biles que habr\u00edan de fortalecer para cubrir los flancos de ataques o cr\u00edticas bien intencionadas. Le reclaman que desde su alta posici\u00f3n pol\u00edtica-administrativa da preferencia a otras entidades federativas: Baja California, Sinaloa, Guanajuato, Estado de M\u00e9xico y Tabasco, obedeciendo instrucciones presidenciales por tener los \u00edndices m\u00e1s altos de criminalidad.<\/p>\n<p>El principal se\u00f1alamiento que recurrentemente se hace contra<strong> Esthela<\/strong>, consiste en no haber hecho su carrera pol\u00edtica a nivel local y no aportar al desarrollo estatal, situaci\u00f3n en la que tambi\u00e9n se encuentran los dem\u00e1s aspirantes con trayectoria estatal. No se tiene memoria de un proyecto de trascendencia realizado por alguno de nuestros pr\u00f3ceres aspiracionistas.<\/p>\n<p><strong>Esthela Dami\u00e1n<\/strong> de adolescente acompa\u00f1aba a su padre, el maestro Alfonso Dami\u00e1n Huato, para apoyar a los campesinos de la regi\u00f3n Centro, en sus gestiones para obras sociales y cr\u00e9ditos agropecuarios, en la capital del estado.<\/p>\n<p>Tambi\u00e9n ayudaba de jovencita a su se\u00f1ora madre, do\u00f1a Esthela Peralta, en el restaurante \u201c<strong>Esthelita<\/strong>\u201d, ubicado frente al estacionamiento del ex INEBAN, modesto establecimiento comercial y principal fuente de trabajo familiar. Sobrina del controvertido dirigente empresarial, Pioquinto Dami\u00e1n Huato y hermana de Alfonso Dami\u00e1n Peralta, ex Auditor General del Estado (ASE).<\/p>\n<p>Como infinidad de j\u00f3venes guerrerenses tuvo que marchar a la Ciudad de M\u00e9xico, despu\u00e9s de concluir sus estudios universitarios en la <strong>UAG<\/strong>, en busca de oportunidades acad\u00e9micas y pol\u00edticas, construyendo una exitosa trayectoria pol\u00edtica, incorpor\u00e1ndose al equipo de primer nivel de la ex Jefa de Gobierno y actual Presidenta de M\u00e9xico, doctora Claudia Sheinbaum Pardo.<\/p>\n<p>Las encuestas en su mayor\u00eda <em>cuchareadas<\/em> o <em>patito<\/em>, no la ubican en la mejor posici\u00f3n, pero es la \u00fanica que escala posiciones intermitentes, a ese paso, en un a\u00f1o, podr\u00eda posicionarse y encabezar por amplio margen, las encuestas del Comit\u00e9 Ejecutivo Nacional de <strong>MORENA<\/strong>, resultando la candidata de unidad.<\/p>\n<p><strong>Marea Baja.-<\/strong> Discreta y efectiva labor en apoyo a la ecolog\u00eda y al turismo, vienen realizando los grupos \u201cRaptor Runners\u201d, el Pentatl\u00f3n de Acapulco y la Asociaci\u00f3n Pro Defensa de la Isla La Roqueta. La m\u00e1s reciente actividad consisti\u00f3 en la limpieza del sendero principal de la inigualable Isla La Roqueta, en pleno abandono por la autoridad correspondiente (<strong>SEMARNAT<\/strong>) del gobierno federal.<\/p>\n<p>Las actividades son coordinadas por el ocean\u00f3logo Efr\u00e9n Garcia, quien se ha caracterizado por contribuir a la limpieza marina junto con el biologo marino, Juan Manuel Barnard, tambi\u00e9n fot\u00f3grafo submarino y la ambientalista Viv\u00edan Heredia, quienes han formado un esplendido equipo de trabajo en defensa de la ecolog\u00eda acapulque\u00f1a.<\/p>\n<p><strong>Marea Alta.-<\/strong> Un lector de luxe de esta columna, el maestro Sab\u00e1s Molina, nos dio su opini\u00f3n sobre la entrega anterior de manera l\u00facida y contundente: \u201cNuestro estado, el de antes, fue part\u00edcipe en las luchas por la Independencia y la Revoluci\u00f3n, con personajes ilustres que entregaron sus vidas para un Guerrero y pa\u00eds, con mejores condiciones de libertad, prosperidad y democracia, altos valores que nos dieron identidad\u201d.<\/p>\n<p>Considera el maestro Molina, que actualmente el estado de Guerrero y M\u00e9xico, est\u00e1n sumergidos en la violencia y el miedo a causa de la inseguridad. \u201cLamentablemente el gobierno quiere que nos acostumbremos a esta cultura de la violencia; sin embargo, no podemos ver este fen\u00f3meno como algo natural y acostumbrarnos a lo que sucede es normal, porque estar\u00edamos perdiendo valores: la paz, el amor, el respeto, etc.\u201d<\/p>\n<p><strong>Maremoto.-<\/strong> \u00a12 de octubre no se olvida!, es la consigna hist\u00f3rica conmemorativa del 57 aniversario de la masacre de 1968 en la plaza de las Tres Culturas de Tlatelolco, a pocos d\u00edas de la celebraci\u00f3n de los XIX Juegos Ol\u00edmpicos, en la ciudad de M\u00e9xico, Distrito Federal.<\/p>\n<p>Se desconoce el n\u00famero de v\u00edctimas asesinadas por el Ej\u00e9rcito Mexicano, por \u00f3rdenes del presidente Gustavo D\u00edaz Ordaz, oficialmente se dijo que fueron 75 personas, pero se considera que el n\u00famero de masacrados ascendi\u00f3 a m\u00e1s de 350.<\/p>\n<p>Cada a\u00f1o se recuerda este condenable acontecimiento con el fin de tener presente a los j\u00f3venes estudiantes que participaron en el grandioso movimiento estudiantil-popular, cuyo pliego petitorio conten\u00edan demandas jur\u00eddicas y la libertad de presos pol\u00edticos.<\/p>\n<p><em>) <a href=\"http:\/\/fb.me\/steparious\" target=\"_blank\" rel=\"noopener\">fb.me\/steparious<\/a><\/em><br \/>\n<em>) <a href=\"http:\/\/fb.me\/acapulcopress\" target=\"_blank\" rel=\"noopener\">fb.me\/acapulcopress<\/a><\/em><\/p>\n","protected":false},"excerpt":{"rendered":"<p>A un a\u00f1o y dos meses de resolverse la candidatura del representante del Movimiento de Regeneraci\u00f3n Nacional (Morena)<\/p>\n","protected":false},"author":1,"featured_media":1260573,"comment_status":"closed","ping_status":"open","sticky":false,"template":"","format":"standard","meta":{"footnotes":""},"categories":[2071,1991],"tags":[8176,12503,13344,15575],"class_list":["post-1260572","post","type-post","status-publish","format-standard","has-post-thumbnail","hentry","category-opinion-analisis-columnas","category-libertad-de-expresion","tag-esthela-damian-peralta","tag-maremagnum","tag-movimiento-de-regeneracion-nacional-morena","tag-ricardo-castillo-barrientos"],"_links":{"self":[{"href":"https:\/\/www.acapulcopress.com\/index.php\/wp-json\/wp\/v2\/posts\/1260572","targetHints":{"allow":["GET"]}}],"collection":[{"href":"https:\/\/www.acapulcopress.com\/index.php\/wp-json\/wp\/v2\/posts"}],"about":[{"href":"https:\/\/www.acapulcopress.com\/index.php\/wp-json\/wp\/v2\/types\/post"}],"author":[{"embeddable":true,"href":"https:\/\/www.acapulcopress.com\/index.php\/wp-json\/wp\/v2\/users\/1"}],"replies":[{"embeddable":true,"href":"https:\/\/www.acapulcopress.com\/index.php\/wp-json\/wp\/v2\/comments?post=1260572"}],"version-history":[{"count":1,"href":"https:\/\/www.acapulcopress.com\/index.php\/wp-json\/wp\/v2\/posts\/1260572\/revisions"}],"predecessor-version":[{"id":1260574,"href":"https:\/\/www.acapulcopress.com\/index.php\/wp-json\/wp\/v2\/posts\/1260572\/revisions\/1260574"}],"wp:featuredmedia":[{"embeddable":true,"href":"https:\/\/www.acapulcopress.com\/index.php\/wp-json\/wp\/v2\/media\/1260573"}],"wp:attachment":[{"href":"https:\/\/www.acapulcopress.com\/index.php\/wp-json\/wp\/v2\/media?parent=1260572"}],"wp:term":[{"taxonomy":"category","embeddable":true,"href":"https:\/\/www.acapulcopress.com\/index.php\/wp-json\/wp\/v2\/categories?post=1260572"},{"taxonomy":"post_tag","embeddable":true,"href":"https:\/\/www.acapulcopress.com\/index.php\/wp-json\/wp\/v2\/tags?post=1260572"}],"curies":[{"name":"wp","href":"https:\/\/api.w.org\/{rel}","templated":true}]}}