{"id":1260575,"date":"2025-10-03T19:05:50","date_gmt":"2025-10-04T01:05:50","guid":{"rendered":"https:\/\/www.acapulcopress.com\/?p=1260575"},"modified":"2025-10-03T19:11:41","modified_gmt":"2025-10-04T01:11:41","slug":"jacinto-el-rey-soy-yo","status":"publish","type":"post","link":"https:\/\/www.acapulcopress.com\/index.php\/2025\/10\/03\/jacinto-el-rey-soy-yo\/","title":{"rendered":"Jacinto, \u00abEl Rey Soy YO!!!\u00bb"},"content":{"rendered":"<p>Tercera V\u00eda<br \/>\n\u00bb<a href=\"https:\/\/www.facebook.com\/profile.php?id=100029214670744\" target=\"_blank\" rel=\"noopener\"> <strong>ERNESTO<\/strong> |<strong> RIVERA RODR\u00cdGUEZ<\/strong><\/a><\/p>\n<p><em>*La reforma a la Ley de Amparo, es para proteger al gobierno, No a la ciudadan\u00eda.<\/em><\/p>\n<p><strong>Jacinto Gonzalez Varona<\/strong> es la apolog\u00eda del fascismo sure\u00f1o en morena, as\u00ed en min\u00fasculas, porque as\u00ed es, quien funje como presidente del comit\u00e9 estatal de Morena y el membrete de diputado local, lo que demuestra el racero de un personaje no s\u00f3lo incapaz, sino la muestra de su total aberraci\u00f3n del principio pol\u00edtico que afirma, que \u00ablos partidos pol\u00edticos son instituciones de Utilidad P\u00fablica\u00bb.<\/p>\n<p>Sin duda su realidad pol\u00edtica la vive dentro de una pecera, donde Jacinto como otros lo han convertido en su coto de poder casi \u00abomnimodo\u00bb, actuando como un topo para socavar la libre participaci\u00f3n ciudadana, en un partido c\u00f3mo el que m\u00e1s, que dirigir, \u00abregentea\u00bb de forma y manera unipersonal, pueril y grotesca, al que se debe pagar sus favores, lo cual es del conocimiento p\u00fablico.<\/p>\n<p>M\u00e1s que ciudadanos lo que exige son gente que no piensen, obedientes al estilo de la obra de Orwell, obedientes al mejor estilo de la pieza cr\u00edtica de <em>Pink Floid<\/em> y leales hasta la ignominia, c\u00f3mo lo exige Amlo. Con total lealtad al partido y a \u00e9l mismo.. Gen\u00e9ticamente puros&#8230;<\/p>\n<p>Con ello lo \u00fanico qu\u00e9 demuestra es su temor, los miedos que lo arrebatan dentro de su inseguridad que retratan su personalidad infantil de \u00abEl Rey Soy YO\u00bb, su megalomania, cuando el mismo a dado paso a gente como el expriista Carlos Granda, al expanista Joaqu\u00edn Badi\u013alo Escamilla, a la experredista <strong>Beatriz Mojica Murga<\/strong>, o al expriista <strong>Javier Taja Ram\u00edrez<\/strong> entre muchos otros, hoy morenistas hasta el tu\u00e9tano.<\/p>\n<p>Hoy a puesto en su altar de los indeseables, al excandidato <strong>Yoshio Avila Gonzalez<\/strong>, negandole toda posibilidad de competir por morena, dado que particip\u00f3 en el proceso electoral pasado por Movimiento Ciudadano.<\/p>\n<p>Sobre estos se\u00f1alamientos de Jacinto, Sebastian de la Rosa Pelaez con contundencia expres\u00f3, \u00abqu\u00e9, lo \u00fanico que demuestra con esas actitudes es, su desesperaci\u00f3n para impedir la llegada de un pol\u00edtico muy bien posicionado, como lo es Yoshio Avila.<\/p>\n<p>Amen de calificar de infantiles, inofensivas e inocentes sus declaraciones al tratar de desprestigiar, adem\u00e1s de expresar que la sub Secretar\u00eda de Seguridad <strong>Esthela Damian Peralta<\/strong>, a quien igualmente a convertido en blanco de sus criticas inucuas, frente al firme posicionamiento que ha logrado a ocupar la candidatura del partido guinda al gobierno del estado; a\u00fan sin mencionarlo.<\/p>\n<p>De ella, de Esthela, apuntamos sus palabras sobre el orgullo de pertenecer al equipo de la presidenta Claudia Sheinbaum, ser orgullosamente guerrerense y trabajar por la Paz; muestra su total identidad como sus compromisos pol\u00edtico sociales.<\/p>\n<p>Ser\u00e1 la <em>Comisi\u00f3n de Honor y Justicia<\/em> del CEN- Morena la que califique caso por caso. NO Jacinto.<\/p>\n<p><em>) <a href=\"http:\/\/fb.me\/steparious\" target=\"_blank\" rel=\"noopener\">fb.me\/steparious<\/a><\/em><br \/>\n<em>) <a href=\"http:\/\/fb.me\/acapulcopress\" target=\"_blank\" rel=\"noopener\">fb.me\/acapulcopress<\/a><\/em><\/p>\n","protected":false},"excerpt":{"rendered":"<p>Jacinto Gonzalez Varona es la apolog\u00eda del fascismo sure\u00f1o en morena, as\u00ed en min\u00fasculas, porque as\u00ed es, quien funje como presidente del comit\u00e9 estatal de Morena<\/p>\n","protected":false},"author":1,"featured_media":1260576,"comment_status":"closed","ping_status":"open","sticky":false,"template":"","format":"standard","meta":{"footnotes":""},"categories":[2071,1991],"tags":[4638,8065,8176,10533,10648,18810,17071,18272],"class_list":["post-1260575","post","type-post","status-publish","format-standard","has-post-thumbnail","hentry","category-opinion-analisis-columnas","category-libertad-de-expresion","tag-beatriz-mojica-murga","tag-ernesto-rodriguez-rivera","tag-esthela-damian-peralta","tag-jacinto-gonzalez-varona","tag-javier-taja-ramirez","tag-pink-floid","tag-tercera-via","tag-yoshio-avila-gonzalez"],"_links":{"self":[{"href":"https:\/\/www.acapulcopress.com\/index.php\/wp-json\/wp\/v2\/posts\/1260575","targetHints":{"allow":["GET"]}}],"collection":[{"href":"https:\/\/www.acapulcopress.com\/index.php\/wp-json\/wp\/v2\/posts"}],"about":[{"href":"https:\/\/www.acapulcopress.com\/index.php\/wp-json\/wp\/v2\/types\/post"}],"author":[{"embeddable":true,"href":"https:\/\/www.acapulcopress.com\/index.php\/wp-json\/wp\/v2\/users\/1"}],"replies":[{"embeddable":true,"href":"https:\/\/www.acapulcopress.com\/index.php\/wp-json\/wp\/v2\/comments?post=1260575"}],"version-history":[{"count":3,"href":"https:\/\/www.acapulcopress.com\/index.php\/wp-json\/wp\/v2\/posts\/1260575\/revisions"}],"predecessor-version":[{"id":1260579,"href":"https:\/\/www.acapulcopress.com\/index.php\/wp-json\/wp\/v2\/posts\/1260575\/revisions\/1260579"}],"wp:featuredmedia":[{"embeddable":true,"href":"https:\/\/www.acapulcopress.com\/index.php\/wp-json\/wp\/v2\/media\/1260576"}],"wp:attachment":[{"href":"https:\/\/www.acapulcopress.com\/index.php\/wp-json\/wp\/v2\/media?parent=1260575"}],"wp:term":[{"taxonomy":"category","embeddable":true,"href":"https:\/\/www.acapulcopress.com\/index.php\/wp-json\/wp\/v2\/categories?post=1260575"},{"taxonomy":"post_tag","embeddable":true,"href":"https:\/\/www.acapulcopress.com\/index.php\/wp-json\/wp\/v2\/tags?post=1260575"}],"curies":[{"name":"wp","href":"https:\/\/api.w.org\/{rel}","templated":true}]}}